{"id":28498,"date":"2025-02-16T23:35:32","date_gmt":"2025-02-17T02:35:32","guid":{"rendered":"https:\/\/revistaepocadigital.com.ar\/?p=28498"},"modified":"2025-02-16T23:47:11","modified_gmt":"2025-02-17T02:47:11","slug":"el-suv-mas-barato-de-argentina-en-2025-cuanto-vale","status":"publish","type":"post","link":"https:\/\/revistaepocadigital.com.ar\/?p=28498","title":{"rendered":"El SUV m\u00e1s barato de Argentina en 2025, \u00bfcuanto vale?"},"content":{"rendered":"<div class=\"block-container\">\n<div class=\"board board-article-content\">\n<div class=\"main-article\">\n<header class=\"article-top\">\n<div class=\"epigraph full padding-lr\"><strong>Es uno de los segmentos con m\u00e1s demanda, que sum\u00f3 m\u00e1s jugadores en poco tiempo en el mercado automotor argentino.<\/strong> Nota fuente: <a href=\"https:\/\/www.iprofesional.com\/\"><span style=\"color: #000000;\">iProfesional.com<!--more--><\/span><\/a><\/div>\n<div class=\"date padding-lr\"><\/div>\n<div class=\"image-container img-wide padding-b\"><picture><source class=\"\" srcset=\"https:\/\/resizer.iproimg.com\/unsafe\/360x\/filters:format(webp):quality(85)\/https:\/\/assets.iprofesional.com\/assets\/jpg\/2025\/01\/590130.jpg\" media=\"(max-width:360px)\" data-srcset=\"https:\/\/resizer.iproimg.com\/unsafe\/360x\/filters:format(webp):quality(85)\/https:\/\/assets.iprofesional.com\/assets\/jpg\/2025\/01\/590130.jpg\" \/><source class=\"\" srcset=\"https:\/\/resizer.iproimg.com\/unsafe\/360x\/filters:format(webp):quality(85)\/https:\/\/assets.iprofesional.com\/assets\/jpg\/2025\/01\/590130.jpg\" media=\"(max-width:430px)\" data-srcset=\"https:\/\/resizer.iproimg.com\/unsafe\/360x\/filters:format(webp):quality(85)\/https:\/\/assets.iprofesional.com\/assets\/jpg\/2025\/01\/590130.jpg\" \/><source class=\"\" srcset=\"https:\/\/resizer.iproimg.com\/unsafe\/640x\/filters:format(webp):quality(85)\/https:\/\/assets.iprofesional.com\/assets\/jpg\/2025\/01\/590130.jpg\" media=\"(max-width:956px)\" data-srcset=\"https:\/\/resizer.iproimg.com\/unsafe\/640x\/filters:format(webp):quality(85)\/https:\/\/assets.iprofesional.com\/assets\/jpg\/2025\/01\/590130.jpg\" \/><img decoding=\"async\" class=\"\" src=\"https:\/\/resizer.iproimg.com\/unsafe\/1280x\/filters:format(webp):quality(85)\/https:\/\/assets.iprofesional.com\/assets\/jpg\/2025\/01\/590130.jpg\" alt=\"BASALT\" width=\"1280px\" height=\"720px\" data-src=\"https:\/\/resizer.iproimg.com\/unsafe\/1280x\/filters:format(webp):quality(85)\/https:\/\/assets.iprofesional.com\/assets\/jpg\/2025\/01\/590130.jpg\" \/><\/picture><\/div>\n<div class=\"social padding-lr padding-b\"><\/div>\n<\/header>\n<div class=\"article-content full padding-lr\">\n<p>Los\u00a0<span style=\"color: #000000;\"><a style=\"color: #000000;\" title=\"Ya est\u00e1 a la venta el nuevo auto SUV m\u00e1s barato de Argentina: c\u00f3mo es y cu\u00e1nto sale\" href=\"https:\/\/www.iprofesional.com\/autos\/420597-ya-venden-el-nuevo-auto-suv-mas-barato-de-argentina-precios-y-versiones\" target=\"_blank\" rel=\"noopener noreferrer\">SUV se convirtieron en algunos de los veh\u00edculos m\u00e1s demandados de Argentina<\/a><\/span>, con una gran variedad de modelos para elegir. Este crecimiento fue tal que, en las marcas, fue dando lugar al surgimiento de diferentes subsegmentos que se distinguen tanto por est\u00e9tica como por tama\u00f1o.<\/p>\n<p>En medio de esta gran oferta, uno de los reci\u00e9n llegados al mercado se convirti\u00f3 en el<strong>\u00a0m\u00e1s barato,<\/strong>\u00a0perteneciente a la marca Citro\u00ebn, y disponible en\u00a0<strong>cuatro versiones.<\/strong><\/p>\n<p>Se trata del\u00a0<strong>Basalt, un SUV con est\u00e9tica coup\u00e9\u00a0<\/strong>que se present\u00f3 a fines del a\u00f1o pasado en Brasil, y que se puso a la venta en el arranque de 2025 en el mercado local.<\/p>\n<p>Este nuevo SUV tiene\u00a0<strong>dos opciones de motorizaci\u00f3n\u00a0<\/strong>y cuenta, adem\u00e1s, con una edici\u00f3n especial.<\/p>\n<h2>Cu\u00e1nto sale el SUV m\u00e1s barato<\/h2>\n<p>El nuevo\u00a0<strong>Citro\u00ebn Basalt es el m\u00e1s barato del segmento de los SUV de tama\u00f1o chico,\u00a0<\/strong>con un valor de acceso de gama de<strong>\u00a0$23.050.000.<\/strong><\/p>\n<div class=\"imagen\">\n<p><img loading=\"lazy\" decoding=\"async\" class=\"lazyload loaded\" src=\"https:\/\/resizer.iproimg.com\/unsafe\/filters:format(webp):quality(70)\/https:\/\/assets.iprofesional.com\/assets\/jpg\/2025\/01\/590135.jpg\" alt=\"El nuevo SUV Citro\u00ebn Basalt es el m\u00e1s barato del segmento.\" width=\"1280\" height=\"722\" data-src=\"https:\/\/assets.iprofesional.com\/assets\/jpg\/2025\/01\/590135.jpg\" \/><\/p>\n<div class=\"epigrafe\"><em>El nuevo SUV Citro\u00ebn Basalt es el m\u00e1s barato del segmento<\/em>.<\/div>\n<\/div>\n<p>&nbsp;<\/p>\n<p>Fabricado en Brasil, est<span style=\"color: #000000;\">\u00e1<\/span><a title=\"Anticipo: la venta de autos en el mes de enero alcanzar\u00e1 la mejor marca en 7 a\u00f1os\" href=\"https:\/\/www.iprofesional.com\/autos\/420689-la-venta-autos-enero-2025-marcara-un-record\" target=\"_blank\" rel=\"noopener noreferrer\"><span style=\"color: #000000;\">\u00a0pensado para los pa\u00edses de la regi\u00f3n<\/span><\/a>\u00a0y llega para convertirse en la entrada de gama de la marca, que tambi\u00e9n tiene en la misma categor\u00eda el C3 Aircross, caracterizado por tener espacio para 7 pasajeros, y el C4 Cactus, que se ubica un escal\u00f3n por encima en equipamiento.<\/p>\n<p>El\u00a0<strong>Basalt se ofrece en cuatro versiones:<\/strong><\/p>\n<ul>\n<li>Basalt VTI LIVE PK $23.050.000<\/li>\n<li>Basalt VTI FEEL $24.660.000<\/li>\n<li>Basalt T200 SHINE $28.690.000<\/li>\n<li>Basalt T200 1ST EDITION $29.590.000<\/li>\n<\/ul>\n<p>&nbsp;<\/p>\n<p>Este SUV forma parte del proyecto C-Cubo de Citro\u00ebn, que arranc\u00f3 con el<strong>\u00a0nuevo C3, el C3 Aircross y finalmente Basalt.<\/strong><\/p>\n<h2>C\u00f3mo es el nuevo SUV Basalt<\/h2>\n<p>El Basalt tiene una<strong>\u00a0carrocer\u00eda con est\u00e9tica coup\u00e9,<\/strong>\u00a0con un importante despeje del piso y una distancia entre ejes de 2,64 m que le da m\u00e1s aire y mayores \u00e1ngulos de entrada y salida, aunque no es un veh\u00edculo 4&#215;4.<\/p>\n<p>Con una silueta redondeada, sus l\u00edneas terminan atr\u00e1s con una<strong>\u00a0curva en el ba\u00fal,<\/strong>\u00a0y es para destacar que no pierde espacio para la cabeza de los ocupantes del asiento trasero a pesar de la ca\u00edda del techo.<\/p>\n<div class=\"imagen\">\n<p><img loading=\"lazy\" decoding=\"async\" class=\"lazyload loaded\" src=\"https:\/\/resizer.iproimg.com\/unsafe\/filters:format(webp):quality(70)\/https:\/\/assets.iprofesional.com\/assets\/jpg\/2025\/01\/590136.jpg\" alt=\"El Citro\u00ebn Basalt es un SUV con est\u00e9tica coup\u00e9.\" width=\"1280\" height=\"724\" data-src=\"https:\/\/assets.iprofesional.com\/assets\/jpg\/2025\/01\/590136.jpg\" \/><\/p>\n<div class=\"epigrafe\">El Citro\u00ebn Basalt es un SUV con est\u00e9tica coup\u00e9.<\/div>\n<\/div>\n<p>&nbsp;<\/p>\n<p>Otro aspecto de la est\u00e9tica es que tiene\u00a0<strong>embellecedores a los lados del paragolpes delantero,\u00a0<\/strong>que identifican visualmente las versiones. En su versi\u00f3n FEEL en color Andr\u00e9 Red (llamado as\u00ed por Andr\u00e9 Citro\u00ebn, creador de la marca), mientras que en su versi\u00f3n SHINE adopta el tono ligeramente dorado, denominado Terre Toscane.<\/p>\n<p>Por dentro, lo m\u00e1s destacado es el espacio, con una gran accesibilidad gracias al amplio \u00e1ngulo de apertura de las puertas traseras.<\/p>\n<p>La\u00a0<strong>capacidad de ba\u00fal es de 490 litros,\u00a0<\/strong>que rebatiendo los asientos traseros permite ampliarlo hasta los 1.540 litros.<\/p>\n<h2>Motor y caja del Basalt<\/h2>\n<p>Las dos versiones de acceso de gama, la Live Pack y Feel, tienen el motor VTi de 115 CV y una caja manual de 5 velocidades, mientras que la versi\u00f3n Shine est\u00e1 equipada con el T200 de 120 CV acoplado a una caja autom\u00e1tica del tipo CVT.<\/p>\n<p>Asimismo, la serie especial de lanzamiento denominada 1st Edition tambi\u00e9n posee esta motorizaci\u00f3n T200 con una caja CVT y color distintivo en blanco nacarado y una personalizaci\u00f3n exclusiva.<\/p>\n<h2>Rivales del SUV m\u00e1s barato<\/h2>\n<p>Algunos de los rivales de este modelo, por su est\u00e9tica de SUV coup\u00e9, son Fiat Pulse y Volkswagen Nivus.<\/p>\n<p>En el caso del\u00a0<strong>Fiat Pulse<\/strong>, se ofrece en cinco versiones, con los siguientes precios:<\/p>\n<ul>\n<li>Drive 1.3 MT5: $27.336.000<\/li>\n<li>Drive 1.3 CVT: $28.474.000<\/li>\n<li>Audace 1.0T CVT: $30.768.000<\/li>\n<li>Impetus 1.0T CVT: $31.829.000<\/li>\n<li>Abarth Turbo 270: $33.708.000<\/li>\n<\/ul>\n<p>&nbsp;<\/p>\n<p>En el caso del\u00a0<strong>Volkswagen Nivus<\/strong>, los valores son los siguientes:<\/p>\n<ul>\n<li>170TSI MT MY25: $30.179.700<\/li>\n<li>Trendline 200TSI AT: $32.035.500<\/li>\n<li>Comfortline 200TSI AT: $33.893.300<\/li>\n<li>Highline 200TSI AT : $36.596.900<\/li>\n<li>Outfit 200TSI AT: 37.451.300<\/li>\n<\/ul>\n<p>&nbsp;<\/p>\n<p>Otro modelo con est\u00e9tica SUV coup\u00e9 es el Fiat Fastback, y aunque es del segmento chico, parece m\u00e1s grande por su forma.<\/p>\n<p>En marzo se sumar\u00e1 tambi\u00e9n el nuevo Renault Arkana Hybrid.<\/p>\n<\/div>\n<\/div>\n<\/div>\n<\/div>\n","protected":false},"excerpt":{"rendered":"<p>Es uno de los segmentos con m\u00e1s demanda, que sum\u00f3 m\u00e1s jugadores en poco tiempo en el mercado automotor argentino. Nota fuente: iProfesional.com<\/p>\n","protected":false},"author":3,"featured_media":28501,"comment_status":"open","ping_status":"open","sticky":false,"template":"","format":"standard","meta":{"footnotes":"","jetpack_publicize_message":"","jetpack_publicize_feature_enabled":true,"jetpack_social_post_already_shared":true,"jetpack_social_options":{"image_generator_settings":{"template":"highway","default_image_id":0,"font":"","enabled":false},"version":2}},"categories":[15],"tags":[2996,3059,37],"class_list":["post-28498","post","type-post","status-publish","format-standard","has-post-thumbnail","hentry","category-lo-que-tenes-que-saber","tag-2996","tag-autos-nuevos-modelos","tag-destacada"],"jetpack_publicize_connections":[],"jetpack_featured_media_url":"https:\/\/revistaepocadigital.com.ar\/wp-content\/uploads\/2025\/02\/citro-basal.jpg","jetpack_likes_enabled":true,"_links":{"self":[{"href":"https:\/\/revistaepocadigital.com.ar\/index.php?rest_route=\/wp\/v2\/posts\/28498","targetHints":{"allow":["GET"]}}],"collection":[{"href":"https:\/\/revistaepocadigital.com.ar\/index.php?rest_route=\/wp\/v2\/posts"}],"about":[{"href":"https:\/\/revistaepocadigital.com.ar\/index.php?rest_route=\/wp\/v2\/types\/post"}],"author":[{"embeddable":true,"href":"https:\/\/revistaepocadigital.com.ar\/index.php?rest_route=\/wp\/v2\/users\/3"}],"replies":[{"embeddable":true,"href":"https:\/\/revistaepocadigital.com.ar\/index.php?rest_route=%2Fwp%2Fv2%2Fcomments&post=28498"}],"version-history":[{"count":0,"href":"https:\/\/revistaepocadigital.com.ar\/index.php?rest_route=\/wp\/v2\/posts\/28498\/revisions"}],"wp:featuredmedia":[{"embeddable":true,"href":"https:\/\/revistaepocadigital.com.ar\/index.php?rest_route=\/wp\/v2\/media\/28501"}],"wp:attachment":[{"href":"https:\/\/revistaepocadigital.com.ar\/index.php?rest_route=%2Fwp%2Fv2%2Fmedia&parent=28498"}],"wp:term":[{"taxonomy":"category","embeddable":true,"href":"https:\/\/revistaepocadigital.com.ar\/index.php?rest_route=%2Fwp%2Fv2%2Fcategories&post=28498"},{"taxonomy":"post_tag","embeddable":true,"href":"https:\/\/revistaepocadigital.com.ar\/index.php?rest_route=%2Fwp%2Fv2%2Ftags&post=28498"}],"curies":[{"name":"wp","href":"https:\/\/api.w.org\/{rel}","templated":true}]}}