{"id":28518,"date":"2025-03-09T12:58:51","date_gmt":"2025-03-09T15:58:51","guid":{"rendered":"https:\/\/revistaepocadigital.com.ar\/?p=28518"},"modified":"2025-03-10T23:47:38","modified_gmt":"2025-03-11T02:47:38","slug":"anses-realiza-operativos-de-atencion-en-todo-el-pais-2","status":"publish","type":"post","link":"https:\/\/revistaepocadigital.com.ar\/?p=28518","title":{"rendered":"ANSES REALIZA OPERATIVOS DE ATENCI\u00d3N EN TODO EL PA\u00cdS"},"content":{"rendered":"<p class=\"yiv9083186806MsoNormal\"><b>El organismo dependiente<\/b> del Ministerio de Capital Humano. Enterate los lugares.<!--more--><\/p>\n<p class=\"yiv9083186806MsoNormal\">Hizo saber que recibe consultas y realiza tr\u00e1mites de la Seguridad Social, mediante los operativos de atenci\u00f3n ubicados en diferentes ciudades del pa\u00eds.<\/p>\n<p class=\"yiv9083186806MsoNormal\">Los interesados pueden acercarse con DNI y la documentaci\u00f3n requerida para realizar gestiones sobre la Asignaci\u00f3n Universal por Hijo y por Embarazo, asignaciones familiares y de pago \u00fanico (Nacimiento, Matrimonio y Adopci\u00f3n), presentaci\u00f3n del certificado escolar, Prestaci\u00f3n por Desempleo, Tarifa Social, cambio de lugar de cobro, designaci\u00f3n de apoderados, generaci\u00f3n de Clave de la Seguridad Social, constancia de empadronamiento a una Obra Social, actualizaci\u00f3n de datos personales, entre otras.<\/p>\n<p class=\"yiv9083186806MsoNormal\">Las ubicaciones, los d\u00edas y horarios en los que se desarrollan los operativos pueden consultarse\u00a0<a href=\"https:\/\/www.anses.gob.ar\/operativos-territoriales\" target=\"_blank\" rel=\"nofollow noopener noreferrer\">aqu\u00ed<\/a>.<\/p>\n","protected":false},"excerpt":{"rendered":"<p>El organismo dependiente del Ministerio de Capital Humano. Enterate los lugares.<\/p>\n","protected":false},"author":3,"featured_media":0,"comment_status":"open","ping_status":"open","sticky":false,"template":"","format":"standard","meta":{"footnotes":"","jetpack_publicize_message":"","jetpack_publicize_feature_enabled":true,"jetpack_social_post_already_shared":true,"jetpack_social_options":{"image_generator_settings":{"template":"highway","default_image_id":0,"font":"","enabled":false},"version":2}},"categories":[4],"tags":[21],"class_list":["post-28518","post","type-post","status-publish","format-standard","hentry","category-aqui-los-cardales","tag-anses"],"jetpack_publicize_connections":[],"jetpack_featured_media_url":"","jetpack_likes_enabled":true,"_links":{"self":[{"href":"https:\/\/revistaepocadigital.com.ar\/index.php?rest_route=\/wp\/v2\/posts\/28518","targetHints":{"allow":["GET"]}}],"collection":[{"href":"https:\/\/revistaepocadigital.com.ar\/index.php?rest_route=\/wp\/v2\/posts"}],"about":[{"href":"https:\/\/revistaepocadigital.com.ar\/index.php?rest_route=\/wp\/v2\/types\/post"}],"author":[{"embeddable":true,"href":"https:\/\/revistaepocadigital.com.ar\/index.php?rest_route=\/wp\/v2\/users\/3"}],"replies":[{"embeddable":true,"href":"https:\/\/revistaepocadigital.com.ar\/index.php?rest_route=%2Fwp%2Fv2%2Fcomments&post=28518"}],"version-history":[{"count":0,"href":"https:\/\/revistaepocadigital.com.ar\/index.php?rest_route=\/wp\/v2\/posts\/28518\/revisions"}],"wp:attachment":[{"href":"https:\/\/revistaepocadigital.com.ar\/index.php?rest_route=%2Fwp%2Fv2%2Fmedia&parent=28518"}],"wp:term":[{"taxonomy":"category","embeddable":true,"href":"https:\/\/revistaepocadigital.com.ar\/index.php?rest_route=%2Fwp%2Fv2%2Fcategories&post=28518"},{"taxonomy":"post_tag","embeddable":true,"href":"https:\/\/revistaepocadigital.com.ar\/index.php?rest_route=%2Fwp%2Fv2%2Ftags&post=28518"}],"curies":[{"name":"wp","href":"https:\/\/api.w.org\/{rel}","templated":true}]}}