{"id":28525,"date":"2025-02-20T19:49:58","date_gmt":"2025-02-20T22:49:58","guid":{"rendered":"https:\/\/revistaepocadigital.com.ar\/?p=28525"},"modified":"2025-02-20T19:51:19","modified_gmt":"2025-02-20T22:51:19","slug":"anses-calendario-de-pagos-del-viernes-21-de-febrero","status":"publish","type":"post","link":"https:\/\/revistaepocadigital.com.ar\/?p=28525","title":{"rendered":"ANSES. CALENDARIO DE PAGOS DEL VIERNES 21 DE FEBRERO"},"content":{"rendered":"<div>\n<header class=\"r_BN D_F W_6D6F p_R P_Zjgzuf ir_0\" aria-label=\"Mensaje\">\n<div class=\"o_h D_F em_0 E_fq7 ek_BB\" data-test-id=\"address-info\"><\/div>\n<\/header>\n<\/div>\n<div data-test-id=\"message-body-container\">\n<div class=\"I_ZkbNhI D_FY W_6D6F\" data-test-id=\"message-view-body\">\n<div class=\"msg-body P_wpofO mq_AS\" data-test-id=\"message-view-body-content\">\n<div class=\"jb_0 X_6MGW N_6Fd5\">\n<div id=\"yiv5957350346\">\n<div class=\"yiv5957350346WordSection1\">\n<p class=\"yiv5957350346MsoNormal\" style=\"text-align: left;\" align=\"right\"><strong>NOTA SERVICIO.<!--more--><\/strong><\/p>\n<p class=\"yiv5957350346MsoNormal\" align=\"left\">ANSES, organismo dependiente del Ministerio de Capital Humano, inform\u00f3 que este viernes, finalizan<b>\u00a0<\/b>los pagos de jubilaciones y pensiones m\u00ednimas, Asignaci\u00f3n Universal por Hijo, Asignaci\u00f3n Familiar por Hijo y Asignaci\u00f3n por Embarazo. Todos incluyen el aumento por movilidad del 2,70 por ciento. En tanto, contin\u00faa el cronograma de la Prestaci\u00f3n por Desempleo.<\/p>\n<p class=\"yiv5957350346MsoNormal\"><b>Jubilaciones y pensiones<\/b><\/p>\n<p class=\"yiv5957350346MsoNormal\">Titulares de jubilaciones y pensiones m\u00ednimas con documentos terminados en\u00a0<b>9\u00a0<\/b>cobran su haber m\u00e1s el bono de 70 mil pesos.<\/p>\n<p class=\"yiv5957350346MsoNormal\"><b>\u00a0<\/b><\/p>\n<p class=\"yiv5957350346MsoNormal\"><b>Asignaci\u00f3n Universal por Hijo y Asignaci\u00f3n Familiar por Hijo<\/b><\/p>\n<p class=\"yiv5957350346MsoNormal\">Titulares con documentos finalizados en\u00a0<b>9<\/b>.<\/p>\n<p class=\"yiv5957350346MsoNormal\"><b>Asignaci\u00f3n por Embarazo<\/b><\/p>\n<p class=\"yiv5957350346MsoNormal\">Titulares con documentos terminados en\u00a0<b>9<\/b>.<\/p>\n<p class=\"yiv5957350346MsoNormal\"><b>\u00a0<\/b><\/p>\n<p class=\"yiv5957350346MsoNormal\"><b>Prestaci\u00f3n por Desempleo<\/b><\/p>\n<p class=\"yiv5957350346MsoNormal\">Titulares con documentos finalizados en\u00a0<b>2\u00a0<\/b>y<b>\u00a03<\/b>.<\/p>\n<div>\n<p class=\"yiv5957350346MsoNormal\"><b>\u00bfC\u00f3mo consultar lugar y fecha de cobro?<\/b><\/p>\n<p class=\"yiv5957350346MsoNormal\">1. Desde el sitio web de ANSES, opci\u00f3n\u00a0<a href=\"https:\/\/www.anses.gob.ar\/consultas\/calendario-de-pagos\" target=\"_blank\" rel=\"nofollow noopener noreferrer\"><i>Calendario de pagos<\/i><\/a>.<\/p>\n<p class=\"yiv5957350346MsoNormal\">2. Desde\u00a0<a href=\"https:\/\/servicioscorp.anses.gob.ar\/clavelogon\/logon.aspx?system=miansesv2\" target=\"_blank\" rel=\"nofollow noopener noreferrer\">mi ANSES<\/a><span class=\"yiv5957350346MsoHyperlink\">,\u00a0<\/span>ingresando CUIL y Clave de la Seguridad Social. Ir a\u00a0<i>Cobros<\/i>, opci\u00f3n\u00a0<i>Consultar fecha<\/i>\u00a0<i>y medio de cobro<\/i>.<\/p>\n<p class=\"yiv5957350346MsoNormal\">3. Desde la\u00a0<a href=\"https:\/\/www.anses.gob.ar\/app-mi-anses\" target=\"_blank\" rel=\"nofollow noopener noreferrer\">app mi ANSES<\/a>, ingresando CUIL y Clave de la Seguridad Social. Ir a\u00a0<i>Mis datos<\/i>, opci\u00f3n\u00a0<i>Mis fechas de cobro<\/i>.<\/p>\n<p class=\"yiv5957350346MsoNormal\">4. A trav\u00e9s de la modalidad\u00a0<a href=\"https:\/\/www.anses.gob.ar\/atencion-virtual\" target=\"_blank\" rel=\"nofollow noopener noreferrer\">Atenci\u00f3n Virtual<\/a>, con CUIL y Clave de la Seguridad Social. Ir a\u00a0<i>Iniciar atenci\u00f3n<\/i>,\u00a0<i>Consultas r\u00e1pidas<\/i>,\u00a0<i>Cu\u00e1ndo y d\u00f3nde cobro<\/i>.<\/p>\n<\/div>\n<p class=\"yiv5957350346MsoNormal\">\n<\/div>\n<\/div>\n<\/div>\n<\/div>\n<\/div>\n<\/div>\n<p><!--more--><\/p>\n","protected":false},"excerpt":{"rendered":"<p>NOTA SERVICIO.<\/p>\n","protected":false},"author":3,"featured_media":28526,"comment_status":"open","ping_status":"open","sticky":false,"template":"","format":"standard","meta":{"footnotes":"","jetpack_publicize_message":"","jetpack_publicize_feature_enabled":true,"jetpack_social_post_already_shared":true,"jetpack_social_options":{"image_generator_settings":{"template":"highway","default_image_id":0,"font":"","enabled":false},"version":2}},"categories":[13],"tags":[],"class_list":["post-28525","post","type-post","status-publish","format-standard","has-post-thumbnail","hentry","category-interes-general"],"jetpack_publicize_connections":[],"jetpack_featured_media_url":"https:\/\/revistaepocadigital.com.ar\/wp-content\/uploads\/2025\/02\/ANSESSS.jpgT_.jpg","jetpack_likes_enabled":true,"_links":{"self":[{"href":"https:\/\/revistaepocadigital.com.ar\/index.php?rest_route=\/wp\/v2\/posts\/28525","targetHints":{"allow":["GET"]}}],"collection":[{"href":"https:\/\/revistaepocadigital.com.ar\/index.php?rest_route=\/wp\/v2\/posts"}],"about":[{"href":"https:\/\/revistaepocadigital.com.ar\/index.php?rest_route=\/wp\/v2\/types\/post"}],"author":[{"embeddable":true,"href":"https:\/\/revistaepocadigital.com.ar\/index.php?rest_route=\/wp\/v2\/users\/3"}],"replies":[{"embeddable":true,"href":"https:\/\/revistaepocadigital.com.ar\/index.php?rest_route=%2Fwp%2Fv2%2Fcomments&post=28525"}],"version-history":[{"count":0,"href":"https:\/\/revistaepocadigital.com.ar\/index.php?rest_route=\/wp\/v2\/posts\/28525\/revisions"}],"wp:featuredmedia":[{"embeddable":true,"href":"https:\/\/revistaepocadigital.com.ar\/index.php?rest_route=\/wp\/v2\/media\/28526"}],"wp:attachment":[{"href":"https:\/\/revistaepocadigital.com.ar\/index.php?rest_route=%2Fwp%2Fv2%2Fmedia&parent=28525"}],"wp:term":[{"taxonomy":"category","embeddable":true,"href":"https:\/\/revistaepocadigital.com.ar\/index.php?rest_route=%2Fwp%2Fv2%2Fcategories&post=28525"},{"taxonomy":"post_tag","embeddable":true,"href":"https:\/\/revistaepocadigital.com.ar\/index.php?rest_route=%2Fwp%2Fv2%2Ftags&post=28525"}],"curies":[{"name":"wp","href":"https:\/\/api.w.org\/{rel}","templated":true}]}}