{"id":28528,"date":"2025-02-20T20:38:56","date_gmt":"2025-02-20T23:38:56","guid":{"rendered":"https:\/\/revistaepocadigital.com.ar\/?p=28528"},"modified":"2025-02-20T20:43:31","modified_gmt":"2025-02-20T23:43:31","slug":"marcela-orbelli-impulsa-los-cafe-literarios-se-trata-de-encarar-la-literatura-desde-otra-perspectiva","status":"publish","type":"post","link":"https:\/\/revistaepocadigital.com.ar\/?p=28528","title":{"rendered":"Marcela Orbelli, impulsa los Caf\u00e9 Literarios, &#8220;se trata de encarar la literatura desde otra perspectiva&#8221;"},"content":{"rendered":"<p><strong>Es maestra de educaci\u00f3n primaria, profesora de literatura y escritora. Autora del libro <em>Ra\u00edces Viajeras, cr\u00f3nica de un encuentro<\/em>. Ed. Maxbro. El 8 de marzo, otro Caf\u00e9 Literario en Cardales.<\/strong><!--more--><\/p>\n<p>En los \u00faltimos a\u00f1os ha participado en eventos literarios, como presentaciones de libros, cert\u00e1menes y talleres con autores reconocidos.\u00a0 A su vez, fue convocada en varias oportunidades por CAMPANA AMANECER LITERARIO (CAL), para formar parte del jurado de cert\u00e1menes de escritura. El a\u00f1o anterior fue prejurado de la <em>Primera Marat\u00f3n Epistolar<\/em> organizada por Agustina Caride, ganadora Premio Clar\u00edn 2021. Es<strong> Marcela Orbelli<\/strong> y convers\u00f3 con EPOCA.<\/p>\n<p><strong>-\u00bfQu\u00e9 te ha llevado a organizar los Caf\u00e9 Literarios?<\/strong><\/p>\n<p><em>-Siempre cre\u00ed que la literatura es un hilo que posibilita el encuentro. Ejerc\u00ed la docencia durante casi treinta a\u00f1os, una vez jubilada, sent\u00ed el deseo de encarar la literatura desde otra perspectiva. Fue as\u00ed que, me aventur\u00e9 a pensar que era posible acoger a un grupo de gente que quisiera entrar en el mundo de la ficci\u00f3n, compartir su tiempo con otros y dialogar a partir de diferentes lecturas, y conocer sus miradas. Por eso cre\u00e9 <strong>Litterante.s<\/strong>, un camino hacia las letras<\/em>.<\/p>\n<p><em><strong>Litterante.s<\/strong> es literatura itinerante; \u00bfy que significa ambulante, m\u00f3vil?, alguien que va de un lugar a otro sin permanecer mucho tiempo fijo en un mismo lugar, pero que siempre sigue el camino de las letras.\u00a0<\/em><\/p>\n<p><strong>\u00bfCu\u00e1les son las actividades que propone Litterane.s, y d\u00f3nde se desarrollan?<\/strong><\/p>\n<p><em><strong>&#8211;<\/strong>Litterante.s propone cursos presenciales y online. Actualmente los formatos presenciales se brindan la ciudad de Campana, y a partir de marzo de este a\u00f1o con mucha alegr\u00eda inauguramos un nuevo espacio para el <\/em><strong><em>Caf\u00e9 literario en L\u2019 de Agust\u00edn, en Los Cardales<\/em>.<\/strong><\/p>\n<p><em>Desde el a\u00f1o 2020, coordino <strong>Encuentros literarios y Club de lectura<\/strong>, ambos online. Adem\u00e1s, organizo <strong>la Marat\u00f3n de Escritura y el Caf\u00e9 literario<\/strong> de manera presencial. Peri\u00f3dicamente, en este \u00faltimo planifico la participaci\u00f3n de escritores invitados, para favorecer el contacto autor\/lector. Excepto los <strong>Encuentros literarios<\/strong>, que se desarrollan cuatro veces por mes, el resto se realiza una vez cada 30 d\u00edas.<\/em><\/p>\n<p><strong>-\u00bfCu\u00e1l es el eco que se nota en los asistentes a los Caf\u00e9 Literarios?, y si hablamos de lo que mayor inter\u00e9s despierta?<\/strong><\/p>\n<p><em>-Los que participan en los Caf\u00e9 son personas de diferentes edades, creo que es lo que posibilita la riqueza en los intercambios. Seg\u00fan sus comentarios, destacan que disfrutan de las lecturas de manera relajada, conocen nuevos autores, se divierten, pasan un momento agradable, se enriquecen. Adem\u00e1s, muchos concurren todos los meses, as\u00ed que forman un grupo de pertenencia.\u00a0\u00a0<\/em><\/p>\n<p><img loading=\"lazy\" decoding=\"async\" class=\"aligncenter size-full wp-image-28530\" src=\"https:\/\/revistaepocadigital.com.ar\/wp-content\/uploads\/2025\/02\/cafe.jpg\" alt=\"\" width=\"539\" height=\"601\" srcset=\"https:\/\/revistaepocadigital.com.ar\/wp-content\/uploads\/2025\/02\/cafe.jpg 539w, https:\/\/revistaepocadigital.com.ar\/wp-content\/uploads\/2025\/02\/cafe-269x300.jpg 269w, https:\/\/revistaepocadigital.com.ar\/wp-content\/uploads\/2025\/02\/cafe-377x420.jpg 377w\" sizes=\"auto, (max-width: 539px) 100vw, 539px\" \/><\/p>\n<p><strong>-\u00bfEn qu\u00e9 consiste un Caf\u00e9 Literario, y sobre sus actividades?<\/strong><\/p>\n<p><em>-Es un espacio donde se discuten, analizan y reflexionan obras literarias; se comparten apreciaciones generando diversos puntos de vista, en un entorno donde la naturaleza nos inspira. Adem\u00e1s claro, de compartir un rico caf\u00e9 y muchas sorpresas.\u00a0Antes del encuentro cada uno recibe el material de lectura enviado previamente. No se necesitan conocimientos previos, solo ganas de disfrutar con otros de lo que nos posibilita la lectura.<\/em><\/p>\n<p><strong>-\u00bfLos interesados, en que redes sociales pueden seguirte, y como se contactan para asistir a los Caf\u00e9 Literarios? <\/strong><\/p>\n<p><em>-En Instagram, en @Litterante.s, y para concurrir a los Caf\u00e9 Literarios, pueden ponerse en contacto conmigo por whatsapp: +54348959<\/em><\/p>\n<p><strong>\u00a0<\/strong><strong>Marcela Orbelli,<\/strong> transmite entusiasmo y vocaci\u00f3n por lo que hace, siempre tratando de innovar<em>. \u201cSon encuentros que valen la pena, por eso los invito a participar en el Primer Caf\u00e9 Literario que haremos en Los Cardales, el 8 d<strong>e marzo de 18 a 20 horas en L\u2019 de Agust\u00edn, l<\/strong>os cupos son limitados; los esperamos a todos a que se sumen para formar parte de linda comunidad que es Litterante.s.!\u201d.<\/em><\/p>\n","protected":false},"excerpt":{"rendered":"<p>Es maestra de educaci\u00f3n primaria, profesora de literatura y escritora. Autora del libro Ra\u00edces Viajeras, cr\u00f3nica de un encuentro. Ed. Maxbro. El 8 de marzo, otro Caf\u00e9 Literario en Cardales.<\/p>\n","protected":false},"author":4,"featured_media":28529,"comment_status":"open","ping_status":"open","sticky":false,"template":"","format":"standard","meta":{"footnotes":"","jetpack_publicize_message":"","jetpack_publicize_feature_enabled":true,"jetpack_social_post_already_shared":true,"jetpack_social_options":{"image_generator_settings":{"template":"highway","default_image_id":0,"font":"","enabled":false},"version":2}},"categories":[11],"tags":[2996,3062,3061],"class_list":["post-28528","post","type-post","status-publish","format-standard","has-post-thumbnail","hentry","category-entidades","tag-2996","tag-cafe-literarios","tag-orbelli"],"jetpack_publicize_connections":[],"jetpack_featured_media_url":"https:\/\/revistaepocadigital.com.ar\/wp-content\/uploads\/2025\/02\/muj.jpg","jetpack_likes_enabled":true,"_links":{"self":[{"href":"https:\/\/revistaepocadigital.com.ar\/index.php?rest_route=\/wp\/v2\/posts\/28528","targetHints":{"allow":["GET"]}}],"collection":[{"href":"https:\/\/revistaepocadigital.com.ar\/index.php?rest_route=\/wp\/v2\/posts"}],"about":[{"href":"https:\/\/revistaepocadigital.com.ar\/index.php?rest_route=\/wp\/v2\/types\/post"}],"author":[{"embeddable":true,"href":"https:\/\/revistaepocadigital.com.ar\/index.php?rest_route=\/wp\/v2\/users\/4"}],"replies":[{"embeddable":true,"href":"https:\/\/revistaepocadigital.com.ar\/index.php?rest_route=%2Fwp%2Fv2%2Fcomments&post=28528"}],"version-history":[{"count":0,"href":"https:\/\/revistaepocadigital.com.ar\/index.php?rest_route=\/wp\/v2\/posts\/28528\/revisions"}],"wp:featuredmedia":[{"embeddable":true,"href":"https:\/\/revistaepocadigital.com.ar\/index.php?rest_route=\/wp\/v2\/media\/28529"}],"wp:attachment":[{"href":"https:\/\/revistaepocadigital.com.ar\/index.php?rest_route=%2Fwp%2Fv2%2Fmedia&parent=28528"}],"wp:term":[{"taxonomy":"category","embeddable":true,"href":"https:\/\/revistaepocadigital.com.ar\/index.php?rest_route=%2Fwp%2Fv2%2Fcategories&post=28528"},{"taxonomy":"post_tag","embeddable":true,"href":"https:\/\/revistaepocadigital.com.ar\/index.php?rest_route=%2Fwp%2Fv2%2Ftags&post=28528"}],"curies":[{"name":"wp","href":"https:\/\/api.w.org\/{rel}","templated":true}]}}