{"id":28538,"date":"2025-02-20T22:06:00","date_gmt":"2025-02-21T01:06:00","guid":{"rendered":"https:\/\/revistaepocadigital.com.ar\/?p=28538"},"modified":"2025-02-20T22:11:37","modified_gmt":"2025-02-21T01:11:37","slug":"limpian-el-corredor-de-la-autovia-8-mientras-tanto-hay-quejas-de-vecinos-de-otros-puntos","status":"publish","type":"post","link":"https:\/\/revistaepocadigital.com.ar\/?p=28538","title":{"rendered":"Limpian el corredor de la Autov\u00eda 8, mientras tanto hay quejas de vecinos de otros puntos"},"content":{"rendered":"<div class=\"xdj266r x11i5rnm xat24cr x1mh8g0r x1vvkbs x126k92a\">\n<div dir=\"auto\"><strong>La delegaci\u00f3n municipal de Parada Robles, junto a la empresa ACOOP, comenz\u00f3 con operativos de limpieza en el corredor de la autov\u00eda 8.<\/strong><\/div>\n<div dir=\"auto\"><\/div>\n<\/div>\n<p><!--more--><\/p>\n<div class=\"x11i5rnm xat24cr x1mh8g0r x1vvkbs xtlvy1s x126k92a\">\n<div dir=\"auto\">Los trabajos se realizaban en conjunto y se centraban en la limpieza y la recolecci\u00f3n de poda, con una chipeadora para las ramas y una m\u00e1quina aspiradora y trituradora para los restos del chipeado y de suciedad. Adem\u00e1s, luego de la limpieza de la colectora, se comenzar\u00e1 con el ingreso a los barrios, con la maquinaria y como apoyo al nuevo cami\u00f3n compactador de residuos domiciliarios, adquirido por el municipio a trav\u00e9s de Provincia Leasing, que ya se encuentra trabajando todos los d\u00edas en El Remanso, se hizo saber desde la Delegaci\u00f3n Municipal de Parada Robles, desde donde tambi\u00e9n fue solicitado a los &#8220;vecinos el acompa\u00f1amiento y la responsabilidad, para mantener juntos los espacios comunes limpios y ordenados&#8221;.<\/div>\n<\/div>\n<div dir=\"auto\"><\/div>\n<div dir=\"auto\">Y mientras se avanza con estos trabajos contin\u00faan, se van conociendo inquietudes y quejas de vecinos como los que viven en las inmediaciones de la Escuela en Carlos Lemee, quienes persisten en alertar sobre la peligrosidad en ese tramo de la autov\u00eda 6, ante la falta de alumbrado, gener\u00e1ndose situaciones peligrosas, incluso para los chicos que concurren a la escuela.<\/div>\n<div dir=\"auto\"><\/div>\n<div dir=\"auto\">Otros vecinos en tanto, quienes viven en Capilla del Se\u00f1or, no ocultan su malestar por la discontinua labor que, afirman, cumple personal municipal abocado al ordenamiento del tr\u00e1nsito vehicular, a quienes dicen otros vecinos, s\u00f3lo se los nota en horarios matinales pico.<\/div>\n","protected":false},"excerpt":{"rendered":"<p>La delegaci\u00f3n municipal de Parada Robles, junto a la empresa ACOOP, comenz\u00f3 con operativos de limpieza en el corredor de la autov\u00eda 8.<\/p>\n","protected":false},"author":3,"featured_media":28551,"comment_status":"open","ping_status":"open","sticky":false,"template":"","format":"standard","meta":{"footnotes":"","jetpack_publicize_message":"","jetpack_publicize_feature_enabled":true,"jetpack_social_post_already_shared":true,"jetpack_social_options":{"image_generator_settings":{"template":"highway","default_image_id":0,"font":"","enabled":false},"version":2}},"categories":[5],"tags":[3064,3065],"class_list":["post-28538","post","type-post","status-publish","format-standard","has-post-thumbnail","hentry","category-aqui-parada-robles","tag-corredor-ruta-8","tag-quejas-vecinos"],"jetpack_publicize_connections":[],"jetpack_featured_media_url":"https:\/\/revistaepocadigital.com.ar\/wp-content\/uploads\/2025\/02\/muni-obra.jpg","jetpack_likes_enabled":true,"_links":{"self":[{"href":"https:\/\/revistaepocadigital.com.ar\/index.php?rest_route=\/wp\/v2\/posts\/28538","targetHints":{"allow":["GET"]}}],"collection":[{"href":"https:\/\/revistaepocadigital.com.ar\/index.php?rest_route=\/wp\/v2\/posts"}],"about":[{"href":"https:\/\/revistaepocadigital.com.ar\/index.php?rest_route=\/wp\/v2\/types\/post"}],"author":[{"embeddable":true,"href":"https:\/\/revistaepocadigital.com.ar\/index.php?rest_route=\/wp\/v2\/users\/3"}],"replies":[{"embeddable":true,"href":"https:\/\/revistaepocadigital.com.ar\/index.php?rest_route=%2Fwp%2Fv2%2Fcomments&post=28538"}],"version-history":[{"count":0,"href":"https:\/\/revistaepocadigital.com.ar\/index.php?rest_route=\/wp\/v2\/posts\/28538\/revisions"}],"wp:featuredmedia":[{"embeddable":true,"href":"https:\/\/revistaepocadigital.com.ar\/index.php?rest_route=\/wp\/v2\/media\/28551"}],"wp:attachment":[{"href":"https:\/\/revistaepocadigital.com.ar\/index.php?rest_route=%2Fwp%2Fv2%2Fmedia&parent=28538"}],"wp:term":[{"taxonomy":"category","embeddable":true,"href":"https:\/\/revistaepocadigital.com.ar\/index.php?rest_route=%2Fwp%2Fv2%2Fcategories&post=28538"},{"taxonomy":"post_tag","embeddable":true,"href":"https:\/\/revistaepocadigital.com.ar\/index.php?rest_route=%2Fwp%2Fv2%2Ftags&post=28538"}],"curies":[{"name":"wp","href":"https:\/\/api.w.org\/{rel}","templated":true}]}}