{"id":2854,"date":"2019-07-09T11:35:16","date_gmt":"2019-07-09T14:35:16","guid":{"rendered":"https:\/\/revistaepocadigital.com.ar\/?p=2854"},"modified":"2019-07-09T11:45:35","modified_gmt":"2019-07-09T14:45:35","slug":"la-muerte-de-de-la-rua","status":"publish","type":"post","link":"https:\/\/revistaepocadigital.com.ar\/?p=2854","title":{"rendered":"LA MUERTE DE DE LA R\u00daA"},"content":{"rendered":"<p><strong>FALLECIO EL EX-PRESIDENTE.<\/strong><!--more--><\/p>\n<p><strong>Fernando De la R\u00faa,<\/strong> falleci\u00f3 luego de permanecer internado varios d\u00edas. Sus restos eran velados en el Congreso y fueron decretados tres d\u00edas de duelo nacional. El velatorio ten\u00eda lugar en el Sal\u00f3n de los Pasos Perdidos y el sepelio se realizar\u00e1 en el cementerio privado Parque Memorial en Pilar.<\/p>\n<p>De 81 a\u00f1os, De la R\u00faa estuvo internado en el Instituto de Rehabilitaci\u00f3n Fleni en Escobar, y falleci\u00f3 en la madrugada de este martes como consecuencia de una descomposici\u00f3n card\u00edaca y renal.<\/p>\n<p>Fernando De la R\u00faa se convirti\u00f3 en una figura de referencia en la pol\u00edtica argentina en 1973, cuando a sus 36 a\u00f1os gan\u00f3 su primera elecci\u00f3n como senador por la ciudad de buenos aires como candidato de la\u00a0 Uni\u00f3n C\u00edvica Radical. Ese mismo a\u00f1o De la R\u00faa enfrent\u00f3 en las urnas al propio Juan Domingo Per\u00f3n como candidato a vicepresidente del l\u00edder de su partido, Ricardo Balb\u00edn.<\/p>\n<p>En aquella oportunidad, pudo haber sido elegido como vicepresidente pero sufri\u00f3 su primera derrota electoral ante la formula Per\u00f3n-Per\u00f3n, integrada por Juan Domingo y su esposa Mar\u00eda Estela Mart\u00ednez. Tres a\u00f1os despu\u00e9s, ese gobierno peronista fue interrumpido por un golpe militar, que seg\u00fan la Comisi\u00f3n Nacional de Desaparici\u00f3n de Personas dej\u00f3 cerca de 9.000 desaparecidos o hasta 30.000 seg\u00fan algunas organizaciones de derechos humanos.<\/p>\n<p><img loading=\"lazy\" decoding=\"async\" class=\"aligncenter size-full wp-image-2859\" src=\"https:\/\/revistaepocadigital.com.ar\/wp-content\/uploads\/2019\/07\/de-la-rua1.jpg\" alt=\"\" width=\"640\" height=\"427\" srcset=\"https:\/\/revistaepocadigital.com.ar\/wp-content\/uploads\/2019\/07\/de-la-rua1.jpg 640w, https:\/\/revistaepocadigital.com.ar\/wp-content\/uploads\/2019\/07\/de-la-rua1-300x200.jpg 300w, https:\/\/revistaepocadigital.com.ar\/wp-content\/uploads\/2019\/07\/de-la-rua1-630x420.jpg 630w\" sizes=\"auto, (max-width: 640px) 100vw, 640px\" \/><\/p>\n<p>Tras la vuelta de la democracia, De la R\u00faa continu\u00f3 su carrera pol\u00edtica como senador y diputado, para volver a hacer historia en 1996 como el primer alcalde de la ciudad de Buenos Aires elegido por voto popular. As\u00ed accedi\u00f3 a su primer cargo ejecutivo que no lleg\u00f3 a completar porque la contienda presidencial lo convoc\u00f3 una vez m\u00e1s.<\/p>\n<p>Despu\u00e9s de 10 a\u00f1os de Carlos Menem al frente del pa\u00eds, De la R\u00faa logr\u00f3 vencer al peronismo en octubre de 1999, para al poder mediante un gobierno de coalici\u00f3n:\u00a0 la alianza para el trabajo, la justicia y la educaci\u00f3n. Pero justamente esa misma coalici\u00f3n le trajo problemas.<\/p>\n<p>De la R\u00faa sufri\u00f3 la falta de apoyo de sus aliados y a los 11 meses de comenzado su mandato, su vicepresidente Carlos \u201cChacho\u201d \u00c1lvarez renunci\u00f3. Sumado a eso, la econom\u00eda tampoco le funcion\u00f3. Recurri\u00f3 al FMI para hacer frente a la deuda externa del pa\u00eds, sanear las cuentas p\u00fablicas y alcanzar el deficit cero pero la desconfianza en argentina para ese entonces era muy fuerte, y en diciembre de 2001 comenz\u00f3 a tocar fondo con el llamado \u201ccorralito\u201d.<\/p>\n<div id=\"attachment_670381\" class=\"wp-caption alignnone\">Fuente: CNN en Espa\u00f1ol.<\/div>\n","protected":false},"excerpt":{"rendered":"<p>FALLECIO EL EX-PRESIDENTE.<\/p>\n","protected":false},"author":4,"featured_media":2855,"comment_status":"open","ping_status":"open","sticky":false,"template":"","format":"standard","meta":{"footnotes":"","jetpack_publicize_message":"","jetpack_publicize_feature_enabled":true,"jetpack_social_post_already_shared":false,"jetpack_social_options":{"image_generator_settings":{"template":"highway","default_image_id":0,"font":"","enabled":false},"version":2}},"categories":[17],"tags":[403,404,405],"class_list":["post-2854","post","type-post","status-publish","format-standard","has-post-thumbnail","hentry","category-politica","tag-de-la-rua","tag-ex-presidente","tag-fallecimiento"],"jetpack_publicize_connections":[],"jetpack_featured_media_url":"https:\/\/revistaepocadigital.com.ar\/wp-content\/uploads\/2019\/07\/de-la-rua.jpg","jetpack_likes_enabled":true,"_links":{"self":[{"href":"https:\/\/revistaepocadigital.com.ar\/index.php?rest_route=\/wp\/v2\/posts\/2854","targetHints":{"allow":["GET"]}}],"collection":[{"href":"https:\/\/revistaepocadigital.com.ar\/index.php?rest_route=\/wp\/v2\/posts"}],"about":[{"href":"https:\/\/revistaepocadigital.com.ar\/index.php?rest_route=\/wp\/v2\/types\/post"}],"author":[{"embeddable":true,"href":"https:\/\/revistaepocadigital.com.ar\/index.php?rest_route=\/wp\/v2\/users\/4"}],"replies":[{"embeddable":true,"href":"https:\/\/revistaepocadigital.com.ar\/index.php?rest_route=%2Fwp%2Fv2%2Fcomments&post=2854"}],"version-history":[{"count":0,"href":"https:\/\/revistaepocadigital.com.ar\/index.php?rest_route=\/wp\/v2\/posts\/2854\/revisions"}],"wp:featuredmedia":[{"embeddable":true,"href":"https:\/\/revistaepocadigital.com.ar\/index.php?rest_route=\/wp\/v2\/media\/2855"}],"wp:attachment":[{"href":"https:\/\/revistaepocadigital.com.ar\/index.php?rest_route=%2Fwp%2Fv2%2Fmedia&parent=2854"}],"wp:term":[{"taxonomy":"category","embeddable":true,"href":"https:\/\/revistaepocadigital.com.ar\/index.php?rest_route=%2Fwp%2Fv2%2Fcategories&post=2854"},{"taxonomy":"post_tag","embeddable":true,"href":"https:\/\/revistaepocadigital.com.ar\/index.php?rest_route=%2Fwp%2Fv2%2Ftags&post=2854"}],"curies":[{"name":"wp","href":"https:\/\/api.w.org\/{rel}","templated":true}]}}