{"id":28562,"date":"2025-02-25T00:20:23","date_gmt":"2025-02-25T03:20:23","guid":{"rendered":"https:\/\/revistaepocadigital.com.ar\/?p=28562"},"modified":"2025-02-25T02:19:54","modified_gmt":"2025-02-25T05:19:54","slug":"el-papa-francisco-con-una-insuficiencia-renal-leve-y-seguia-en-estado-critico","status":"publish","type":"post","link":"https:\/\/revistaepocadigital.com.ar\/?p=28562","title":{"rendered":"El Papa Francisco. Mejor\u00f3 su estado luego de la insuficiencia renal leve"},"content":{"rendered":"<p><strong>INTERNADO EN EL HOSPITAL GEMELLI DE ROMA. MOSTR\u00d3 UNA MEJOR\u00cdA.<\/strong><!--more--><\/p>\n<p>El Papa Francisco continuaba en estado delicado en el hospital Gemelli de Roma, aunque no ha tenido nuevas crisis respiratorias, \u201cpero algunos an\u00e1lisis de sangre muestran una insuficiencia renal inicial leve, actualmente bajo control\u201d, seg\u00fan el parte m\u00e9dico difundido (23-2)por el Vaticano.<\/p>\n<p>Al pont\u00edfice, ingresado desde el pasado 14 de febrero con una neumon\u00eda bilateral, se le suministraron dos unidades de concentrado de gl\u00f3bulos rojos que supusieron el aumento del valor de hemoglobina, a\u00f1ade el parte m\u00e9dico hecho p\u00fablico este domingo.<\/p>\n<p>La trombocitopenia, es decir, el nivel bajo de las plaquetas que se le detect\u00f3 el s\u00e1bado, \u201cse mantuvo estable\u201d, explicaron las fuentes.<\/p>\n<p>\u201cSin embargo \u2014a\u00f1adieron\u2014 algunos an\u00e1lisis de sangre muestran una insuficiencia renal inicial leve, actualmente bajo control\u201d.<\/p>\n<p>La terapia de ox\u00edgeno de alto flujo contin\u00faa a trav\u00e9s de c\u00e1nulas nasales, despu\u00e9s de que este s\u00e1bado el papa tuviese una crisis respiratoria.<\/p>\n<p>El Papa continuab alerta y bien orientado, a\u00f1adi\u00f3 el parte m\u00e9dico.<\/p>\n<p>\u201cLa complejidad del cuadro cl\u00ednico y la espera necesaria para que las terapias farmacol\u00f3gicas den alguna respuesta obligan a que el pron\u00f3stico siga siendo reservado\u201d, agregaron las fuentes.<\/p>\n<p>Velas encendidas cerca de fotos<br \/>\nVelas encendidas cerca de fotos del papa Francisco ante la Policl\u00ednica Agostino Gemelli en Roma, el martes 23 de febrero de 2025, donde est\u00e1 hospitalizado Francisco desde el 14 de febrero.Durante la ma\u00f1ana, en el apartamento habilitado en el piso 10 del centro sanitario, Francisco particip\u00f3 en la misa junto a quienes lo cuidan durante estos d\u00edas de hospitalizaci\u00f3n.<\/p>\n<p>El argentino, de 88 a\u00f1os, transmiti\u00f3 un mensaje de esperanza y confianza tras su noveno d\u00eda consecutivo en el hospital Gemelli.<\/p>\n<p>\u201cEstoy continuando con confianza mi hospitalizaci\u00f3n en el Hospital Gemelli, siguiendo el tratamiento necesario \u2014 \u00a1y el descanso tambi\u00e9n es parte de la terapia!\u201d, indic\u00f3 el Papa en el mensaje que envi\u00f3 para el \u00c1ngelus de este domingo, que seg\u00fan fuentes del Vaticano, fue redactado en los \u00faltimos d\u00edas.<\/p>\n<p>El pont\u00edfice se encuentra bajo atenci\u00f3n m\u00e9dica debido a una complicada infecci\u00f3n pulmonar, lo que gener\u00f3 preocupaci\u00f3n entre los fieles y observadores internacionales. A pesar de su hospitalizaci\u00f3n, Francisco expres\u00f3 su optimismo y disposici\u00f3n para seguir adelante con el proceso de recuperaci\u00f3n.<\/p>\n<p>Tambi\u00e9n, agradeci\u00f3 los mensajes de apoyo que recibi\u00f3 durante su internamiento, destacando especialmente las cartas y dibujos de los ni\u00f1os: \u201cEn estos d\u00edas he recibido muchos mensajes de afecto y me han llamado especialmente la atenci\u00f3n las cartas y los dibujos de los ni\u00f1os. \u00a1Gracias por esta cercan\u00eda y por las oraciones de consuelo que he recibido de todo el mundo! Les encomiendo a todos a la intercesi\u00f3n de Mar\u00eda y les pido que recen por m\u00ed\u201d.<\/p>\n<p>En el mismo comunicado, el Papa se refiri\u00f3 a la conmemoraci\u00f3n del tercer aniversario de la invasi\u00f3n rusa de Ucrania, calificando este aniversario como una \u201cocasi\u00f3n dolorosa y vergonzosa para toda la humanidad\u201d.<\/p>\n<p>Adem\u00e1s, reiter\u00f3 su cercan\u00eda con el pueblo ucraniano y extendi\u00f3 su invitaci\u00f3n a orar por la paz en otras regiones afectadas por conflictos armados: \u201cAl mismo tiempo que reitero mi cercan\u00eda al sufrido pueblo ucraniano, los invito a recordar a las v\u00edctimas de todos los conflictos armados y a orar por el don de la paz en Palestina, en Israel y en todo Oriente Medio, en Myanmar, en Kivu y en Sud\u00e1n\u201d.<\/p>\n<p>Crisis respiratoria asm\u00e1tica<br \/>\nEl doctor Alejandro Videla, m\u00e9dico neumon\u00f3logo y expresidente de la Asociaci\u00f3n Argentina de Medicina Respiratoria (AAMR), explic\u00f3 a Infobae qu\u00e9 implica el cuadro respiratorio que cursa el Papa, seg\u00fan los detales del \u00faltimo parte difundido por la Santa Sede.<\/p>\n<p>\u201cSe ha informado que el Papa sufre de asma y de bronquiectasias, es decir, que tiene enfermedades respiratorias obstructivas. Cuando una persona con esas condiciones sufre una infecci\u00f3n respiratoria, como en este caso, una neumon\u00eda, es plausible que eso le despierte inflamaci\u00f3n y que genere obstrucci\u00f3n bronquial, producci\u00f3n de moco y empeoramiento respiratorio\u201c, se\u00f1al\u00f3 Videla.<\/p>\n<p>El s\u00edntoma reportado por el Vaticano, en el que el Papa mostr\u00f3 incapacidad para hablar, es considerado uno de los indicadores de gravedad en estos cuadros.<\/p>\n<p>En tanto, la doctora Ana Mar\u00eda Putruele, jefa de Neumonolog\u00eda del Hospital de Cl\u00ednicas de la Universidad de Buenos Aires (UBA), precis\u00f3 a Infobae que \u201cel Papa tiene bronquiectasias, que es la dilataci\u00f3n de los bronquios, secuelas de infecciones respiratorias previas, en especial de infecciones tuberculosas. Esto provoca una hiperreactividad bronquial, que es sin\u00f3nimo de asma y bronquitis a repetici\u00f3n&#8221;.<\/p>\n<p>Este tipo de crisis asm\u00e1tica prolongada no es infrecuente en personas con antecedentes de enfermedades respiratorias obstructivas, como el Papa, quien a los 20 a\u00f1os sufri\u00f3 la extirpaci\u00f3n del l\u00f3bulo superior del pulm\u00f3n derecho.<\/p>\n<p>En estos casos, el uso de ox\u00edgeno de alto flujo, por lo tanto, se convierte en una intervenci\u00f3n clave para revertir la ca\u00edda significativa de ox\u00edgeno en sangre, como explic\u00f3 el doctor Videla.<\/p>\n<p>nota publicada en Infobae.com con informaci\u00f3n de EFE y AFP<\/p>\n<p>&nbsp;<\/p>\n","protected":false},"excerpt":{"rendered":"<p>INTERNADO EN EL HOSPITAL GEMELLI DE ROMA. MOSTR\u00d3 UNA MEJOR\u00cdA.<\/p>\n","protected":false},"author":3,"featured_media":28563,"comment_status":"open","ping_status":"open","sticky":false,"template":"","format":"standard","meta":{"footnotes":"","jetpack_publicize_message":"","jetpack_publicize_feature_enabled":true,"jetpack_social_post_already_shared":true,"jetpack_social_options":{"image_generator_settings":{"template":"highway","default_image_id":0,"font":"","enabled":false},"version":2}},"categories":[13],"tags":[1022,3068],"class_list":["post-28562","post","type-post","status-publish","format-standard","has-post-thumbnail","hentry","category-interes-general","tag-papa-francisco","tag-su-salud"],"jetpack_publicize_connections":[],"jetpack_featured_media_url":"https:\/\/revistaepocadigital.com.ar\/wp-content\/uploads\/2025\/02\/PAPA-FRA.avif","jetpack_likes_enabled":true,"_links":{"self":[{"href":"https:\/\/revistaepocadigital.com.ar\/index.php?rest_route=\/wp\/v2\/posts\/28562","targetHints":{"allow":["GET"]}}],"collection":[{"href":"https:\/\/revistaepocadigital.com.ar\/index.php?rest_route=\/wp\/v2\/posts"}],"about":[{"href":"https:\/\/revistaepocadigital.com.ar\/index.php?rest_route=\/wp\/v2\/types\/post"}],"author":[{"embeddable":true,"href":"https:\/\/revistaepocadigital.com.ar\/index.php?rest_route=\/wp\/v2\/users\/3"}],"replies":[{"embeddable":true,"href":"https:\/\/revistaepocadigital.com.ar\/index.php?rest_route=%2Fwp%2Fv2%2Fcomments&post=28562"}],"version-history":[{"count":0,"href":"https:\/\/revistaepocadigital.com.ar\/index.php?rest_route=\/wp\/v2\/posts\/28562\/revisions"}],"wp:featuredmedia":[{"embeddable":true,"href":"https:\/\/revistaepocadigital.com.ar\/index.php?rest_route=\/wp\/v2\/media\/28563"}],"wp:attachment":[{"href":"https:\/\/revistaepocadigital.com.ar\/index.php?rest_route=%2Fwp%2Fv2%2Fmedia&parent=28562"}],"wp:term":[{"taxonomy":"category","embeddable":true,"href":"https:\/\/revistaepocadigital.com.ar\/index.php?rest_route=%2Fwp%2Fv2%2Fcategories&post=28562"},{"taxonomy":"post_tag","embeddable":true,"href":"https:\/\/revistaepocadigital.com.ar\/index.php?rest_route=%2Fwp%2Fv2%2Ftags&post=28562"}],"curies":[{"name":"wp","href":"https:\/\/api.w.org\/{rel}","templated":true}]}}