{"id":28568,"date":"2025-03-09T01:02:37","date_gmt":"2025-03-09T04:02:37","guid":{"rendered":"https:\/\/revistaepocadigital.com.ar\/?p=28568"},"modified":"2025-03-10T23:52:48","modified_gmt":"2025-03-11T02:52:48","slug":"un-vino-mendocino-a-la-formula-1","status":"publish","type":"post","link":"https:\/\/revistaepocadigital.com.ar\/?p=28568","title":{"rendered":"UN VINO MENDOCINO A LA F\u00d3RMULA 1"},"content":{"rendered":"<div class=\"xdj266r x11i5rnm xat24cr x1mh8g0r x1vvkbs x126k92a\">\n<div dir=\"auto\"><img loading=\"lazy\" decoding=\"async\" class=\"aligncenter size-full wp-image-28571\" src=\"https:\/\/revistaepocadigital.com.ar\/wp-content\/uploads\/2025\/02\/Terrazas-scaled-e1739980312505-780x470-1.webp\" alt=\"\" width=\"780\" height=\"470\" srcset=\"https:\/\/revistaepocadigital.com.ar\/wp-content\/uploads\/2025\/02\/Terrazas-scaled-e1739980312505-780x470-1.webp 780w, https:\/\/revistaepocadigital.com.ar\/wp-content\/uploads\/2025\/02\/Terrazas-scaled-e1739980312505-780x470-1-300x181.webp 300w, https:\/\/revistaepocadigital.com.ar\/wp-content\/uploads\/2025\/02\/Terrazas-scaled-e1739980312505-780x470-1-768x463.webp 768w, https:\/\/revistaepocadigital.com.ar\/wp-content\/uploads\/2025\/02\/Terrazas-scaled-e1739980312505-780x470-1-696x419.webp 696w, https:\/\/revistaepocadigital.com.ar\/wp-content\/uploads\/2025\/02\/Terrazas-scaled-e1739980312505-780x470-1-697x420.webp 697w\" sizes=\"auto, (max-width: 780px) 100vw, 780px\" \/><\/div>\n<\/div>\n<div class=\"x11i5rnm xat24cr x1mh8g0r x1vvkbs xtlvy1s x126k92a\">\n<div dir=\"auto\"><strong>EN LA RECIENTE PRESENTACI\u00d3N DE EQUIPOS Y PILOTO 2025 EN LONDRES.<\/strong><\/div>\n<div dir=\"auto\"><\/div>\n<div dir=\"auto\">. Se trat\u00f3 de una ceremonia que en la que las escuder\u00edas presentaron los autos para este a\u00f1o, frente a figuras mundiales del automovilismo, pilotos y dem\u00e1s personalidades.<\/div>\n<\/div>\n<p><!--more--><\/p>\n<div class=\"x11i5rnm xat24cr x1mh8g0r x1vvkbs xtlvy1s x126k92a\">\n<div dir=\"auto\">Sin embargo, hubo un detalle que no pas\u00f3 desapercibido para los argentinos que segu\u00edan la trasmisi\u00f3n en vivo del evento: en las mesas de los invitados hab\u00eda un vino mendocino.<\/div>\n<\/div>\n<div class=\"x11i5rnm xat24cr x1mh8g0r x1vvkbs xtlvy1s x126k92a\">\n<div dir=\"auto\">La bodega que lleg\u00f3 a la F\u00f3rmula 1 fue Terrazas de los Andes, ubicada en Valle de Uco. En una entrevista con el famoso chef brit\u00e1nico Gordon Ramsay, se pudo ver la botella y la etiqueta del vino de fondo.<\/div>\n<\/div>\n","protected":false},"excerpt":{"rendered":"<p>EN LA RECIENTE PRESENTACI\u00d3N DE EQUIPOS Y PILOTO 2025 EN LONDRES. . Se trat\u00f3 de una ceremonia que en la que las escuder\u00edas presentaron los autos para este a\u00f1o, frente a figuras mundiales del automovilismo, pilotos y dem\u00e1s personalidades.<\/p>\n","protected":false},"author":4,"featured_media":28572,"comment_status":"open","ping_status":"open","sticky":false,"template":"","format":"standard","meta":{"footnotes":"","jetpack_publicize_message":"","jetpack_publicize_feature_enabled":true,"jetpack_social_post_already_shared":true,"jetpack_social_options":{"image_generator_settings":{"template":"highway","default_image_id":0,"font":"","enabled":false},"version":2}},"categories":[6],"tags":[2861,3070,3069],"class_list":["post-28568","post","type-post","status-publish","format-standard","has-post-thumbnail","hentry","category-barrios","tag-f1","tag-mendoza","tag-vino"],"jetpack_publicize_connections":[],"jetpack_featured_media_url":"https:\/\/revistaepocadigital.com.ar\/wp-content\/uploads\/2025\/02\/VIMO.avif","jetpack_likes_enabled":true,"_links":{"self":[{"href":"https:\/\/revistaepocadigital.com.ar\/index.php?rest_route=\/wp\/v2\/posts\/28568","targetHints":{"allow":["GET"]}}],"collection":[{"href":"https:\/\/revistaepocadigital.com.ar\/index.php?rest_route=\/wp\/v2\/posts"}],"about":[{"href":"https:\/\/revistaepocadigital.com.ar\/index.php?rest_route=\/wp\/v2\/types\/post"}],"author":[{"embeddable":true,"href":"https:\/\/revistaepocadigital.com.ar\/index.php?rest_route=\/wp\/v2\/users\/4"}],"replies":[{"embeddable":true,"href":"https:\/\/revistaepocadigital.com.ar\/index.php?rest_route=%2Fwp%2Fv2%2Fcomments&post=28568"}],"version-history":[{"count":0,"href":"https:\/\/revistaepocadigital.com.ar\/index.php?rest_route=\/wp\/v2\/posts\/28568\/revisions"}],"wp:featuredmedia":[{"embeddable":true,"href":"https:\/\/revistaepocadigital.com.ar\/index.php?rest_route=\/wp\/v2\/media\/28572"}],"wp:attachment":[{"href":"https:\/\/revistaepocadigital.com.ar\/index.php?rest_route=%2Fwp%2Fv2%2Fmedia&parent=28568"}],"wp:term":[{"taxonomy":"category","embeddable":true,"href":"https:\/\/revistaepocadigital.com.ar\/index.php?rest_route=%2Fwp%2Fv2%2Fcategories&post=28568"},{"taxonomy":"post_tag","embeddable":true,"href":"https:\/\/revistaepocadigital.com.ar\/index.php?rest_route=%2Fwp%2Fv2%2Ftags&post=28568"}],"curies":[{"name":"wp","href":"https:\/\/api.w.org\/{rel}","templated":true}]}}