{"id":28574,"date":"2025-02-27T02:09:42","date_gmt":"2025-02-27T05:09:42","guid":{"rendered":"https:\/\/revistaepocadigital.com.ar\/?p=28574"},"modified":"2025-02-27T03:43:29","modified_gmt":"2025-02-27T06:43:29","slug":"rodrigo-beretta-sectores-politicos-difunden-informacion-alarmista-sobre-hechos-de-inseguridad-en-la-comuna","status":"publish","type":"post","link":"https:\/\/revistaepocadigital.com.ar\/?p=28574","title":{"rendered":"Rodrigo Beretta. &#8220;Sectores pol\u00edticos difunden informaci\u00f3n alarmista sobre hechos de inseguridad en la comuna&#8221;"},"content":{"rendered":"<p>&nbsp;<\/p>\n<p><strong>EL CENTRO DE APOYO VECINAL, funciona las 24 Horas con operadores que monitorean las c\u00e1maras de seguridad, ubicadas en el distrito de Exaltaci\u00f3n de la Cru<\/strong>z.<!--more--><\/p>\n<p>En un momento especial en materia de seguridad<strong>, Rodrigo Beretta<\/strong> quien lo encabeza, a trav\u00e9s de un mensaje publicado en la cuenta del Centro de Apoyo Vecinal en la red social Facebook, transmiti\u00f3 consideraciones para analizar, de hecho al consultar a vecinos, sus ponencias se han entremezcladas, entre positivas y cuestionables.<\/p>\n<p>Fijate los argumentos de <strong>Beretta<\/strong>, mencionando en que trabajan en materia de seguridad en el distrito, a la vez que cuestiona a sectores pol\u00edticos que, afirma, que tienen intencionalidades pol\u00edticas acentuadas en un a\u00f1o electoral:<\/p>\n<p><em>&#8220;Queridos vecinos y vecinas de Exaltaci\u00f3n de la Cruz.<\/em><\/p>\n<p><em>Desde el municipio nos encontramos ocupados y trabajando activamente por la seguridad y los hechos de inseguridad que suceden en nuestra comunidad. Reconocemos las preocupaciones que existen y queremos transmitirles que estamos comprometidos en abordar estas situaciones de manera responsable y efectiva, colaborando con las fuerzas de seguridad y el Poder Judicial.<\/em><\/p>\n<p><em> Adem\u00e1s, mantenemos gestiones permanentes con el Ministerio de Seguridad de la Provincia para conseguir m\u00e1s recursos y herramientas que nos permitan fortalecer las pol\u00edticas de seguridad en nuestro municipio. Sabemos que es un tema prioritario para todos, y por eso hemos redoblado esfuerzos para fortalecer las medidas preventivas y mejorar la calidad de vida en nuestra localidad.<\/em><\/p>\n<p><em>Tambi\u00e9n hemos observado con preocupaci\u00f3n c\u00f3mo desde algunos sectores pol\u00edticos, se est\u00e1n utilizando redes sociales y otros medios para difundir informaci\u00f3n alarmista sobre hechos de inseguridad en la comuna. Muchas de estas publicaciones buscan generar miedo e incertidumbre en nuestra comunidad, presentando situaciones que, en numerosas ocasiones, no reflejan la realidad de lo ocurrido o son sacadas de contexto con fines pol\u00edticos.<\/em><\/p>\n<p><em>Es importante que como ciudadanos estemos informados y seamos cr\u00edticos frente a este tipo de mensajes. La desinformaci\u00f3n y la manipulaci\u00f3n de los hechos no solo generan p\u00e1nico innecesario, sino que tambi\u00e9n dificultan el trabajo de las fuerzas de seguridad y perjudican la convivencia pac\u00edfica en nuestra querida localidad.<\/em><\/p>\n<p><em>Queremos recordarles que la investigaci\u00f3n de delitos no son competencia del ejecutivo municipal. Esas responsabilidades corresponden al Poder Judicial, encargado de investigar y resolver los hechos delictivos. El municipio, por su parte, colabora y trabaja en conjunto con este poder del Estado, aportando filmaciones, denuncias, etc, pero no tiene facultades sobre esta \u00e1rea.<\/em><\/p>\n<p><em>Nos llama la atenci\u00f3n que, en este a\u00f1o en el que se realizar\u00e1n elecciones legislativas, se est\u00e9 fomentando este tipo de publicaciones con malicia. Ya que no es casualidad que, en a\u00f1os electorales, ciertos sectores pol\u00edticos recurran a estrategias basadas en el miedo y la desinformaci\u00f3n, para intentar influir en la opini\u00f3n p\u00fablica. Esto no es nuevo: hemos visto c\u00f3mo, en elecciones anteriores, se han utilizado t\u00e1cticas similares para desestabilizar y generar desconfianza.<\/em><\/p>\n<p><em>Desde el municipio, entendemos que existe una problem\u00e1tica en materia de seguridad, y no somos ajenos a las preocupaciones de nuestros vecinos. Sin embargo, no podemos dejar de marcar que el delito es un fen\u00f3meno social complejo, estrechamente relacionado con la situaci\u00f3n social y econ\u00f3mica que vive el pa\u00eds. La falta de oportunidades, la desigualdad y la crisis econ\u00f3mica son factores que influyen directamente en la inseguridad, y requieren de pol\u00edticas integrales y coordinadas entre todos los niveles del Estado para ser abordados de manera efectiva.<\/em><\/p>\n<p><em>A pesar de estas circunstancias, desde el municipio hemos asumido el compromiso de trabajar activamente en materia de seguridad. En los \u00faltimos 4 a\u00f1os de gesti\u00f3n, hemos realizado avances significativos: se adquirieron m\u00e1s de 100 c\u00e1maras de seguridad ,siendo una totalidad 320 c\u00e1maras en el distrito, ampliando la cobertura y mejorando la prevenci\u00f3n y el monitoreo en nuestras localidades.<\/em><\/p>\n<p><em> Adem\u00e1s, se incrementaron las recorridas de los m\u00f3viles de la Guardia Urbana Municipal y agentes de Guardia Urbana a pie, reforzando la presencia en las calles y brindando mayor cobertura. Llevamos a la fecha 137 equipos de alarmas vecinales instalados en los barrios del distrito, siendo un aproximado de 2000 vecinos conectados al CAV a trav\u00e9s de dicho servicio, en con junto a la aplicaci\u00f3n BASSAPP, que ya cuenta con la mayor\u00eda de la poblaci\u00f3n utilizando esa herramienta, para fomentar la participaci\u00f3n ciudadana y fortalecer el trabajo en conjunto entre la comunidad y las autoridades.<\/em><\/p>\n<p><em>Estas acciones demuestran nuestro compromiso con la seguridad y el bienestar de todos los habitantes de Exaltaci\u00f3n de la Cruz. Sabemos que a\u00fan hay desaf\u00edos por delante, pero estamos convencidos de que, con el esfuerzo conjunto de los vecinos, las fuerzas de seguridad y el municipio, podemos seguir avanzando hacia una comunidad m\u00e1s segura y unida.\u00a0Juntos, con responsabilidad y unidad, podemos seguir construyendo un Exaltaci\u00f3n de la Cruz mejor para todos&#8221;.<\/em><\/p>\n<p>LA SEGURIDAD LA HACEMOS ENTRE TODOS. COMUNIQUESE a las l\u00edneas rotativas que funcionan las 24 hs, los 365 d\u00edas del a\u00f1o.<br \/>\n08006669009 02323581047\/38\/32<br \/>\nwhastapp 01161827312 01157695136<\/p>\n<p>Tel\u00e9fonos: lineas rotativas con un n\u00famero gratuito: 0800 666 9009<\/p>\n<p>&nbsp;<\/p>\n","protected":false},"excerpt":{"rendered":"<p>&nbsp; EL CENTRO DE APOYO VECINAL, funciona las 24 Horas con operadores que monitorean las c\u00e1maras de seguridad, ubicadas en el distrito de Exaltaci\u00f3n de la Cruz.<\/p>\n","protected":false},"author":4,"featured_media":28575,"comment_status":"open","ping_status":"open","sticky":false,"template":"","format":"standard","meta":{"footnotes":"","jetpack_publicize_message":"","jetpack_publicize_feature_enabled":true,"jetpack_social_post_already_shared":true,"jetpack_social_options":{"image_generator_settings":{"template":"highway","default_image_id":0,"font":"","enabled":false},"version":2}},"categories":[13],"tags":[3071,149],"class_list":["post-28574","post","type-post","status-publish","format-standard","has-post-thumbnail","hentry","category-interes-general","tag-cav","tag-seguridad"],"jetpack_publicize_connections":[],"jetpack_featured_media_url":"https:\/\/revistaepocadigital.com.ar\/wp-content\/uploads\/2025\/02\/CENT.jpg","jetpack_likes_enabled":true,"_links":{"self":[{"href":"https:\/\/revistaepocadigital.com.ar\/index.php?rest_route=\/wp\/v2\/posts\/28574","targetHints":{"allow":["GET"]}}],"collection":[{"href":"https:\/\/revistaepocadigital.com.ar\/index.php?rest_route=\/wp\/v2\/posts"}],"about":[{"href":"https:\/\/revistaepocadigital.com.ar\/index.php?rest_route=\/wp\/v2\/types\/post"}],"author":[{"embeddable":true,"href":"https:\/\/revistaepocadigital.com.ar\/index.php?rest_route=\/wp\/v2\/users\/4"}],"replies":[{"embeddable":true,"href":"https:\/\/revistaepocadigital.com.ar\/index.php?rest_route=%2Fwp%2Fv2%2Fcomments&post=28574"}],"version-history":[{"count":0,"href":"https:\/\/revistaepocadigital.com.ar\/index.php?rest_route=\/wp\/v2\/posts\/28574\/revisions"}],"wp:featuredmedia":[{"embeddable":true,"href":"https:\/\/revistaepocadigital.com.ar\/index.php?rest_route=\/wp\/v2\/media\/28575"}],"wp:attachment":[{"href":"https:\/\/revistaepocadigital.com.ar\/index.php?rest_route=%2Fwp%2Fv2%2Fmedia&parent=28574"}],"wp:term":[{"taxonomy":"category","embeddable":true,"href":"https:\/\/revistaepocadigital.com.ar\/index.php?rest_route=%2Fwp%2Fv2%2Fcategories&post=28574"},{"taxonomy":"post_tag","embeddable":true,"href":"https:\/\/revistaepocadigital.com.ar\/index.php?rest_route=%2Fwp%2Fv2%2Ftags&post=28574"}],"curies":[{"name":"wp","href":"https:\/\/api.w.org\/{rel}","templated":true}]}}