{"id":28585,"date":"2025-02-27T03:28:36","date_gmt":"2025-02-27T06:28:36","guid":{"rendered":"https:\/\/revistaepocadigital.com.ar\/?p=28585"},"modified":"2025-02-27T03:49:21","modified_gmt":"2025-02-27T06:49:21","slug":"28585","status":"publish","type":"post","link":"https:\/\/revistaepocadigital.com.ar\/?p=28585","title":{"rendered":"LA ARGENTINA, UN PA\u00cdS ASESINADO"},"content":{"rendered":"<p><strong>Esta foto deber\u00eda recorrer el mundo.<\/strong><!--more--><\/p>\n<p>El pap\u00e1 de la nenita Kim de apenas 7 a\u00f1os asesinada en La Plata, agachado llorando de dolor y el t\u00edo con las manos en la cabeza. Si esto no te parte al medio, no ten\u00e9s alma.<\/p>\n<p><strong>\u00bfCu\u00e1ndo se producir\u00e1 el milagro en la Argentina que el gobierno de la provincia de Buenos Aires en primera fila, as\u00ed como el gobierno nacional y del resto de las provincias al igual que diputados, senadores y la justicia argentina tan cuestionada, resuelvan de una vez por todas, legislar y promulgar leyes para que el flagelo descomunal de la inseguridad, deje de matar a argentinos?<\/strong><\/p>\n<p><img loading=\"lazy\" decoding=\"async\" class=\"aligncenter size-full wp-image-28589\" src=\"https:\/\/revistaepocadigital.com.ar\/wp-content\/uploads\/2025\/02\/Gkv5KdMXgAA-Q40-1.jpg\" alt=\"\" width=\"640\" height=\"480\" srcset=\"https:\/\/revistaepocadigital.com.ar\/wp-content\/uploads\/2025\/02\/Gkv5KdMXgAA-Q40-1.jpg 640w, https:\/\/revistaepocadigital.com.ar\/wp-content\/uploads\/2025\/02\/Gkv5KdMXgAA-Q40-1-300x225.jpg 300w, https:\/\/revistaepocadigital.com.ar\/wp-content\/uploads\/2025\/02\/Gkv5KdMXgAA-Q40-1-80x60.jpg 80w, https:\/\/revistaepocadigital.com.ar\/wp-content\/uploads\/2025\/02\/Gkv5KdMXgAA-Q40-1-160x120.jpg 160w, https:\/\/revistaepocadigital.com.ar\/wp-content\/uploads\/2025\/02\/Gkv5KdMXgAA-Q40-1-265x198.jpg 265w, https:\/\/revistaepocadigital.com.ar\/wp-content\/uploads\/2025\/02\/Gkv5KdMXgAA-Q40-1-560x420.jpg 560w\" sizes=\"auto, (max-width: 640px) 100vw, 640px\" \/><br \/>\n\u00bfNO SALEN A CLAMAR JUSTICIA POR LA NENA ASESINADA POR LOS DOS CHICOS DE 14 Y 17 A\u00d1OS, LAS CHICAS DE LOS PA\u00d1UELOS VERDES?<\/p>\n","protected":false},"excerpt":{"rendered":"<p>Esta foto deber\u00eda recorrer el mundo.<\/p>\n","protected":false},"author":4,"featured_media":28588,"comment_status":"open","ping_status":"open","sticky":false,"template":"","format":"standard","meta":{"footnotes":"","jetpack_publicize_message":"","jetpack_publicize_feature_enabled":true,"jetpack_social_post_already_shared":true,"jetpack_social_options":{"image_generator_settings":{"template":"highway","default_image_id":0,"font":"","enabled":false},"version":2}},"categories":[17],"tags":[741,3072],"class_list":["post-28585","post","type-post","status-publish","format-standard","has-post-thumbnail","hentry","category-politica","tag-inseguridad","tag-nena-asesinada"],"jetpack_publicize_connections":[],"jetpack_featured_media_url":"https:\/\/revistaepocadigital.com.ar\/wp-content\/uploads\/2025\/02\/GkvLCaiXQAAmSnT-1.jpg","jetpack_likes_enabled":true,"_links":{"self":[{"href":"https:\/\/revistaepocadigital.com.ar\/index.php?rest_route=\/wp\/v2\/posts\/28585","targetHints":{"allow":["GET"]}}],"collection":[{"href":"https:\/\/revistaepocadigital.com.ar\/index.php?rest_route=\/wp\/v2\/posts"}],"about":[{"href":"https:\/\/revistaepocadigital.com.ar\/index.php?rest_route=\/wp\/v2\/types\/post"}],"author":[{"embeddable":true,"href":"https:\/\/revistaepocadigital.com.ar\/index.php?rest_route=\/wp\/v2\/users\/4"}],"replies":[{"embeddable":true,"href":"https:\/\/revistaepocadigital.com.ar\/index.php?rest_route=%2Fwp%2Fv2%2Fcomments&post=28585"}],"version-history":[{"count":0,"href":"https:\/\/revistaepocadigital.com.ar\/index.php?rest_route=\/wp\/v2\/posts\/28585\/revisions"}],"wp:featuredmedia":[{"embeddable":true,"href":"https:\/\/revistaepocadigital.com.ar\/index.php?rest_route=\/wp\/v2\/media\/28588"}],"wp:attachment":[{"href":"https:\/\/revistaepocadigital.com.ar\/index.php?rest_route=%2Fwp%2Fv2%2Fmedia&parent=28585"}],"wp:term":[{"taxonomy":"category","embeddable":true,"href":"https:\/\/revistaepocadigital.com.ar\/index.php?rest_route=%2Fwp%2Fv2%2Fcategories&post=28585"},{"taxonomy":"post_tag","embeddable":true,"href":"https:\/\/revistaepocadigital.com.ar\/index.php?rest_route=%2Fwp%2Fv2%2Ftags&post=28585"}],"curies":[{"name":"wp","href":"https:\/\/api.w.org\/{rel}","templated":true}]}}