{"id":28596,"date":"2025-02-27T15:45:17","date_gmt":"2025-02-27T18:45:17","guid":{"rendered":"https:\/\/revistaepocadigital.com.ar\/?p=28596"},"modified":"2025-02-27T15:48:45","modified_gmt":"2025-02-27T18:48:45","slug":"desmienten-cierre-y-despidos-en-la-planta-de-tres-arroyos-en-capilla-del-senor","status":"publish","type":"post","link":"https:\/\/revistaepocadigital.com.ar\/?p=28596","title":{"rendered":"Desmienten cierre y despidos en la Planta de Tres Arroyos en Capilla del Se\u00f1or"},"content":{"rendered":"<p><strong>TRADICIONAL, AFINCADA DESDE HACE MUCHOS A\u00d1OS EN CAPILLA DEL SE\u00d1OR, E MUY IMPORTANTE FUENTE LABORAL.<\/strong><!--more--><\/p>\n<p>Debido a preocupantes versiones y trascendidos acerca del posible cierre de la planta de la empresa <strong>Tres Arroyos ubicada desde hace d\u00e9cadas en Capilla del Se\u00f1or<\/strong>, el programa radial <strong>Diario de la Ma\u00f1ana (FM Studio)<\/strong>\u00a0conducido por la periodista<strong> Andre\u00edna Dur\u00e1n,<\/strong> consign\u00f3 en su cuenta en la red social Facebook, una declaraci\u00f3n oficial de la empresa a trav\u00e9s de la cual <strong>desmiente rotundamente esos rumores e incluso afirmaciones<\/strong>.<\/p>\n<p>Seg\u00fan fuentes de la empresa, consultadas por el mencionado programa, han sostenido que aunque est\u00e1n &#8220;<em>atravesando dificultades econ\u00f3micas similares a las que enfrenta gran parte de la industria nacional&#8221;<\/em>, se encuentran trabajando arduamente <em>&#8220;para encontrar soluciones y superar estos desaf\u00edos&#8221;.<\/em><\/p>\n<figure id=\"attachment_28600\" aria-describedby=\"caption-attachment-28600\" style=\"width: 307px\" class=\"wp-caption alignleft\"><img loading=\"lazy\" decoding=\"async\" class=\"size-full wp-image-28600\" src=\"https:\/\/revistaepocadigital.com.ar\/wp-content\/uploads\/2025\/02\/duran-andreina.jpg\" alt=\"\" width=\"307\" height=\"241\" srcset=\"https:\/\/revistaepocadigital.com.ar\/wp-content\/uploads\/2025\/02\/duran-andreina.jpg 307w, https:\/\/revistaepocadigital.com.ar\/wp-content\/uploads\/2025\/02\/duran-andreina-300x236.jpg 300w\" sizes=\"auto, (max-width: 307px) 100vw, 307px\" \/><figcaption id=\"caption-attachment-28600\" class=\"wp-caption-text\">Andre\u00edna Dur\u00e1n.<\/figcaption><\/figure>\n<p>En relaci\u00f3n a otro tema muy sensible, los rumores de posibles despidos de personal, Tres Arroyos\u00a0 ha asegurado que &#8220;<em>no hay planes de reducir personal en Capilla del Se\u00f1or. Por lo tanto, los empleados y la comunidad pueden estar tranquilos&#8221;.<\/em><\/p>\n<p>A prop\u00f3sito de la situaci\u00f3n de<strong> Tres Arroyos,<\/strong> desde la empresa se ha aclarado que la versi\u00f3n de que la planta haya sido &#8220;<em>tasada<\/em>&#8220;, es una pr\u00e1ctica habitual que se lleva a cabo anualmente por parte de bancos que operan con la empresa, a modo de renovar documentaciones en las sucursales bancarias, sin relaci\u00f3n alguna con un eventual cierre de la planta y despidos.<\/p>\n<p>Remarcaron desde el Diario de la Ma\u00f1ana que <em>&#8220;es importante recordar que la difusi\u00f3n de noticias falsas, puede causar da\u00f1o a la comunidad y a las empresas. Es fundamental verificar la informaci\u00f3n antes de compartirla para evitar la propagaci\u00f3n de rumores infundados&#8221;.<\/em><\/p>\n","protected":false},"excerpt":{"rendered":"<p>TRADICIONAL, AFINCADA DESDE HACE MUCHOS A\u00d1OS EN CAPILLA DEL SE\u00d1OR, E MUY IMPORTANTE FUENTE LABORAL.<\/p>\n","protected":false},"author":3,"featured_media":28599,"comment_status":"open","ping_status":"open","sticky":false,"template":"","format":"standard","meta":{"footnotes":"","jetpack_publicize_message":"","jetpack_publicize_feature_enabled":true,"jetpack_social_post_already_shared":true,"jetpack_social_options":{"image_generator_settings":{"template":"highway","default_image_id":0,"font":"","enabled":false},"version":2}},"categories":[13],"tags":[3075,3074,3073],"class_list":["post-28596","post","type-post","status-publish","format-standard","has-post-thumbnail","hentry","category-interes-general","tag-capillla-del-senor","tag-cierre","tag-tres-arroyos-planta"],"jetpack_publicize_connections":[],"jetpack_featured_media_url":"https:\/\/revistaepocadigital.com.ar\/wp-content\/uploads\/2025\/02\/TRES-ARRO.jpg","jetpack_likes_enabled":true,"_links":{"self":[{"href":"https:\/\/revistaepocadigital.com.ar\/index.php?rest_route=\/wp\/v2\/posts\/28596","targetHints":{"allow":["GET"]}}],"collection":[{"href":"https:\/\/revistaepocadigital.com.ar\/index.php?rest_route=\/wp\/v2\/posts"}],"about":[{"href":"https:\/\/revistaepocadigital.com.ar\/index.php?rest_route=\/wp\/v2\/types\/post"}],"author":[{"embeddable":true,"href":"https:\/\/revistaepocadigital.com.ar\/index.php?rest_route=\/wp\/v2\/users\/3"}],"replies":[{"embeddable":true,"href":"https:\/\/revistaepocadigital.com.ar\/index.php?rest_route=%2Fwp%2Fv2%2Fcomments&post=28596"}],"version-history":[{"count":0,"href":"https:\/\/revistaepocadigital.com.ar\/index.php?rest_route=\/wp\/v2\/posts\/28596\/revisions"}],"wp:featuredmedia":[{"embeddable":true,"href":"https:\/\/revistaepocadigital.com.ar\/index.php?rest_route=\/wp\/v2\/media\/28599"}],"wp:attachment":[{"href":"https:\/\/revistaepocadigital.com.ar\/index.php?rest_route=%2Fwp%2Fv2%2Fmedia&parent=28596"}],"wp:term":[{"taxonomy":"category","embeddable":true,"href":"https:\/\/revistaepocadigital.com.ar\/index.php?rest_route=%2Fwp%2Fv2%2Fcategories&post=28596"},{"taxonomy":"post_tag","embeddable":true,"href":"https:\/\/revistaepocadigital.com.ar\/index.php?rest_route=%2Fwp%2Fv2%2Ftags&post=28596"}],"curies":[{"name":"wp","href":"https:\/\/api.w.org\/{rel}","templated":true}]}}