{"id":28607,"date":"2025-02-28T21:26:10","date_gmt":"2025-03-01T00:26:10","guid":{"rendered":"https:\/\/revistaepocadigital.com.ar\/?p=28607"},"modified":"2025-03-07T12:33:18","modified_gmt":"2025-03-07T15:33:18","slug":"carnavales-2025-en-capilla-primera-noche-gano-el-mal-tiempo-postergado","status":"publish","type":"post","link":"https:\/\/revistaepocadigital.com.ar\/?p=28607","title":{"rendered":"CARNAVALES 2025. REPROGRAMACI\u00d3N. HOY EN CARDALES, MA\u00d1ANA EN CAPILLA"},"content":{"rendered":"<div dir=\"ltr\"><strong>AL MAL TIEMPO BUENA CARA.<\/strong><\/div>\n<p><!--more--><\/p>\n<div dir=\"ltr\">\n<div>\n<header class=\"r_BN D_F W_6D6F p_R P_Zjgzuf ir_0\" aria-label=\"Mensaje\">\n<div class=\"o_h D_F em_0 E_fq7 ek_BB\" data-test-id=\"address-info\"><\/div>\n<div class=\"D_F ab_CI en_0 H_6Fd5 W_6Fd5 lv_1IWXzk h_Z13pql2 h4_2d9T5e\"><strong>REPROGRAMACI\u00d3N DE LOS CARNAVALES<\/strong><\/div>\n<\/header>\n<\/div>\n<div data-test-id=\"message-body-container\">\n<div class=\"I_ZkbNhI D_FY W_6D6F\" data-test-id=\"message-view-body\">\n<div class=\"msg-body P_wpofO mq_AS\" data-test-id=\"message-view-body-content\">\n<div class=\"jb_0 X_6MGW N_6Fd5\">\n<div>\n<div dir=\"ltr\"><\/div>\n<div dir=\"ltr\">Debido a las adversas condiciones clim\u00e1ticas persistentes, el alerta amarilla a\u00fan vigente, y el estado de la Plaza San Mart\u00edn de Capilla del Se\u00f1or y la v\u00eda p\u00fablica en general, que no generaban la seguridad necesaria, desde el municipio informaron que se vieron <em>&#8220;en la obligaci\u00f3n de reprogramar las fechas de carnaval&#8221;.<\/em><\/div>\n<div dir=\"ltr\"><\/div>\n<div dir=\"ltr\"><strong>Si las condiciones del tiempo acompa\u00f1aran, la reprogramaci\u00f3n fij\u00f3 lo siguiente:<\/strong><\/div>\n<div dir=\"ltr\"><\/div>\n<div dir=\"ltr\"><strong>Viernes 7 de marzo. Corsos en Los Cardales.<\/strong><\/div>\n<div dir=\"ltr\"><strong>S\u00e1bado 8 de marzo. Corsos en Capilla del Se\u00f1or.<\/strong><\/div>\n<div dir=\"ltr\"><\/div>\n<div dir=\"ltr\">Reiteraron desde la comuna, el agradecimiento &#8220;como siempre, a nuestras agrupaciones de carnaval por estar siempre presentes y a disposici\u00f3n, y a los vecinos y visitantes que siempre se suman a las propuestas culturales locales.<\/div>\n<div dir=\"ltr\"><a href=\"https:\/\/www.instagram.com\/p\/DGwQ_YrvSKH\/?igsh=MTRxZTBiamZsamR2aw==\" target=\"_blank\" rel=\"noopener\">https:\/\/www.instagram.com\/p\/DGwQ_YrvSKH\/?igsh=MTRxZTBiamZsamR2aw==<\/a><\/div>\n<\/div>\n<h2 dir=\"ltr\" style=\"text-align: center;\"><span style=\"color: #ff6600;\"><strong>&#8212;&#8212;&#8212;&#8212;&#8212;&#8212;&#8212;&#8212;&#8212;&#8212;&#8212;&#8212;&#8212;&#8212;&#8212;&#8212;&#8212;-<\/strong><\/span><\/h2>\n<div>\n<div dir=\"ltr\"><\/div>\n<div dir=\"ltr\"><strong>AVISO METEOROL\u00d3GICO A CORTO PLAZO<\/strong><\/div>\n<div dir=\"ltr\"><\/div>\n<div dir=\"ltr\">No saques la basura<\/div>\n<div dir=\"ltr\"><\/div>\n<div dir=\"ltr\">Retir\u00e1 objetos que impidan que escurra el agua<\/div>\n<div dir=\"ltr\"><\/div>\n<div dir=\"ltr\">Evit\u00e1 actividades al aire libre<\/div>\n<div dir=\"ltr\"><\/div>\n<div dir=\"ltr\">No te refugies cerca de \u00e1rboles y postes qu\u00e9 puedan caerse<\/div>\n<div dir=\"ltr\"><\/div>\n<div dir=\"ltr\">CAV: 0800 666 9009<\/div>\n<div dir=\"ltr\"><\/div>\n<div dir=\"ltr\">WhatsApp: 11 5182 7312<\/div>\n<div dir=\"ltr\"><a href=\"https:\/\/www.instagram.com\/p\/DGwVTctvWnB\/?igsh=MWxycWJrbDJtcmEwdw==\" target=\"_blank\" rel=\"noopener\">https:\/\/www.instagram.com\/p\/DGwVTctvWnB\/?igsh=MWxycWJrbDJtcmEwdw==<\/a><\/div>\n<div dir=\"ltr\"><\/div>\n<\/div>\n<\/div>\n<\/div>\n<\/div>\n<\/div>\n<\/div>\n<h5 dir=\"ltr\"><\/h5>\n<h5 dir=\"ltr\" style=\"text-align: center;\"><strong><span style=\"color: #ff6600;\">&#8212;&#8212;&#8212;&#8212;&#8212;&#8212;&#8212;&#8212;&#8212;&#8212;&#8212;&#8212;&#8212;&#8212;&#8212;&#8212;&#8212;<\/span><\/strong><\/h5>\n<div dir=\"ltr\">nota anterior<\/div>\n<div dir=\"ltr\"><\/div>\n<div dir=\"ltr\"><\/div>\n<div dir=\"ltr\">\n<div class=\"xdj266r x11i5rnm xat24cr x1mh8g0r x1vvkbs x126k92a\">\n<div dir=\"auto\">Las adversas condiciones clim\u00e1ticas, le han seguido jugando en contra a los Carnavales en Exaltaci\u00f3n de la Cruz.<\/div>\n<div dir=\"auto\"><\/div>\n<div dir=\"auto\">Debido a las condiciones clim\u00e1ticas del domingo 2 de marzo, debi\u00f3 posponerse tambi\u00e9n el Carnaval previsto en Los Cardales.<\/div>\n<div dir=\"auto\"><\/div>\n<div dir=\"auto\">Si el tiempo acompa\u00f1ara, el encuentro es este lunes en la Plaza San Mart\u00edn de Capilla del Se\u00f1or. &#8220;Agradecemos a los vecinos y visitantes por la comprensi\u00f3n y a las agrupaciones de carnaval por la predisposici\u00f3n&#8221;, reiteraron desde el municipio.<\/div>\n<\/div>\n<\/div>\n<div dir=\"auto\"><\/div>\n<h4 dir=\"auto\" style=\"text-align: center;\"><strong>&#8212;&#8212;&#8212;&#8212;&#8212;&#8212;&#8212;&#8212;&#8212;&#8212;&#8212;&#8212;&#8212;<\/strong><\/h4>\n<div dir=\"auto\">nota anterior<\/div>\n<div dir=\"ltr\"><\/div>\n<div dir=\"ltr\"><strong>AHORA S\u00cd, ESTA NOCHE, PARADA ROBLES!<\/strong><\/div>\n<p><!--more--><\/p>\n<div dir=\"ltr\"><\/div>\n<div dir=\"ltr\"><img loading=\"lazy\" decoding=\"async\" class=\"aligncenter size-medium wp-image-28629\" src=\"https:\/\/revistaepocadigital.com.ar\/wp-content\/uploads\/2025\/02\/Imagen-de-WhatsApp-2025-03-01-a-las-10.56.01_8bf96187-240x300.jpg\" alt=\"\" width=\"240\" height=\"300\" srcset=\"https:\/\/revistaepocadigital.com.ar\/wp-content\/uploads\/2025\/02\/Imagen-de-WhatsApp-2025-03-01-a-las-10.56.01_8bf96187-240x300.jpg 240w, https:\/\/revistaepocadigital.com.ar\/wp-content\/uploads\/2025\/02\/Imagen-de-WhatsApp-2025-03-01-a-las-10.56.01_8bf96187-960x1200.jpg 960w, https:\/\/revistaepocadigital.com.ar\/wp-content\/uploads\/2025\/02\/Imagen-de-WhatsApp-2025-03-01-a-las-10.56.01_8bf96187-768x960.jpg 768w, https:\/\/revistaepocadigital.com.ar\/wp-content\/uploads\/2025\/02\/Imagen-de-WhatsApp-2025-03-01-a-las-10.56.01_8bf96187-696x870.jpg 696w, https:\/\/revistaepocadigital.com.ar\/wp-content\/uploads\/2025\/02\/Imagen-de-WhatsApp-2025-03-01-a-las-10.56.01_8bf96187-336x420.jpg 336w, https:\/\/revistaepocadigital.com.ar\/wp-content\/uploads\/2025\/02\/Imagen-de-WhatsApp-2025-03-01-a-las-10.56.01_8bf96187-672x840.jpg 672w, https:\/\/revistaepocadigital.com.ar\/wp-content\/uploads\/2025\/02\/Imagen-de-WhatsApp-2025-03-01-a-las-10.56.01_8bf96187.jpg 1024w\" sizes=\"auto, (max-width: 240px) 100vw, 240px\" \/><\/div>\n<div dir=\"ltr\">Entrada libre y gratuita. Carnavales 2025 a beneficio del Sistema de Salud de Exaltaci\u00f3n de la Cruz.<\/div>\n<h3 dir=\"ltr\" style=\"text-align: center;\"><strong>&#8212;&#8212;&#8212;&#8212;&#8212;&#8212;&#8212;&#8212;&#8212;&#8212;&#8212;&#8212;&#8212;&#8211;<\/strong><\/h3>\n<div dir=\"ltr\">nota anterior<\/div>\n<div dir=\"ltr\"><\/div>\n<div dir=\"ltr\"><strong>CARNAVALES 2025. EN CAPILLA. PRIMERA NOCHE, GAN\u00d3 EL MAL TIEMPO. POSTERGADO<\/strong><\/div>\n<div dir=\"ltr\"><\/div>\n<div dir=\"ltr\"><\/div>\n<div dir=\"ltr\"><strong>INFORME.<\/strong><\/div>\n<p><!--more--><\/p>\n<div dir=\"ltr\"><\/div>\n<div dir=\"ltr\">Desde el municipio se hizo saber que, debido a las condiciones clim\u00e1ticas y esperando hasta \u00faltimo momento con el objetivo de disfrutar de las agrupaciones de carnaval (viernes 28-2), se debi\u00f3 posponer por razones de seguridad, la fecha inicial de los Carnavales 2025 en Capilla del Se\u00f1or.<\/div>\n<div dir=\"ltr\"><\/div>\n<div dir=\"ltr\">El estado de la Plaza San Mart\u00edn y sus instalaciones el\u00e9ctricas, con la lluvia ca\u00edda cerca de las 20 horas (viernes 28), generaron un riesgo muy alto para los vecinos y visitantes.<\/div>\n<div dir=\"ltr\"><\/div>\n<div dir=\"ltr\">&#8220;Agradecemos su compresi\u00f3n y nos encontramos este s\u00e1bado 1 de marzo en Parada Robles, si el clima acompa\u00f1ara&#8221;, anunciaron desde la comuna.<\/div>\n<div dir=\"ltr\"><\/div>\n<div dir=\"ltr\">Los carnavales luego contin\u00faan este domingo 2 de marzo en Los Cardales y el lunes 3 de marzo en Capilla del Se\u00f1or. Siempre con la presentaci\u00f3n y animaci\u00f3n de las agrupaciones de los carnavales, oriundas de nuestro distrito, muestras de ingenio, trabajo, esfuerzo, m\u00fasica y mucho baile<\/div>\n","protected":false},"excerpt":{"rendered":"<p>AL MAL TIEMPO BUENA CARA.<\/p>\n","protected":false},"author":3,"featured_media":28629,"comment_status":"open","ping_status":"open","sticky":false,"template":"","format":"standard","meta":{"footnotes":"","jetpack_publicize_message":"","jetpack_publicize_feature_enabled":true,"jetpack_social_post_already_shared":true,"jetpack_social_options":{"image_generator_settings":{"template":"highway","default_image_id":0,"font":"","enabled":false},"version":2}},"categories":[13],"tags":[3076],"class_list":["post-28607","post","type-post","status-publish","format-standard","has-post-thumbnail","hentry","category-interes-general","tag-carnavales-2025"],"jetpack_publicize_connections":[],"jetpack_featured_media_url":"https:\/\/revistaepocadigital.com.ar\/wp-content\/uploads\/2025\/02\/Imagen-de-WhatsApp-2025-03-01-a-las-10.56.01_8bf96187.jpg","jetpack_likes_enabled":true,"_links":{"self":[{"href":"https:\/\/revistaepocadigital.com.ar\/index.php?rest_route=\/wp\/v2\/posts\/28607","targetHints":{"allow":["GET"]}}],"collection":[{"href":"https:\/\/revistaepocadigital.com.ar\/index.php?rest_route=\/wp\/v2\/posts"}],"about":[{"href":"https:\/\/revistaepocadigital.com.ar\/index.php?rest_route=\/wp\/v2\/types\/post"}],"author":[{"embeddable":true,"href":"https:\/\/revistaepocadigital.com.ar\/index.php?rest_route=\/wp\/v2\/users\/3"}],"replies":[{"embeddable":true,"href":"https:\/\/revistaepocadigital.com.ar\/index.php?rest_route=%2Fwp%2Fv2%2Fcomments&post=28607"}],"version-history":[{"count":0,"href":"https:\/\/revistaepocadigital.com.ar\/index.php?rest_route=\/wp\/v2\/posts\/28607\/revisions"}],"wp:featuredmedia":[{"embeddable":true,"href":"https:\/\/revistaepocadigital.com.ar\/index.php?rest_route=\/wp\/v2\/media\/28629"}],"wp:attachment":[{"href":"https:\/\/revistaepocadigital.com.ar\/index.php?rest_route=%2Fwp%2Fv2%2Fmedia&parent=28607"}],"wp:term":[{"taxonomy":"category","embeddable":true,"href":"https:\/\/revistaepocadigital.com.ar\/index.php?rest_route=%2Fwp%2Fv2%2Fcategories&post=28607"},{"taxonomy":"post_tag","embeddable":true,"href":"https:\/\/revistaepocadigital.com.ar\/index.php?rest_route=%2Fwp%2Fv2%2Ftags&post=28607"}],"curies":[{"name":"wp","href":"https:\/\/api.w.org\/{rel}","templated":true}]}}