{"id":28635,"date":"2025-03-02T13:24:17","date_gmt":"2025-03-02T16:24:17","guid":{"rendered":"https:\/\/revistaepocadigital.com.ar\/?p=28635"},"modified":"2025-03-10T23:50:47","modified_gmt":"2025-03-11T02:50:47","slug":"radio-vuelve-diario-de-la-manana","status":"publish","type":"post","link":"https:\/\/revistaepocadigital.com.ar\/?p=28635","title":{"rendered":"RADIO. VOLVI\u00d3 &#8220;DIARIO DE LA MA\u00d1ANA&#8221;"},"content":{"rendered":"<p><strong>Desde el 10 de marzo.<\/strong><!--more--><\/p>\n<p>El programa radial &#8220;Diario de la Ma\u00f1ana&#8221; por FM 90.5, conducido por la periodista Andre\u00ednaa Dur\u00e1n, un cl\u00e1sico de las ma\u00f1anas radiales, renovado y por streaming con nueva im\u00e1gen y sonido.<\/p>\n<p><img loading=\"lazy\" decoding=\"async\" class=\"aligncenter size-medium wp-image-28639\" src=\"https:\/\/revistaepocadigital.com.ar\/wp-content\/uploads\/2025\/03\/fm-studio-1-300x169.jpg\" alt=\"\" width=\"300\" height=\"169\" srcset=\"https:\/\/revistaepocadigital.com.ar\/wp-content\/uploads\/2025\/03\/fm-studio-1-300x169.jpg 300w, https:\/\/revistaepocadigital.com.ar\/wp-content\/uploads\/2025\/03\/fm-studio-1-1200x675.jpg 1200w, https:\/\/revistaepocadigital.com.ar\/wp-content\/uploads\/2025\/03\/fm-studio-1-768x432.jpg 768w, https:\/\/revistaepocadigital.com.ar\/wp-content\/uploads\/2025\/03\/fm-studio-1-1536x864.jpg 1536w, https:\/\/revistaepocadigital.com.ar\/wp-content\/uploads\/2025\/03\/fm-studio-1-696x392.jpg 696w, https:\/\/revistaepocadigital.com.ar\/wp-content\/uploads\/2025\/03\/fm-studio-1-1068x601.jpg 1068w, https:\/\/revistaepocadigital.com.ar\/wp-content\/uploads\/2025\/03\/fm-studio-1-747x420.jpg 747w, https:\/\/revistaepocadigital.com.ar\/wp-content\/uploads\/2025\/03\/fm-studio-1-1493x840.jpg 1493w, https:\/\/revistaepocadigital.com.ar\/wp-content\/uploads\/2025\/03\/fm-studio-1.jpg 1600w\" sizes=\"auto, (max-width: 300px) 100vw, 300px\" \/><\/p>\n<p>Informaci\u00f3n general,columnas de opini\u00f3n a cargo de distintos profesionales, pol\u00edtica y humor. La nueva temporada del Diario de la Ma\u00f1ana con la conducci\u00f3n Andreina Dur\u00e1n desde las 9 en vivo. Y despu\u00e9s el pase con el programa &#8220;Tomalo con Calma&#8221; encabezado por Fabian Deantoni con la colaboraci\u00f3n de Pablo Debrito. La programaci\u00f3n tambi\u00e9n suma los s\u00e1bados a &#8220;Turno Ma\u00f1ana&#8221; desde las 10, con la participaci\u00f3n de Fabi\u00e1n Deantoni y H\u00e9ctor Acevedo.<\/p>\n<p>&nbsp;<\/p>\n","protected":false},"excerpt":{"rendered":"<p>Desde el 10 de marzo.<\/p>\n","protected":false},"author":3,"featured_media":28637,"comment_status":"open","ping_status":"open","sticky":false,"template":"","format":"standard","meta":{"footnotes":"","jetpack_publicize_message":"","jetpack_publicize_feature_enabled":true,"jetpack_social_post_already_shared":true,"jetpack_social_options":{"image_generator_settings":{"template":"highway","default_image_id":0,"font":"","enabled":false},"version":2}},"categories":[12],"tags":[3077,3078,3079],"class_list":["post-28635","post","type-post","status-publish","format-standard","has-post-thumbnail","hentry","category-espectaculos","tag-andreina-duran","tag-diario-de-la-manana","tag-fm905"],"jetpack_publicize_connections":[],"jetpack_featured_media_url":"https:\/\/revistaepocadigital.com.ar\/wp-content\/uploads\/2025\/03\/duran-andreina.jpg","jetpack_likes_enabled":true,"_links":{"self":[{"href":"https:\/\/revistaepocadigital.com.ar\/index.php?rest_route=\/wp\/v2\/posts\/28635","targetHints":{"allow":["GET"]}}],"collection":[{"href":"https:\/\/revistaepocadigital.com.ar\/index.php?rest_route=\/wp\/v2\/posts"}],"about":[{"href":"https:\/\/revistaepocadigital.com.ar\/index.php?rest_route=\/wp\/v2\/types\/post"}],"author":[{"embeddable":true,"href":"https:\/\/revistaepocadigital.com.ar\/index.php?rest_route=\/wp\/v2\/users\/3"}],"replies":[{"embeddable":true,"href":"https:\/\/revistaepocadigital.com.ar\/index.php?rest_route=%2Fwp%2Fv2%2Fcomments&post=28635"}],"version-history":[{"count":0,"href":"https:\/\/revistaepocadigital.com.ar\/index.php?rest_route=\/wp\/v2\/posts\/28635\/revisions"}],"wp:featuredmedia":[{"embeddable":true,"href":"https:\/\/revistaepocadigital.com.ar\/index.php?rest_route=\/wp\/v2\/media\/28637"}],"wp:attachment":[{"href":"https:\/\/revistaepocadigital.com.ar\/index.php?rest_route=%2Fwp%2Fv2%2Fmedia&parent=28635"}],"wp:term":[{"taxonomy":"category","embeddable":true,"href":"https:\/\/revistaepocadigital.com.ar\/index.php?rest_route=%2Fwp%2Fv2%2Fcategories&post=28635"},{"taxonomy":"post_tag","embeddable":true,"href":"https:\/\/revistaepocadigital.com.ar\/index.php?rest_route=%2Fwp%2Fv2%2Ftags&post=28635"}],"curies":[{"name":"wp","href":"https:\/\/api.w.org\/{rel}","templated":true}]}}