{"id":28642,"date":"2025-03-02T18:18:48","date_gmt":"2025-03-02T21:18:48","guid":{"rendered":"https:\/\/revistaepocadigital.com.ar\/?p=28642"},"modified":"2025-03-02T22:47:51","modified_gmt":"2025-03-03T01:47:51","slug":"congreso-caliente-denuncia-de-manes-contra-santiago-caputo-violencia-y-amenazas","status":"publish","type":"post","link":"https:\/\/revistaepocadigital.com.ar\/?p=28642","title":{"rendered":"CONGRESO CALIENTE. DENUNCIA DE MANES CONTRA SANTIAGO CAPUTO, &#8220;VIOLENCIA Y AMENAZAS&#8221;"},"content":{"rendered":"<p><strong>LA APERTURA DEL PER\u00cdODO ORDINARIO DE SESIONES LEGISLATIVAS, DIO LUGAR AL MENSAJE DEL PRESIDENTE JAVIER MILEI.<\/strong><!--more--><\/p>\n<p>La sesi\u00f3n especial registr\u00f3 a su vez, un episodio que origin\u00f3 la denuncia policial de los diputados Manes y Juliano contra el asesor presidencial Santiago Caputo por: &#8220;Violencia y amenazas agravadas&#8221;.<\/p>\n<p>&#8220;No puede permitirse que porque bajaron la la inflaci\u00f3n se lleven puesta la Rep\u00fablica&#8221;, recalc\u00f3 Manes, indicando que el asesor presidencial &#8220;me amenaz\u00f3 delante de varios testigos, y si hace eso en el Congreso con un legislador, imaginense lo que har\u00e1n con periodistas y otros ciudadanos con menos exposici\u00f3n&#8221;.<\/p>\n<p>El diputado Facundo Manes y el presidente del bloque Democracia para Siempre, Pablo Juliano, denunciaron cerca de la medianoche del s\u00e1bado (1-3) al asesor del presidente Santiago Caputo por &#8220;violencia y amenazas agravadas&#8221;, al cabo de los sucesos que se viralizaron luego del discurso de Javier Milei en la apertura de las Sesiones Ordinarias del Congreso.<\/p>\n<p>Todo ocurri\u00f3 cuando la Asamblea hab\u00eda concluido, Manes y el principal asesor presidencial ya hab\u00edan discutido a la distania en el recinto. Una vez terminada la Asamblea, Caputo baj\u00f3 raudo para enfrentar a Manes, cuestionando sus participaciones durante el discurso de Milei, y adem\u00e1s dejando una frase que el neur\u00f3logo consider\u00f3 amenazante: &#8220;Ahora me vas a conocer&#8230;&#8221;.<\/p>\n<p>&#8220;Lo pas\u00f3 es grav\u00edsimo, tomemos conciencia de que por bajar la inflaci\u00f3n, no podemos perder la Rep\u00fablica&#8221;, enfatiz\u00f3 Manes luego de haber estado cara a cara con Caputo en los pasillos del Congreso, en im\u00e1genes que se viralizaron y que terminaron llev\u00e1ndose buena parte de la atenci\u00f3n que, sin esas escenas, se hubieran centrado en las palabras del discurso presidencial.<\/p>\n<p>&#8220;Si un asesor presidencial amenaza a un diputado en el mismo Congreso, imag\u00ednense lo que har\u00e1n con los periodistas o la gente com\u00fan, que no tiene esta exposici\u00f3n&#8221;, recalc\u00f3 Manes cuando dejaba el Congreso hacia la sede policial en que junto a Juliano radicaron la correspondiente denucia contra Caputo por &#8220;amenazas agravadas por tratarse de un funcionario p\u00fablico&#8221;.\u00a0&#8220;Voy a seguir la denuncia hasta la \u00faltima instancia, porque me pegaron dos trompadas, esto es grav\u00edsimo&#8221;, agreg\u00f3 Manes, precisando que &#8220;al lado m\u00edo estaba una periodista de Clar\u00edn, y hab\u00eda como 10 personas, todos vieron como Santiago Caputo vino enfurecido, directamente a amenazarme&#8221;.<\/p>\n<p>Juliano y Manes estuvieron cerca de la medianoche sabatina en el \u00e1rea policial que funciona en Diputados para acusar formalmente a Santiago Caputo, se\u00f1alando que las palabras del asesor presidencial tras la Asamblea &#8220;indica claramente que me van a mandar la SIDE o la AFIP, yo no tengo nada que ocultar, dono mi sueldo y vivo de lo que gano como m\u00e9dico, pero no puede permitirse que funcionarios del Gobierno se comporten as\u00ed, como patoteros&#8221;.<\/p>\n<p>Fuente: nota publicada en Diario Perfil<\/p>\n","protected":false},"excerpt":{"rendered":"<p>LA APERTURA DEL PER\u00cdODO ORDINARIO DE SESIONES LEGISLATIVAS, DIO LUGAR AL MENSAJE DEL PRESIDENTE JAVIER MILEI.<\/p>\n","protected":false},"author":3,"featured_media":28643,"comment_status":"open","ping_status":"open","sticky":false,"template":"","format":"standard","meta":{"footnotes":"","jetpack_publicize_message":"","jetpack_publicize_feature_enabled":true,"jetpack_social_post_already_shared":true,"jetpack_social_options":{"image_generator_settings":{"template":"highway","default_image_id":0,"font":"","enabled":false},"version":2}},"categories":[17],"tags":[3080,2805,1477,2278,2663],"class_list":["post-28642","post","type-post","status-publish","format-standard","has-post-thumbnail","hentry","category-politica","tag-caputo","tag-congreso","tag-manes","tag-milei","tag-sesiones-ordinarias"],"jetpack_publicize_connections":[],"jetpack_featured_media_url":"https:\/\/revistaepocadigital.com.ar\/wp-content\/uploads\/2025\/03\/capu-manes.webp","jetpack_likes_enabled":true,"_links":{"self":[{"href":"https:\/\/revistaepocadigital.com.ar\/index.php?rest_route=\/wp\/v2\/posts\/28642","targetHints":{"allow":["GET"]}}],"collection":[{"href":"https:\/\/revistaepocadigital.com.ar\/index.php?rest_route=\/wp\/v2\/posts"}],"about":[{"href":"https:\/\/revistaepocadigital.com.ar\/index.php?rest_route=\/wp\/v2\/types\/post"}],"author":[{"embeddable":true,"href":"https:\/\/revistaepocadigital.com.ar\/index.php?rest_route=\/wp\/v2\/users\/3"}],"replies":[{"embeddable":true,"href":"https:\/\/revistaepocadigital.com.ar\/index.php?rest_route=%2Fwp%2Fv2%2Fcomments&post=28642"}],"version-history":[{"count":0,"href":"https:\/\/revistaepocadigital.com.ar\/index.php?rest_route=\/wp\/v2\/posts\/28642\/revisions"}],"wp:featuredmedia":[{"embeddable":true,"href":"https:\/\/revistaepocadigital.com.ar\/index.php?rest_route=\/wp\/v2\/media\/28643"}],"wp:attachment":[{"href":"https:\/\/revistaepocadigital.com.ar\/index.php?rest_route=%2Fwp%2Fv2%2Fmedia&parent=28642"}],"wp:term":[{"taxonomy":"category","embeddable":true,"href":"https:\/\/revistaepocadigital.com.ar\/index.php?rest_route=%2Fwp%2Fv2%2Fcategories&post=28642"},{"taxonomy":"post_tag","embeddable":true,"href":"https:\/\/revistaepocadigital.com.ar\/index.php?rest_route=%2Fwp%2Fv2%2Ftags&post=28642"}],"curies":[{"name":"wp","href":"https:\/\/api.w.org\/{rel}","templated":true}]}}