{"id":28675,"date":"2025-03-24T16:53:04","date_gmt":"2025-03-24T19:53:04","guid":{"rendered":"https:\/\/revistaepocadigital.com.ar\/?p=28675"},"modified":"2025-03-24T18:23:47","modified_gmt":"2025-03-24T21:23:47","slug":"marzo-las-jubilaciones-pensiones-y-asignaciones-aumentan-221","status":"publish","type":"post","link":"https:\/\/revistaepocadigital.com.ar\/?p=28675","title":{"rendered":"\u00bfCOBR\u00c1S EL MARTES 25 DE MARZO? JUBILACIONES Y PENSIONES"},"content":{"rendered":"<p>&nbsp;<\/p>\n<p class=\"yiv1852802329MsoNormal\" align=\"left\"><b>CALENDARIO DE PAGOS.<\/b><!--more--><\/p>\n<p class=\"yiv1620017950MsoNormal\" align=\"left\"><b>ALENDARIO DE PAGOS DEL MARTES 25 DE MARZO<\/b><\/p>\n<p class=\"yiv1620017950MsoNormal\">ANSES,\u00a0organismo dependiente del Ministerio de Capital Humano, informa que el\u00a0<b>martes\u00a0<\/b>contin\u00faan los pagos de jubilaciones y pensiones que superen un haber m\u00ednimo, los de Asignaci\u00f3n Universal por Hijo, Asignaci\u00f3n Familiar por Hijo y Asignaci\u00f3n por Embarazo. Todos incluyen el aumento por movilidad del 2,21 por ciento. En tanto, inicia el cronograma de la Prestaci\u00f3n por Desempleo.<\/p>\n<p class=\"yiv1620017950MsoNormal\"><b>\u00a0<\/b><b>Jubilaciones y pensiones<\/b><\/p>\n<p class=\"yiv1620017950MsoNormal\">Titulares con documentos concluidos en\u00a0<b>2\u00a0<\/b>y<b>\u00a03\u00a0<\/b>cuyos haberes<b>\u00a0<\/b>superan el monto m\u00ednimo.<b><\/b><\/p>\n<p class=\"yiv1620017950MsoNormal\"><b>Asignaci\u00f3n Universal por Hijo y Asignaci\u00f3n Familiar por Hijo<\/b><\/p>\n<p class=\"yiv1620017950MsoNormal\">Titulares con documentos finalizados en\u00a0<b>8<\/b>.<\/p>\n<p class=\"yiv1620017950MsoNormal\"><b>Asignaci\u00f3n por Embarazo<\/b><\/p>\n<p class=\"yiv1620017950MsoNormal\">Titulares con documentos terminados en\u00a0<b>8<\/b>.<\/p>\n<p class=\"yiv1620017950MsoNormal\"><b>Prestaci\u00f3n por Desempleo<\/b><\/p>\n<p class=\"yiv1620017950MsoNormal\">Titulares con documentos concluidos en\u00a0<b>0\u00a0<\/b>y<b>\u00a01<\/b>.<\/p>\n<p class=\"yiv1620017950MsoNormal\">\n<div>\n<p class=\"yiv1620017950MsoNormal\"><b>\u00bfC\u00f3mo consultar lugar y fecha de cobro?<\/b><\/p>\n<p class=\"yiv1620017950MsoNormal\">1. Desde el sitio web de ANSES, opci\u00f3n\u00a0<a href=\"https:\/\/www.anses.gob.ar\/consultas\/calendario-de-pagos\" target=\"_blank\" rel=\"nofollow noopener noreferrer\"><i>Calendario de pagos<\/i><\/a>.<\/p>\n<p class=\"yiv1620017950MsoNormal\">2. Desde\u00a0<a href=\"https:\/\/servicioscorp.anses.gob.ar\/clavelogon\/logon.aspx?system=miansesv2\" target=\"_blank\" rel=\"nofollow noopener noreferrer\">mi ANSES<\/a><span class=\"yiv1620017950MsoHyperlink\">,\u00a0<\/span>ingresando CUIL y Clave de la Seguridad Social. Ir a\u00a0<i>Cobros<\/i>, opci\u00f3n\u00a0<i>Consultar fecha<\/i>\u00a0<i>y medio de cobro<\/i>.<\/p>\n<p class=\"yiv1620017950MsoNormal\">3. Desde la\u00a0<a href=\"https:\/\/www.anses.gob.ar\/app-mi-anses\" target=\"_blank\" rel=\"nofollow noopener noreferrer\">app mi ANSES<\/a>, ingresando CUIL y Clave de la Seguridad Social. Ir a\u00a0<i>Mis datos<\/i>, opci\u00f3n\u00a0<i>Mis fechas de cobro<\/i>.<\/p>\n<p class=\"yiv1620017950MsoNormal\">4. A trav\u00e9s de la modalidad\u00a0<a href=\"https:\/\/www.anses.gob.ar\/atencion-virtual\" target=\"_blank\" rel=\"nofollow noopener noreferrer\">Atenci\u00f3n Virtual<\/a>, con CUIL y Clave de la Seguridad Social. Ir a\u00a0<i>Iniciar atenci\u00f3n<\/i>,\u00a0<i>Consultas r\u00e1pidas<\/i>,\u00a0<i>Cu\u00e1ndo y d\u00f3nde cobro<\/i>.<\/p>\n<\/div>\n<p align=\"left\">\n<h3 style=\"text-align: center;\" align=\"left\"><strong>&#8212;&#8212;&#8212;&#8212;&#8212;&#8212;&#8212;&#8212;&#8212;&#8212;&#8212;-<\/strong>&#8212;<\/h3>\n<p align=\"left\">nota anterior<\/p>\n<p class=\"yiv9632924111MsoNormal\">ANSES, organismo dependiente del Ministerio de Capital Humano, inform\u00f3 que este <b>viernes 21 de marzo <\/b>comienzan<b>\u00a0<\/b>los pagos de jubilaciones y pensiones que superen un haber m\u00ednimo; en tanto, contin\u00faan los de la Asignaci\u00f3n Universal por Hijo, Asignaci\u00f3n Familiar por Hijo y Asignaci\u00f3n por Embarazo. Todos incluyen el aumento por movilidad del 2,21 por ciento.<\/p>\n<p class=\"yiv9632924111MsoNormal\"><b>\u00a0<\/b><\/p>\n<p class=\"yiv9632924111MsoNormal\"><b>Jubilaciones y pensiones<\/b><\/p>\n<p class=\"yiv9632924111MsoNormal\">Titulares con documentos concluidos en\u00a0<b>0\u00a0<\/b>y<b>\u00a01\u00a0<\/b>cuyos haberes<b>\u00a0<\/b>superan el monto m\u00ednimo.<b><\/b><\/p>\n<p class=\"yiv9632924111MsoNormal\"><b>Asignaci\u00f3n Universal por Hijo y Asignaci\u00f3n Familiar por Hijo<\/b><\/p>\n<p class=\"yiv9632924111MsoNormal\">Titulares con documentos finalizados en\u00a0<b>7<\/b>.<\/p>\n<p class=\"yiv9632924111MsoNormal\"><b>\u00a0<\/b><\/p>\n<p class=\"yiv9632924111MsoNormal\"><b>Asignaci\u00f3n por Embarazo<\/b><\/p>\n<p class=\"yiv9632924111MsoNormal\">Titulares con documentos terminados en\u00a0<b>7<\/b>.<\/p>\n<div>\n<p class=\"yiv9632924111MsoNormal\"><b>\u00bfC\u00f3mo consultar lugar y fecha de cobro?<\/b><\/p>\n<p class=\"yiv9632924111MsoNormal\">1. Desde el sitio web de ANSES, opci\u00f3n\u00a0<a href=\"https:\/\/www.anses.gob.ar\/consultas\/calendario-de-pagos\" target=\"_blank\" rel=\"nofollow noopener noreferrer\"><i>Calendario de pagos<\/i><\/a>.<\/p>\n<p class=\"yiv9632924111MsoNormal\">2. Desde\u00a0<a href=\"https:\/\/servicioscorp.anses.gob.ar\/clavelogon\/logon.aspx?system=miansesv2\" target=\"_blank\" rel=\"nofollow noopener noreferrer\">mi ANSES<\/a><span class=\"yiv9632924111MsoHyperlink\">,\u00a0<\/span>ingresando CUIL y Clave de la Seguridad Social. Ir a\u00a0<i>Cobros<\/i>, opci\u00f3n\u00a0<i>Consultar fecha<\/i>\u00a0<i>y medio de cobro<\/i>.<\/p>\n<p class=\"yiv9632924111MsoNormal\">3. Desde la\u00a0<a href=\"https:\/\/www.anses.gob.ar\/app-mi-anses\" target=\"_blank\" rel=\"nofollow noopener noreferrer\">app mi ANSES<\/a>, ingresando CUIL y Clave de la Seguridad Social. Ir a\u00a0<i>Mis datos<\/i>, opci\u00f3n\u00a0<i>Mis fechas de cobro<\/i>.<\/p>\n<p class=\"yiv9632924111MsoNormal\">4. A trav\u00e9s de la modalidad\u00a0<a href=\"https:\/\/www.anses.gob.ar\/atencion-virtual\" target=\"_blank\" rel=\"nofollow noopener noreferrer\">Atenci\u00f3n Virtual<\/a>, con CUIL y Clave de la Seguridad Social. Ir a\u00a0<i>Iniciar atenci\u00f3n<\/i>,\u00a0<i>Consultas r\u00e1pidas<\/i>,\u00a0<i>Cu\u00e1ndo y d\u00f3nde cobro<\/i>.<\/p>\n<\/div>\n<h2 style=\"text-align: center;\"><span style=\"color: #808000;\">&#8212;&#8212;&#8212;&#8212;&#8212;&#8212;&#8212;&#8212;&#8212;&#8212;&#8212;&#8212;&#8212;&#8212;&#8212;&#8212;&#8212;&#8211;<\/span><\/h2>\n<p>nota anterior, pagos 14-3<\/p>\n<p class=\"yiv1852802329MsoNormal\">ANSES, organismo dependiente del Ministerio de Capital Humano, inform\u00f3 que <b>este viernes <\/b>contin\u00faan<b>\u00a0<\/b>los pagos de jubilaciones y pensiones m\u00ednimas, Asignaci\u00f3n Universal por Hijo, Asignaci\u00f3n Familiar por Hijo, Asignaci\u00f3n por Embarazo y Asignaci\u00f3n por Prenatal y Maternidad; en tanto, finalizan los de las Pensiones No Contributivas. Todos incluyen el aumento por movilidad del 2,21 por ciento.<\/p>\n<p class=\"yiv1852802329MsoNormal\"><b>\u00a0<\/b><\/p>\n<p class=\"yiv1852802329MsoNormal\"><b>Pensiones No Contributivas<\/b><\/p>\n<p class=\"yiv1852802329MsoNormal\">Titulares con documentos terminados en\u00a0<b>8\u00a0<\/b>y<b>\u00a09<\/b>\u00a0cobran su haber m\u00e1s el bono de 70 mil pesos.<\/p>\n<p class=\"yiv1852802329MsoNormal\"><b>\u00a0<\/b><\/p>\n<p class=\"yiv1852802329MsoNormal\"><b>Jubilaciones y pensiones<\/b><\/p>\n<p class=\"yiv1852802329MsoNormal\">Titulares de jubilaciones y pensiones m\u00ednimas con documentos concluidos en\u00a0<b>2\u00a0<\/b>y<b>\u00a03\u00a0<\/b>cobran su haber m\u00e1s el bono de 70 mil pesos.<\/p>\n<p class=\"yiv1852802329MsoNormal\"><b>\u00a0<\/b><\/p>\n<p class=\"yiv1852802329MsoNormal\"><b>Asignaci\u00f3n Universal por Hijo y Asignaci\u00f3n Familiar por Hijo<\/b><\/p>\n<p class=\"yiv1852802329MsoNormal\">Titulares con documentos finalizados en\u00a0<b>2<\/b>.<\/p>\n<p class=\"yiv1852802329MsoNormal\"><b>Asignaci\u00f3n por Embarazo<\/b><\/p>\n<p class=\"yiv1852802329MsoNormal\">Titulares con documentos terminados en\u00a0<b>2<\/b>.<\/p>\n<p class=\"yiv1852802329MsoNormal\"><b>\u00a0<\/b><\/p>\n<p class=\"yiv1852802329MsoNormal\"><b>Asignaci\u00f3n por Prenatal y Maternidad<\/b><\/p>\n<p class=\"yiv1852802329MsoNormal\">Titulares con documentos concluidos en\u00a0<b>2\u00a0<\/b>y<b>\u00a03<\/b>.<\/p>\n<p class=\"yiv1852802329MsoNormal\"><b>\u00a0<\/b><b>\u00bfC\u00f3mo consultar lugar y fecha de cobro?<\/b><\/p>\n<div>\n<p class=\"yiv1852802329MsoNormal\">1. Desde el sitio web de ANSES, opci\u00f3n\u00a0<a href=\"https:\/\/www.anses.gob.ar\/consultas\/calendario-de-pagos\" target=\"_blank\" rel=\"nofollow noopener noreferrer\"><i>Calendario de pagos<\/i><\/a>.<\/p>\n<p class=\"yiv1852802329MsoNormal\">2. Desde\u00a0<a href=\"https:\/\/servicioscorp.anses.gob.ar\/clavelogon\/logon.aspx?system=miansesv2\" target=\"_blank\" rel=\"nofollow noopener noreferrer\">mi ANSES<\/a><span class=\"yiv1852802329MsoHyperlink\">,\u00a0<\/span>ingresando CUIL y Clave de la Seguridad Social. Ir a\u00a0<i>Cobros<\/i>, opci\u00f3n\u00a0<i>Consultar fecha<\/i>\u00a0<i>y medio de cobro<\/i>.<\/p>\n<p class=\"yiv1852802329MsoNormal\">3. Desde la\u00a0<a href=\"https:\/\/www.anses.gob.ar\/app-mi-anses\" target=\"_blank\" rel=\"nofollow noopener noreferrer\">app mi ANSES<\/a>, ingresando CUIL y Clave de la Seguridad Social. Ir a\u00a0<i>Mis datos<\/i>, opci\u00f3n\u00a0<i>Mis fechas de cobro<\/i>.<\/p>\n<p class=\"yiv1852802329MsoNormal\">4. A trav\u00e9s de la modalidad\u00a0<a href=\"https:\/\/www.anses.gob.ar\/atencion-virtual\" target=\"_blank\" rel=\"nofollow noopener noreferrer\">Atenci\u00f3n Virtual<\/a>, con CUIL y Clave de la Seguridad Social. Ir a\u00a0<i>Iniciar atenci\u00f3n<\/i>,\u00a0<i>Consultas r\u00e1pidas<\/i>,\u00a0<i>Cu\u00e1ndo y d\u00f3nde cobro<\/i>.<\/p>\n<\/div>\n<p>&nbsp;<\/p>\n<p>&nbsp;<\/p>\n<p>&#8211;<strong>&#8212;&#8212;&#8212;&#8212;&#8212;&#8212;&#8212;&#8212;&#8212;&#8212;&#8212;&#8212;&#8212;&#8212;&#8212;-<\/strong><!--more--><\/p>\n<p class=\"yiv7491985179MsoNormal\"><b>Bono de 70 mil pesos para las m\u00ednimas, sigue en marzo.<\/b><b><\/b><!--more--><\/p>\n<p class=\"yiv7491985179MsoNormal\">ANSES, organismo dependiente del Ministerio de Capital Humano, inform\u00f3 que las jubilaciones, pensiones y asignaciones se incrementan en<b>\u00a0marzo<\/b>\u00a0del\u00a0<b>2,21 por ciento<\/b>, por la f\u00f3rmula de movilidad que toma como referencia el \u00cdndice de Precios al Consumidor (IPC) de enero publicado por el Instituto Nacional de Estad\u00edstica y Censos (INDEC).<\/p>\n<p class=\"yiv7491985179MsoNormal\">Adem\u00e1s, los titulares de jubilaciones y pensiones con haberes m\u00ednimos cobran, con el calendario de pagos habitual, un<b>\u00a0bono de 70 mil pesos<\/b>, por lo que ning\u00fan jubilado o pensionado recibir\u00e1 menos de<b>\u00a0349.121,71 pesos\u00a0<\/b>(279.121,71 pesos de haber m\u00ednimo con aumento + 70 mil pesos de bono)<b>.\u00a0<\/b>En tanto, quienes superen el m\u00ednimo tendr\u00e1n un bono proporcional hasta alcanzar los 349.121,71 pesos.<b><\/b><\/p>\n<p class=\"yiv7491985179MsoNormal\">La Pensi\u00f3n Universal para el Adulto Mayor (PUAM) pasa a <b>293.297,37\u00a0<\/b>(223.297,37 pesos de haber con aumento + 70 mil pesos de bono), y las Pensiones No Contributivas (PNC) por Invalidez y Vejez, de <b>265.385,20\u00a0<\/b>pesos (195.385,20 pesos de haber con aumento + 70 mil pesos de bono).<b><\/b><\/p>\n<p>En tanto, la Asignaci\u00f3n Universal por Hijo (AUH) ascend\u00edo a <b>100.297 pesos<\/b>; la AUH por Hijo con Discapacidad, a\u00a0<b>326.587 pesos<\/b>, y la Asignaci\u00f3n Familiar por Hijo, a\u00a0<b>50.151 pesos<\/b>\u00a0para el primer rango de ingresos.<\/p>\n<p class=\"yiv7491985179MsoNormal\">\n","protected":false},"excerpt":{"rendered":"<p>&nbsp; CALENDARIO DE PAGOS.<\/p>\n","protected":false},"author":3,"featured_media":28677,"comment_status":"open","ping_status":"open","sticky":false,"template":"","format":"standard","meta":{"footnotes":"","jetpack_publicize_message":"","jetpack_publicize_feature_enabled":true,"jetpack_social_post_already_shared":true,"jetpack_social_options":{"image_generator_settings":{"template":"highway","default_image_id":0,"font":"","enabled":false},"version":2}},"categories":[81],"tags":[3084],"class_list":["post-28675","post","type-post","status-publish","format-standard","has-post-thumbnail","hentry","category-anses","tag-anses-marzo-pagos"],"jetpack_publicize_connections":[],"jetpack_featured_media_url":"https:\/\/revistaepocadigital.com.ar\/wp-content\/uploads\/2025\/03\/MOVILIDAD_0.png","jetpack_likes_enabled":true,"_links":{"self":[{"href":"https:\/\/revistaepocadigital.com.ar\/index.php?rest_route=\/wp\/v2\/posts\/28675","targetHints":{"allow":["GET"]}}],"collection":[{"href":"https:\/\/revistaepocadigital.com.ar\/index.php?rest_route=\/wp\/v2\/posts"}],"about":[{"href":"https:\/\/revistaepocadigital.com.ar\/index.php?rest_route=\/wp\/v2\/types\/post"}],"author":[{"embeddable":true,"href":"https:\/\/revistaepocadigital.com.ar\/index.php?rest_route=\/wp\/v2\/users\/3"}],"replies":[{"embeddable":true,"href":"https:\/\/revistaepocadigital.com.ar\/index.php?rest_route=%2Fwp%2Fv2%2Fcomments&post=28675"}],"version-history":[{"count":0,"href":"https:\/\/revistaepocadigital.com.ar\/index.php?rest_route=\/wp\/v2\/posts\/28675\/revisions"}],"wp:featuredmedia":[{"embeddable":true,"href":"https:\/\/revistaepocadigital.com.ar\/index.php?rest_route=\/wp\/v2\/media\/28677"}],"wp:attachment":[{"href":"https:\/\/revistaepocadigital.com.ar\/index.php?rest_route=%2Fwp%2Fv2%2Fmedia&parent=28675"}],"wp:term":[{"taxonomy":"category","embeddable":true,"href":"https:\/\/revistaepocadigital.com.ar\/index.php?rest_route=%2Fwp%2Fv2%2Fcategories&post=28675"},{"taxonomy":"post_tag","embeddable":true,"href":"https:\/\/revistaepocadigital.com.ar\/index.php?rest_route=%2Fwp%2Fv2%2Ftags&post=28675"}],"curies":[{"name":"wp","href":"https:\/\/api.w.org\/{rel}","templated":true}]}}