{"id":2873,"date":"2019-07-15T23:28:58","date_gmt":"2019-07-16T02:28:58","guid":{"rendered":"https:\/\/revistaepocadigital.com.ar\/?p=2873"},"modified":"2019-07-15T23:28:58","modified_gmt":"2019-07-16T02:28:58","slug":"valerio-diamante-repitio-victoria","status":"publish","type":"post","link":"https:\/\/revistaepocadigital.com.ar\/?p=2873","title":{"rendered":"VALERIO DIAMANTE REPITI\u00d3 VICTORIA!"},"content":{"rendered":"<p><strong>EL PILOTO DE CAPILLA DEL SE\u00d1OR.<\/strong><!--more--><\/p>\n<p>En el circuito 9 del Aut\u00f3dromo Oscar y Juan G\u00e1lvez, <strong>Diamante<\/strong> consigui\u00f3 su segunda victoria consecutiva en la 5\u00b0 fecha de la<strong> Clase A de Procar 4000<\/strong>. El d\u00eda se puso en marcha con la primera y \u00fanica tanda de entrenamientos. Gast\u00f3n Garmendia ser\u00eda el m\u00e1s r\u00e1pido por una m\u00ednima diferencia sobre Juan Manuel Rodr\u00edguez con la Chevy del DMC Team. Tercero qued\u00f3 ubicado el campe\u00f3n de la categor\u00eda, Diego Chao, a bordo de su Chevy que alista el Martellini Competici\u00f3n.<\/p>\n<p>Un rato m\u00e1s tarde la clasificaci\u00f3n. El due\u00f1o de la pole seria quien debutaba en la categor\u00eda, German Pietranera. Segundo fue Valerio Diamante y tercero Juan Carlos \u201cEl Gur\u00fa\u201d Cicarelli con el Ford de su propia estructura.<\/p>\n<figure id=\"attachment_2876\" aria-describedby=\"caption-attachment-2876\" style=\"width: 800px\" class=\"wp-caption aligncenter\"><img loading=\"lazy\" decoding=\"async\" class=\"size-full wp-image-2876\" src=\"https:\/\/revistaepocadigital.com.ar\/wp-content\/uploads\/2019\/07\/diamante19.jpg\" alt=\"\" width=\"800\" height=\"533\" srcset=\"https:\/\/revistaepocadigital.com.ar\/wp-content\/uploads\/2019\/07\/diamante19.jpg 800w, https:\/\/revistaepocadigital.com.ar\/wp-content\/uploads\/2019\/07\/diamante19-300x200.jpg 300w, https:\/\/revistaepocadigital.com.ar\/wp-content\/uploads\/2019\/07\/diamante19-768x512.jpg 768w, https:\/\/revistaepocadigital.com.ar\/wp-content\/uploads\/2019\/07\/diamante19-696x464.jpg 696w, https:\/\/revistaepocadigital.com.ar\/wp-content\/uploads\/2019\/07\/diamante19-630x420.jpg 630w\" sizes=\"auto, (max-width: 800px) 100vw, 800px\" \/><figcaption id=\"caption-attachment-2876\" class=\"wp-caption-text\">El capillense en la Dodge.<\/figcaption><\/figure>\n<p>La programaci\u00f3n continu\u00f3 con la serie inicial, que gan\u00f3 German Pietranera como ganador con una gran diferencia sobre Mauro Tramontana (Ford). El podio lo complet\u00f3 Juan Carlos Cicarelli.\u00a0 En la segunda serie Valerio demostr\u00f3 su potencial y se llev\u00f3 el parcial; lo siguieron el campe\u00f3n 2018 Diego Chao y tercero Juan Manuel \u201cManolo\u201d Rodr\u00edguez.<\/p>\n<p>A la hora de la final,<strong> \u201cCarrera Homenaje a Martin Cornet\u201d,<\/strong> el piloto fallecido hace poco, Pietranera larg\u00f3 desde la cuerda por haber conseguido la serie m\u00e1s r\u00e1pida, tom\u00f3 la punta seguido por Diamante. El puntero no pudo sacarle una amplia diferencia a su escolta y cuando culminaba el giro inicial, el capillense intent\u00f3 pasarlo por afuera en la curva uno. Con medio auto de Diamante por delante de Pietranera se produjo el toque que dej\u00f3 al debutante en pista. Luego los comisarios deportivos decidieron que la maniobra de Pietranera deb\u00eda ser penalizada con un puesto de recargo. La victoria qued\u00f3 en manos de<strong> Valerio<\/strong> para llevarse a\u00ed la segunda victoria al hilo con el <strong>Dodge del T\u00e1rtara Competici\u00f3n<\/strong>. Segundo Pietranera luego del recargo con el auto del Rodrigues Competici\u00f3n, y el \u00faltimo escal\u00f3n del podio para el subcampe\u00f3n Gast\u00f3n Garmendia con la Dodge propia motorizada por Emiliano Bertazzo.<\/p>\n<p>As\u00ed qued\u00f3 el campeonato, Garmendia 197,50 puntos, <strong>Valerio Diamante lo acecha<\/strong> con 187,50, luego Marcelo Mascaro 151. Pr\u00f3xima fecha, 17 y 18 de agosto en el circuito 8 del \u201cOscar y Juan\u201d G\u00e1lvez de Buenos Aires. Valerio viene con todo, atenci\u00f3n.<\/p>\n<p>Fotos: Prensa Procar 4000<\/p>\n","protected":false},"excerpt":{"rendered":"<p>EL PILOTO DE CAPILLA DEL SE\u00d1OR.<\/p>\n","protected":false},"author":4,"featured_media":2875,"comment_status":"open","ping_status":"open","sticky":false,"template":"","format":"standard","meta":{"footnotes":"","jetpack_publicize_message":"","jetpack_publicize_feature_enabled":true,"jetpack_social_post_already_shared":false,"jetpack_social_options":{"image_generator_settings":{"template":"highway","default_image_id":0,"font":"","enabled":false},"version":2}},"categories":[9],"tags":[37,333],"class_list":["post-2873","post","type-post","status-publish","format-standard","has-post-thumbnail","hentry","category-deportes","tag-destacada","tag-diamante"],"jetpack_publicize_connections":[],"jetpack_featured_media_url":"https:\/\/revistaepocadigital.com.ar\/wp-content\/uploads\/2019\/07\/diam1.jpg","jetpack_likes_enabled":true,"_links":{"self":[{"href":"https:\/\/revistaepocadigital.com.ar\/index.php?rest_route=\/wp\/v2\/posts\/2873","targetHints":{"allow":["GET"]}}],"collection":[{"href":"https:\/\/revistaepocadigital.com.ar\/index.php?rest_route=\/wp\/v2\/posts"}],"about":[{"href":"https:\/\/revistaepocadigital.com.ar\/index.php?rest_route=\/wp\/v2\/types\/post"}],"author":[{"embeddable":true,"href":"https:\/\/revistaepocadigital.com.ar\/index.php?rest_route=\/wp\/v2\/users\/4"}],"replies":[{"embeddable":true,"href":"https:\/\/revistaepocadigital.com.ar\/index.php?rest_route=%2Fwp%2Fv2%2Fcomments&post=2873"}],"version-history":[{"count":0,"href":"https:\/\/revistaepocadigital.com.ar\/index.php?rest_route=\/wp\/v2\/posts\/2873\/revisions"}],"wp:featuredmedia":[{"embeddable":true,"href":"https:\/\/revistaepocadigital.com.ar\/index.php?rest_route=\/wp\/v2\/media\/2875"}],"wp:attachment":[{"href":"https:\/\/revistaepocadigital.com.ar\/index.php?rest_route=%2Fwp%2Fv2%2Fmedia&parent=2873"}],"wp:term":[{"taxonomy":"category","embeddable":true,"href":"https:\/\/revistaepocadigital.com.ar\/index.php?rest_route=%2Fwp%2Fv2%2Fcategories&post=2873"},{"taxonomy":"post_tag","embeddable":true,"href":"https:\/\/revistaepocadigital.com.ar\/index.php?rest_route=%2Fwp%2Fv2%2Ftags&post=2873"}],"curies":[{"name":"wp","href":"https:\/\/api.w.org\/{rel}","templated":true}]}}