{"id":28744,"date":"2025-03-12T11:12:00","date_gmt":"2025-03-12T14:12:00","guid":{"rendered":"https:\/\/revistaepocadigital.com.ar\/?p=28744"},"modified":"2025-03-12T11:13:26","modified_gmt":"2025-03-12T14:13:26","slug":"exaltacion-de-la-cruz-por-bahia-blanca-seamos-solidarios","status":"publish","type":"post","link":"https:\/\/revistaepocadigital.com.ar\/?p=28744","title":{"rendered":"EXALTACI\u00d3N DE LA CRUZ POR BAH\u00cdA BLANCA. SEAMOS SOLIDARIOS"},"content":{"rendered":"<p><strong>ENCUENTRO.<\/strong><\/p>\n<p><strong>Se reciben donaciones en Capilla del Se\u00f1or, Parada Robles y Los Cardales<\/strong><\/p>\n<p><!--more--><br \/>\nEste s\u00e1bado 15 de marzo, tiene lugar en Capilla del Se\u00f1or, un encuentro solidario para recibir donaciones para tambi\u00e9n ayudar a la poblaci\u00f3n de Bah\u00eda Blanca que padece la peor tragedia de su historia luego del temporal de lluvia ca\u00edda.<\/p>\n<p>Fueron 300 mil\u00edmetros en apenas 12 horas (lo que llueve en unos seis meses), que caus\u00f3 grav\u00edsimas consecuencias, p\u00e9rdidas de vidas humanas a\u00fan no establecidas en forma fehaciente, familias que han quedado a la deriva tras perder bienes y afectos y una poblaci\u00f3n devastada as\u00ed como en localidades aleda\u00f1aasa.<\/p>\n<p>Es muy gratificante en el marco del dolor y angustia extendida por el pa\u00eds, observar las innumerables muestras de solidaridad del pueblo argentino que, como ante otras situaciones similares ocurridas, ratifica en su inmensa mayor\u00eda el sentimiento y pertenencia existente entre\u00a0 compatriotas. Condiciones vitales entre otras,\u00a0 como el respeto mutuo y la tolerancia que han sabido ser arrasadas por gobiernos y pol\u00edticos de turno, en franca disociaci\u00f3n con la gente, apegados a\u00a0 luchas palaciegas por el poder e intereses politicos y econ\u00f3micos en beneficios propios, retrogradando impudicamente, las necesidades de la gente.<\/p>\n<p>&nbsp;<\/p>\n<p><img loading=\"lazy\" decoding=\"async\" class=\"aligncenter size-full wp-image-28746\" src=\"https:\/\/revistaepocadigital.com.ar\/wp-content\/uploads\/2025\/03\/muni-bahia.jpg\" alt=\"\" width=\"750\" height=\"1112\" srcset=\"https:\/\/revistaepocadigital.com.ar\/wp-content\/uploads\/2025\/03\/muni-bahia.jpg 750w, https:\/\/revistaepocadigital.com.ar\/wp-content\/uploads\/2025\/03\/muni-bahia-202x300.jpg 202w, https:\/\/revistaepocadigital.com.ar\/wp-content\/uploads\/2025\/03\/muni-bahia-696x1032.jpg 696w, https:\/\/revistaepocadigital.com.ar\/wp-content\/uploads\/2025\/03\/muni-bahia-283x420.jpg 283w, https:\/\/revistaepocadigital.com.ar\/wp-content\/uploads\/2025\/03\/muni-bahia-567x840.jpg 567w\" sizes=\"auto, (max-width: 750px) 100vw, 750px\" \/><\/p>\n<p>&nbsp;<\/p>\n<p>El encuentro solidario en Capilla del Se\u00f1or:<br \/>\n\ud83d\udccdCasa del Joven, 10 a 17 hs.<br \/>\n\u2747\ufe0f Desde las 14 horas se presentan artistas locales para acompa\u00f1ar la gran jornada.<br \/>\n\ud83d\udccbPod\u00e9s donar: Lavandina, detergente, cloro, repelente, pa\u00f1ales para ni\u00f1os y adultos, alimentos secos y agua mineral.<\/p>\n<p>\u00a1Sumate! y colabor\u00e1; tambi\u00e9n como exaltacrucenses, vale la pena demostrar tambi\u00e9n la permanente empat\u00eda con el pr\u00f3jimo<\/p>\n","protected":false},"excerpt":{"rendered":"<p>ENCUENTRO. Se reciben donaciones en Capilla del Se\u00f1or, Parada Robles y Los Cardales<\/p>\n","protected":false},"author":4,"featured_media":28746,"comment_status":"open","ping_status":"open","sticky":false,"template":"","format":"standard","meta":{"footnotes":"","jetpack_publicize_message":"","jetpack_publicize_feature_enabled":true,"jetpack_social_post_already_shared":true,"jetpack_social_options":{"image_generator_settings":{"template":"highway","default_image_id":0,"font":"","enabled":false},"version":2}},"categories":[13],"tags":[3089],"class_list":["post-28744","post","type-post","status-publish","format-standard","has-post-thumbnail","hentry","category-interes-general","tag-encuentro-solidario-por-bahia-blanca"],"jetpack_publicize_connections":[],"jetpack_featured_media_url":"https:\/\/revistaepocadigital.com.ar\/wp-content\/uploads\/2025\/03\/muni-bahia.jpg","jetpack_likes_enabled":true,"_links":{"self":[{"href":"https:\/\/revistaepocadigital.com.ar\/index.php?rest_route=\/wp\/v2\/posts\/28744","targetHints":{"allow":["GET"]}}],"collection":[{"href":"https:\/\/revistaepocadigital.com.ar\/index.php?rest_route=\/wp\/v2\/posts"}],"about":[{"href":"https:\/\/revistaepocadigital.com.ar\/index.php?rest_route=\/wp\/v2\/types\/post"}],"author":[{"embeddable":true,"href":"https:\/\/revistaepocadigital.com.ar\/index.php?rest_route=\/wp\/v2\/users\/4"}],"replies":[{"embeddable":true,"href":"https:\/\/revistaepocadigital.com.ar\/index.php?rest_route=%2Fwp%2Fv2%2Fcomments&post=28744"}],"version-history":[{"count":0,"href":"https:\/\/revistaepocadigital.com.ar\/index.php?rest_route=\/wp\/v2\/posts\/28744\/revisions"}],"wp:featuredmedia":[{"embeddable":true,"href":"https:\/\/revistaepocadigital.com.ar\/index.php?rest_route=\/wp\/v2\/media\/28746"}],"wp:attachment":[{"href":"https:\/\/revistaepocadigital.com.ar\/index.php?rest_route=%2Fwp%2Fv2%2Fmedia&parent=28744"}],"wp:term":[{"taxonomy":"category","embeddable":true,"href":"https:\/\/revistaepocadigital.com.ar\/index.php?rest_route=%2Fwp%2Fv2%2Fcategories&post=28744"},{"taxonomy":"post_tag","embeddable":true,"href":"https:\/\/revistaepocadigital.com.ar\/index.php?rest_route=%2Fwp%2Fv2%2Ftags&post=28744"}],"curies":[{"name":"wp","href":"https:\/\/api.w.org\/{rel}","templated":true}]}}