{"id":28758,"date":"2025-03-12T12:57:18","date_gmt":"2025-03-12T15:57:18","guid":{"rendered":"https:\/\/revistaepocadigital.com.ar\/?p=28758"},"modified":"2025-03-12T13:01:30","modified_gmt":"2025-03-12T16:01:30","slug":"por-amenazas-con-arma-de-fuego-detuvieron-a-un-delicuente-joven","status":"publish","type":"post","link":"https:\/\/revistaepocadigital.com.ar\/?p=28758","title":{"rendered":"POR AMENAZAS CON ARMA DE FUEGO DETUVIERON A UN DELICUENTE JOVEN"},"content":{"rendered":"<div dir=\"ltr\"><strong>LOS CARDALES.<\/strong><\/div>\n<p><!--more--><\/p>\n<div dir=\"ltr\"><\/div>\n<div dir=\"ltr\"><\/div>\n<div dir=\"ltr\">En las \u00faltimas horas, la polic\u00eda de Exaltaci\u00f3n de la Cruz logr\u00f3 la detenci\u00f3n de un peligroso delincuente que cuenta con un frondoso prontuario policial pese a su juventud pero que esta vez fue aprehendido por el delito de amenazas agravadas.<\/div>\n<div dir=\"ltr\"><\/div>\n<div dir=\"ltr\">La investigaci\u00f3n policial, motorizada por el eficaz trabajo de la UFI local que comanda Juan Manuel Esperante, comenz\u00f3 el pasado 31 de enero, cuando un hombre de 35 a\u00f1os denunci\u00f3 haber sido amenazado por un joven hombre en la obra en la que estaba trabajando.<\/div>\n<div dir=\"ltr\"><\/div>\n<div dir=\"ltr\">Seg\u00fan la denuncia, el trabajador se encontraba en San Mart\u00edn y Sarmiento cuando apareci\u00f3 este sujeto que, portando un arma de fuego, profiri\u00f3 frases amenazantes contra la v\u00edctima del hecho. Tras ello se retir\u00f3 r\u00e1pidamente de la zona.<\/div>\n<div dir=\"ltr\"><\/div>\n<div dir=\"ltr\">De inmediato, la polic\u00eda llev\u00f3 adelante tareas investigativas y de campo tendientes a esclarecer el hecho y a partir de las pruebas recolectadas, logr\u00f3 la correspondiente orden de allanamiento.<\/div>\n<div dir=\"ltr\"><\/div>\n<div dir=\"ltr\">El procedimiento arroj\u00f3 resultado positivo ya que se inacautaron varios elementos probatorios, que inculpaban como autor del hecho al morador de la finca allanada.<\/div>\n<div dir=\"ltr\"><\/div>\n<div dir=\"ltr\">Continuando con la pesquisa y de otros elementos que hacen a la carga de prueba, se obtuvo la orden de detenci\u00f3n del imputado y se lo detuvo en la intersecci\u00f3n de Las Heras y Pasteur de Capilla del Se\u00f1or. Se trata de un sujeto de 19 a\u00f1os pero con importante cantidad de antecedentes delictivos.<\/div>\n<div dir=\"ltr\"><\/div>\n<div dir=\"ltr\">De la actuaci\u00f3n judicial intervino la UFI de Exaltaci\u00f3n de la Cruz, que aval\u00f3 lo actuado y dispuso las diligencias de rigor.<\/div>\n","protected":false},"excerpt":{"rendered":"<p>LOS CARDALES.<\/p>\n","protected":false},"author":3,"featured_media":28759,"comment_status":"open","ping_status":"open","sticky":false,"template":"","format":"standard","meta":{"footnotes":"","jetpack_publicize_message":"","jetpack_publicize_feature_enabled":true,"jetpack_social_post_already_shared":true,"jetpack_social_options":{"image_generator_settings":{"template":"highway","default_image_id":0,"font":"","enabled":false},"version":2}},"categories":[4],"tags":[329],"class_list":["post-28758","post","type-post","status-publish","format-standard","has-post-thumbnail","hentry","category-aqui-los-cardales","tag-policiales"],"jetpack_publicize_connections":[],"jetpack_featured_media_url":"https:\/\/revistaepocadigital.com.ar\/wp-content\/uploads\/2025\/03\/PHOTO-2025-03-11-20-08-58.jpg","jetpack_likes_enabled":true,"_links":{"self":[{"href":"https:\/\/revistaepocadigital.com.ar\/index.php?rest_route=\/wp\/v2\/posts\/28758","targetHints":{"allow":["GET"]}}],"collection":[{"href":"https:\/\/revistaepocadigital.com.ar\/index.php?rest_route=\/wp\/v2\/posts"}],"about":[{"href":"https:\/\/revistaepocadigital.com.ar\/index.php?rest_route=\/wp\/v2\/types\/post"}],"author":[{"embeddable":true,"href":"https:\/\/revistaepocadigital.com.ar\/index.php?rest_route=\/wp\/v2\/users\/3"}],"replies":[{"embeddable":true,"href":"https:\/\/revistaepocadigital.com.ar\/index.php?rest_route=%2Fwp%2Fv2%2Fcomments&post=28758"}],"version-history":[{"count":0,"href":"https:\/\/revistaepocadigital.com.ar\/index.php?rest_route=\/wp\/v2\/posts\/28758\/revisions"}],"wp:featuredmedia":[{"embeddable":true,"href":"https:\/\/revistaepocadigital.com.ar\/index.php?rest_route=\/wp\/v2\/media\/28759"}],"wp:attachment":[{"href":"https:\/\/revistaepocadigital.com.ar\/index.php?rest_route=%2Fwp%2Fv2%2Fmedia&parent=28758"}],"wp:term":[{"taxonomy":"category","embeddable":true,"href":"https:\/\/revistaepocadigital.com.ar\/index.php?rest_route=%2Fwp%2Fv2%2Fcategories&post=28758"},{"taxonomy":"post_tag","embeddable":true,"href":"https:\/\/revistaepocadigital.com.ar\/index.php?rest_route=%2Fwp%2Fv2%2Ftags&post=28758"}],"curies":[{"name":"wp","href":"https:\/\/api.w.org\/{rel}","templated":true}]}}