{"id":28777,"date":"2025-03-17T02:46:08","date_gmt":"2025-03-17T05:46:08","guid":{"rendered":"https:\/\/revistaepocadigital.com.ar\/?p=28777"},"modified":"2025-03-17T02:46:08","modified_gmt":"2025-03-17T05:46:08","slug":"dia-del-telefonico-martes-18-de-marzo-en-cepral-el-servicio-de-telecomunicaciones-no-atiende-al-publico","status":"publish","type":"post","link":"https:\/\/revistaepocadigital.com.ar\/?p=28777","title":{"rendered":"D\u00eda del Telef\u00f3nico, martes 18 de marzo. En CEPRAL, el Servicio de Telecomunicaciones no atiende al p\u00fablico"},"content":{"rendered":"<p><strong>NOTA SERVICIO.<\/strong><!--more--><\/p>\n<p><strong>El Consejo de Administraci\u00f3n de CEPRAL hizo saber a sus usuarios:<\/strong><\/p>\n<p><strong>Servicio de Telecomunicaciones\u00a0<\/strong><\/p>\n<p>Comunicamos que\u00a0<strong>con motivo de celebrarse el D\u00eda del Telef\u00f3nico el martes 18 de marzo<\/strong>, si bien nuestra Cooperativa estar\u00e1 abierta,\u00a0<strong>no habr\u00e1 atenci\u00f3n al p\u00fablico ni se responder\u00e1n reclamos relacionados con el Servicio de Telecomunicaciones.\u00a0<\/strong><\/p>\n<p><strong>Muchas Gracias.<\/strong><\/p>\n","protected":false},"excerpt":{"rendered":"<p>NOTA SERVICIO.<\/p>\n","protected":false},"author":3,"featured_media":28780,"comment_status":"open","ping_status":"open","sticky":false,"template":"","format":"standard","meta":{"footnotes":"","jetpack_publicize_message":"","jetpack_publicize_feature_enabled":true,"jetpack_social_post_already_shared":true,"jetpack_social_options":{"image_generator_settings":{"template":"highway","default_image_id":0,"font":"","enabled":false},"version":2}},"categories":[5],"tags":[29,3093],"class_list":["post-28777","post","type-post","status-publish","format-standard","has-post-thumbnail","hentry","category-aqui-parada-robles","tag-cepral","tag-dia-telefonico"],"jetpack_publicize_connections":[],"jetpack_featured_media_url":"https:\/\/revistaepocadigital.com.ar\/wp-content\/uploads\/2025\/03\/mail-3.jpg","jetpack_likes_enabled":true,"_links":{"self":[{"href":"https:\/\/revistaepocadigital.com.ar\/index.php?rest_route=\/wp\/v2\/posts\/28777","targetHints":{"allow":["GET"]}}],"collection":[{"href":"https:\/\/revistaepocadigital.com.ar\/index.php?rest_route=\/wp\/v2\/posts"}],"about":[{"href":"https:\/\/revistaepocadigital.com.ar\/index.php?rest_route=\/wp\/v2\/types\/post"}],"author":[{"embeddable":true,"href":"https:\/\/revistaepocadigital.com.ar\/index.php?rest_route=\/wp\/v2\/users\/3"}],"replies":[{"embeddable":true,"href":"https:\/\/revistaepocadigital.com.ar\/index.php?rest_route=%2Fwp%2Fv2%2Fcomments&post=28777"}],"version-history":[{"count":0,"href":"https:\/\/revistaepocadigital.com.ar\/index.php?rest_route=\/wp\/v2\/posts\/28777\/revisions"}],"wp:featuredmedia":[{"embeddable":true,"href":"https:\/\/revistaepocadigital.com.ar\/index.php?rest_route=\/wp\/v2\/media\/28780"}],"wp:attachment":[{"href":"https:\/\/revistaepocadigital.com.ar\/index.php?rest_route=%2Fwp%2Fv2%2Fmedia&parent=28777"}],"wp:term":[{"taxonomy":"category","embeddable":true,"href":"https:\/\/revistaepocadigital.com.ar\/index.php?rest_route=%2Fwp%2Fv2%2Fcategories&post=28777"},{"taxonomy":"post_tag","embeddable":true,"href":"https:\/\/revistaepocadigital.com.ar\/index.php?rest_route=%2Fwp%2Fv2%2Ftags&post=28777"}],"curies":[{"name":"wp","href":"https:\/\/api.w.org\/{rel}","templated":true}]}}