{"id":28786,"date":"2025-03-20T01:00:56","date_gmt":"2025-03-20T04:00:56","guid":{"rendered":"https:\/\/revistaepocadigital.com.ar\/?p=28786"},"modified":"2025-03-20T01:00:56","modified_gmt":"2025-03-20T04:00:56","slug":"sancho-retuvo-la-presidencia-del-concejo-deliberante","status":"publish","type":"post","link":"https:\/\/revistaepocadigital.com.ar\/?p=28786","title":{"rendered":"SANCHO RETUVO LA PRESIDENCIA DEL CONCEJO DELIBERANTE"},"content":{"rendered":"<p><strong>ESTUVO EN JUEGO.<\/strong><!--more--><\/p>\n<p>Como est\u00e1 fijado, una vez establecido un resultado electoral, en pueblos y ciudades asumen concejales electos, y el siguiente paso formal es la designaci\u00f3n del presidente de cada Concejo Deliberante. En Exaltaci\u00f3n de la Cruz, al cabo de las \u00faltimos elecciones que determinaron la reelecci\u00f3n de Diego Nanni como intendente (en el actual contexto pol\u00edtico local, se especula con su futuro pol\u00edtico y el rumbo que podr\u00eda tomar a partir de 2027), Ra\u00fal Sancho del PRO\/JXC, fue elegido como presidente del cuerpo luego de intensas negociaciones entre los bloques, m\u00e1s all\u00e1 que hubiera sido otra vez derrotado en las urnas ante otra postulaci\u00f3n para intedente.<\/p>\n<p>Por esas cuestiones pol\u00edticas que muchas veces la gente desconoce o bien, no resultan informados, en los \u00faltimos d\u00edas pese a que no hubo elecciones de por medio, la continuidad de Sancho al frente del HCD fue motivo de tironeos e intenciones de algunos concejales para desligarlo del cargo.<\/p>\n<p>En la reciente sesi\u00f3n qued\u00f3 planteada esa intenci\u00f3n, versiones previas indicaron que el oficialismo pretend\u00eda el cargo, otros que motorizaba el tema el bloque de La Libertad Avanza\u00a0 (LLA), sus concejales no habr\u00edan estado de acuerdo con la permanencia de Sancho en la presidencia. El hombre del PRO de conocidas convicciones pol\u00edticas quien, tendr\u00eda intenciones de volver a postularse pese a los resultados adversos en elecciones pasadas, a intendente en 2027. Ese punto aparece como de significaci\u00f3n, ante el panorama actual del PRO y, tambi\u00e9n circulando en materia de postulantes a intendente por el PRO\/JXC al abogado y concejal Patricio Diez,<\/p>\n<div class=\"wp-menu-arrow\">\n<div>Trascendidos conocidos por EPOCA, adjudicaron por otro lado, la intenci\u00f3n de remover del cargo a Sancho, al conflicto de intereses pol\u00edticos planteado tiempo atr\u00e1s en la filial capillense del PAMI, cuando el funcionario a cargo (de la LLA), fuera desplazado para que ocupara dicho puesto un hombre del PRO, movida originada a nivel provincial para distritos en la provincia de Buenos Aires, fruto de un acuerdo al que no habr\u00eda sido ajeno el legislador nacional Ritondo. La LLA avanz\u00f3 con negociaciones\/conversaciones previas con otros bloques para conseguir el acompa\u00f1amiento en el planteo, para conseguir el objetivo de reemplazar a Sancho. Sin embaro, no cont\u00f3 con los votos suficientes y, sumado al apoyo del bloque oficialista de concejales. Precisamente tambi\u00e9n pudo saberse que el oficialismo con el conocimiento del intendente Nanni y LLA con la concejal y referente a la cabeza, Denissa Ver\u00f3n, consultaron a otros concejales considerados factibles para ocupar la presidencia del\u00a0 HCD que finalmente retuvo Sancho.\u00a0 \u00a0 \u00a0 \u00a0 .<\/div>\n<\/div>\n<div><\/div>\n<p>Como en otras tantas ocasiones, Sancho hizo saber su postura y an\u00e1lisis de lo sucedido, a trav\u00e9s de un extenso posteo en la red social Facebook. En tan sentido plante\u00f3: <em>&#8220;Lo que ocurri\u00f3 anoche (por la \u00faltima sesi\u00f3n) en el concejo deiberante fue algo INS\u00d3LITO. Que una mayor\u00eda, conformada por bloques de la oposici\u00f3n, use esa mayor\u00eda para LIMITAR sus propias facultades, es algo que no ha pasado nunca&#8221;.<\/em><\/p>\n<p><em>&#8220;La pol\u00edtica<\/em> -continu\u00f3- <em>nos acostumbra al conflicto y la disputa como algo inevitable. Ayer el Concejo Dliberante aprob\u00f3 que para conceder a una persona (sea quien sea), un PRIVILEGIO (desde una condonaci\u00f3n de una deuda de tasas hasta una excepci\u00f3n) debe hacerse con un consenso mayor. No es habitual que quienes lograron conformar el PODER suficiente para decidir algo, sin necesidad de consensuar con el resto, se autolimiten&#8221;.<\/em><\/p>\n<p><em>&#8220;No es lo habitual, pero es lo correcto. Desde diciembre de 2023 la oposici\u00f3n tiene mayor\u00eda en el Concejo Deliberante. Y a partir de ah\u00ed todo cambi\u00f3. Si oficialismo y oposici\u00f3n segu\u00edamos cada uno en la misma senda, no iba a salir nada del HCD (refiri\u00e9ndose a resoluciones, ordenanzas) y el principal perjuicio iba a ser para nuestros vecinos. Ese cambi\u00f3 en la mayor\u00eda nos oblig\u00f3 a todos a transitar el camino del consenso, muy pocas veces transitado. La pol\u00edtica te arrastra siempre para el otro lado, al conflicto&#8221;<\/em>, afirm\u00f3 despu\u00e9s.<\/p>\n<p><em>&#8220;Desde el consenso de proyectos que hab\u00edamos presentado varias veces (como la Ordenanza de \u00c9tica P\u00fablica o el consorcio de caminos rurales), se pudieron aprobar con la conformidad de la oposici\u00f3n, del oficialismo y el aval del intendente. Del consenso logramos aprobar un presupuesto municipal, que contempla necesidades de obras en los barrios y da al Ejecutivo herramientas para trabajar. Hemos logrado eliminar m\u00e1s de CINCUENTA TASAS que estaban en la ordenanza impositiva hace d\u00e9cadas<\/em>&#8220;, rese\u00f1\u00f3 Sancho.<\/p>\n<p><em>&#8220;AHORA<\/em> -revel\u00f3-, <em>si se le va a condonar una deuda a alg\u00fan vecino (que es permitirle no pagar algo que tienen que pagar todos), o se le va a dar una excepci\u00f3n (para que pueda hacer algo que el resto no puede, en un lugar donde no est\u00e1 permitido), tendr\u00e1 que haber un consenso mayor, que nos har\u00e1 saber que hay razones suficientes para que eso ocurra y no simple amiguismo o conveniencia&#8221;.<\/em><\/p>\n<p><em>&#8220;Esto fue fruto del trabajo y la discusi\u00f3n dentro del cuerpo, de todos los bloques y agradezco a cada concejal, del oficialismo y la oposici\u00f3n, haber participado en algo que va a ser muy sano para nuestra democracia y nuestro pueblo. S\u00e9 que no fue f\u00e1cil, porque obligarnos a buscar consensos choca con mucho de lo que la pol\u00edtica propone, pero es tambi\u00e9n lo que m\u00e1s le sirve a nuestra comunidad&#8221;<\/em>.<\/p>\n<p>Y finaliz\u00f3 citando Sancho: <em>&#8220;Estamos todos de paso por la funci\u00f3n p\u00fablica, y venir a generar cambios y transformaciones tambi\u00e9n es esto. Dejar, al irte de un espacio o una instituci\u00f3n, mejor las cosas de lo que estaban cuando llegaste&#8221;.<\/em><\/p>\n<p>La tensi\u00f3n que rode\u00f3 a la sesi\u00f3n del HCD, con polic\u00edas presentes para preservar el orden en caso que fuera necesario, atraves\u00f3 otro episodio sonoro. La concejal Silvia S\u00e1nchez (PRO\/JXC), seg\u00fan inform\u00f3 La Gaceta de Exaltaci\u00f3n, se alej\u00f3 del bloque de Juntos por el Cambio. &#8220;<em>Toda la vida fu\u00ed polic\u00eda, soy de derecha&#8221;<\/em> dijo la concejal S\u00e1nchez al argumentar su ruptura con JXC. Ante el planteo, Ra\u00fal Sancho como titular del HCD,, presidente del Concejo Deliberante, di\u00f3 lugar a un pedido para revisar si este paso de bando es compatible con el reglamento interno.<\/p>\n","protected":false},"excerpt":{"rendered":"<p>ESTUVO EN JUEGO.<\/p>\n","protected":false},"author":4,"featured_media":28811,"comment_status":"open","ping_status":"open","sticky":false,"template":"","format":"standard","meta":{"footnotes":"","jetpack_publicize_message":"","jetpack_publicize_feature_enabled":true,"jetpack_social_post_already_shared":true,"jetpack_social_options":{"image_generator_settings":{"template":"highway","default_image_id":0,"font":"","enabled":false},"version":2}},"categories":[17],"tags":[379,3094,256],"class_list":["post-28786","post","type-post","status-publish","format-standard","has-post-thumbnail","hentry","category-politica","tag-hcd","tag-presidencia","tag-sancho"],"jetpack_publicize_connections":[],"jetpack_featured_media_url":"https:\/\/revistaepocadigital.com.ar\/wp-content\/uploads\/2025\/03\/SANCHO-25-HCD-1.jpg","jetpack_likes_enabled":true,"_links":{"self":[{"href":"https:\/\/revistaepocadigital.com.ar\/index.php?rest_route=\/wp\/v2\/posts\/28786","targetHints":{"allow":["GET"]}}],"collection":[{"href":"https:\/\/revistaepocadigital.com.ar\/index.php?rest_route=\/wp\/v2\/posts"}],"about":[{"href":"https:\/\/revistaepocadigital.com.ar\/index.php?rest_route=\/wp\/v2\/types\/post"}],"author":[{"embeddable":true,"href":"https:\/\/revistaepocadigital.com.ar\/index.php?rest_route=\/wp\/v2\/users\/4"}],"replies":[{"embeddable":true,"href":"https:\/\/revistaepocadigital.com.ar\/index.php?rest_route=%2Fwp%2Fv2%2Fcomments&post=28786"}],"version-history":[{"count":0,"href":"https:\/\/revistaepocadigital.com.ar\/index.php?rest_route=\/wp\/v2\/posts\/28786\/revisions"}],"wp:featuredmedia":[{"embeddable":true,"href":"https:\/\/revistaepocadigital.com.ar\/index.php?rest_route=\/wp\/v2\/media\/28811"}],"wp:attachment":[{"href":"https:\/\/revistaepocadigital.com.ar\/index.php?rest_route=%2Fwp%2Fv2%2Fmedia&parent=28786"}],"wp:term":[{"taxonomy":"category","embeddable":true,"href":"https:\/\/revistaepocadigital.com.ar\/index.php?rest_route=%2Fwp%2Fv2%2Fcategories&post=28786"},{"taxonomy":"post_tag","embeddable":true,"href":"https:\/\/revistaepocadigital.com.ar\/index.php?rest_route=%2Fwp%2Fv2%2Ftags&post=28786"}],"curies":[{"name":"wp","href":"https:\/\/api.w.org\/{rel}","templated":true}]}}