{"id":28787,"date":"2025-03-20T02:06:27","date_gmt":"2025-03-20T05:06:27","guid":{"rendered":"https:\/\/revistaepocadigital.com.ar\/?p=28787"},"modified":"2025-03-20T02:22:21","modified_gmt":"2025-03-20T05:22:21","slug":"en-la-rural-reunion-de-la-comision-vial-rural-de-exaltacion-de-la-cruz","status":"publish","type":"post","link":"https:\/\/revistaepocadigital.com.ar\/?p=28787","title":{"rendered":"EN LA RURAL. REUNION DE LA COMISION VIAL RURAL DE EXALTACION DE LA CRUZ"},"content":{"rendered":"<p><strong>PRIMER ENCUENTRO DEL A\u00d1O.<\/strong><!--more--><\/p>\n<p>El lunes 17\/3 en la Sede Capilla de la Sociedad Rural se reuni\u00f3 por primera vez la Comisi\u00f3n Vial Rural de Exaltaci\u00f3n de la Cruz , de acuerdo a lo dispuesto en la Ordenanza 3052\/2024.<\/p>\n<p>Estuvieron presentes: Por el Departamento Ejecutivo Maximiliano Guti\u00e9rrez y Hugo Giordano ; por el Concejo Deliberante Luis Mariano Mart\u00edn y Patricio Diez y por la Sociedad Rural Felipe Carlevaro , Eduardo Fleury y Fernando Boracchia.\u00a0Tambi\u00e9n participo por parte de la Direcci\u00f3n T\u00e9cnica el Ing. Exequiel Saravi.<\/p>\n<p>Se conoci\u00f3 el presupuesto disponible, se acord\u00f3 la modalidad de trabajo y adem\u00e1s la evaluaci\u00f3n de los caminos a tratar a la mayor brevedad , mediante sistema de licitaci\u00f3n p\u00fablica.<\/p>\n<p>Foto: prensa Rural.<\/p>\n<p>&nbsp;<\/p>\n","protected":false},"excerpt":{"rendered":"<p>PRIMER ENCUENTRO DEL A\u00d1O.<\/p>\n","protected":false},"author":3,"featured_media":28830,"comment_status":"open","ping_status":"open","sticky":false,"template":"","format":"standard","meta":{"footnotes":"","jetpack_publicize_message":"","jetpack_publicize_feature_enabled":true,"jetpack_social_post_already_shared":true,"jetpack_social_options":{"image_generator_settings":{"template":"highway","default_image_id":0,"font":"","enabled":false},"version":2}},"categories":[11,13],"tags":[501],"class_list":["post-28787","post","type-post","status-publish","format-standard","has-post-thumbnail","hentry","category-entidades","category-interes-general","tag-rural"],"jetpack_publicize_connections":[],"jetpack_featured_media_url":"https:\/\/revistaepocadigital.com.ar\/wp-content\/uploads\/2025\/03\/mail-2.jpg","jetpack_likes_enabled":true,"_links":{"self":[{"href":"https:\/\/revistaepocadigital.com.ar\/index.php?rest_route=\/wp\/v2\/posts\/28787","targetHints":{"allow":["GET"]}}],"collection":[{"href":"https:\/\/revistaepocadigital.com.ar\/index.php?rest_route=\/wp\/v2\/posts"}],"about":[{"href":"https:\/\/revistaepocadigital.com.ar\/index.php?rest_route=\/wp\/v2\/types\/post"}],"author":[{"embeddable":true,"href":"https:\/\/revistaepocadigital.com.ar\/index.php?rest_route=\/wp\/v2\/users\/3"}],"replies":[{"embeddable":true,"href":"https:\/\/revistaepocadigital.com.ar\/index.php?rest_route=%2Fwp%2Fv2%2Fcomments&post=28787"}],"version-history":[{"count":0,"href":"https:\/\/revistaepocadigital.com.ar\/index.php?rest_route=\/wp\/v2\/posts\/28787\/revisions"}],"wp:featuredmedia":[{"embeddable":true,"href":"https:\/\/revistaepocadigital.com.ar\/index.php?rest_route=\/wp\/v2\/media\/28830"}],"wp:attachment":[{"href":"https:\/\/revistaepocadigital.com.ar\/index.php?rest_route=%2Fwp%2Fv2%2Fmedia&parent=28787"}],"wp:term":[{"taxonomy":"category","embeddable":true,"href":"https:\/\/revistaepocadigital.com.ar\/index.php?rest_route=%2Fwp%2Fv2%2Fcategories&post=28787"},{"taxonomy":"post_tag","embeddable":true,"href":"https:\/\/revistaepocadigital.com.ar\/index.php?rest_route=%2Fwp%2Fv2%2Ftags&post=28787"}],"curies":[{"name":"wp","href":"https:\/\/api.w.org\/{rel}","templated":true}]}}