{"id":2880,"date":"2019-07-02T18:00:50","date_gmt":"2019-07-02T21:00:50","guid":{"rendered":"https:\/\/revistaepocadigital.com.ar\/?p=2880"},"modified":"2019-08-06T00:36:45","modified_gmt":"2019-08-06T03:36:45","slug":"nanni-en-campana","status":"publish","type":"post","link":"https:\/\/revistaepocadigital.com.ar\/?p=2880","title":{"rendered":"NANNI EN CAMPA\u00d1A"},"content":{"rendered":"<p><strong>PRESENTACION.<\/strong><!--more--><\/p>\n<p>Los partidos pol\u00edticos, tanto en el pa\u00eds como en la provincia y los distritos, avanzan con la campa\u00f1a electoral. Aguardan las <strong>PASO<\/strong> el 11 de agosto.<\/p>\n<p>En <strong>Parada Robles,<\/strong> tuvo lugar la presentaci\u00f3n de la lista del <strong>Frente de Todos<\/strong> encabezada por el secretario de gobierno del municipio, <strong>Diego Nanni,<\/strong> precandidato a intendente. Seg\u00fan fuentes de la agrupaci\u00f3n pol\u00edtica de Nanni, se convocaron unas 250 personas de barrios, y estuvieron presentes tambi\u00e9n referentes de todos los espacios que acompa\u00f1an a Nanni en las cercanas PASO.<\/p>\n<figure id=\"attachment_2882\" aria-describedby=\"caption-attachment-2882\" style=\"width: 960px\" class=\"wp-caption aligncenter\"><img loading=\"lazy\" decoding=\"async\" class=\"size-full wp-image-2882\" src=\"https:\/\/revistaepocadigital.com.ar\/wp-content\/uploads\/2019\/07\/nanni-luisma-stanis-7-19.jpg\" alt=\"\" width=\"960\" height=\"644\" srcset=\"https:\/\/revistaepocadigital.com.ar\/wp-content\/uploads\/2019\/07\/nanni-luisma-stanis-7-19.jpg 960w, https:\/\/revistaepocadigital.com.ar\/wp-content\/uploads\/2019\/07\/nanni-luisma-stanis-7-19-300x201.jpg 300w, https:\/\/revistaepocadigital.com.ar\/wp-content\/uploads\/2019\/07\/nanni-luisma-stanis-7-19-768x515.jpg 768w, https:\/\/revistaepocadigital.com.ar\/wp-content\/uploads\/2019\/07\/nanni-luisma-stanis-7-19-696x467.jpg 696w, https:\/\/revistaepocadigital.com.ar\/wp-content\/uploads\/2019\/07\/nanni-luisma-stanis-7-19-626x420.jpg 626w\" sizes=\"auto, (max-width: 960px) 100vw, 960px\" \/><figcaption id=\"caption-attachment-2882\" class=\"wp-caption-text\">Nanni entre otros, en Robles junto a Luisma Martin y el concejal Staniscia.<\/figcaption><\/figure>\n<p>Al hablar, Nanni fue recorriendo uno a uno los barrios, contando las obras que all\u00ed se realizan y los proyectos en caso de ganar la intendencia. Y cuando se refiri\u00f3 a la lista de hombres y mujeres que lo acompa\u00f1an, sostuvo que <em>&#8220;est\u00e1 conformada con vecinos como ustedes o como yo, que queremos ver grande al distrito, los que hemos asumido el compromiso y la responsabilidad de construir un futuro mejor para todos\u201d.<\/em><\/p>\n","protected":false},"excerpt":{"rendered":"<p>PRESENTACION.<\/p>\n","protected":false},"author":4,"featured_media":2881,"comment_status":"open","ping_status":"open","sticky":false,"template":"","format":"standard","meta":{"footnotes":"","jetpack_publicize_message":"","jetpack_publicize_feature_enabled":true,"jetpack_social_post_already_shared":false,"jetpack_social_options":{"image_generator_settings":{"template":"highway","default_image_id":0,"font":"","enabled":false},"version":2}},"categories":[17],"tags":[410,381],"class_list":["post-2880","post","type-post","status-publish","format-standard","has-post-thumbnail","hentry","category-politica","tag-candidato-diego-nanni","tag-paso"],"jetpack_publicize_connections":[],"jetpack_featured_media_url":"https:\/\/revistaepocadigital.com.ar\/wp-content\/uploads\/2019\/07\/nanni-roble.march19.jpg","jetpack_likes_enabled":true,"_links":{"self":[{"href":"https:\/\/revistaepocadigital.com.ar\/index.php?rest_route=\/wp\/v2\/posts\/2880","targetHints":{"allow":["GET"]}}],"collection":[{"href":"https:\/\/revistaepocadigital.com.ar\/index.php?rest_route=\/wp\/v2\/posts"}],"about":[{"href":"https:\/\/revistaepocadigital.com.ar\/index.php?rest_route=\/wp\/v2\/types\/post"}],"author":[{"embeddable":true,"href":"https:\/\/revistaepocadigital.com.ar\/index.php?rest_route=\/wp\/v2\/users\/4"}],"replies":[{"embeddable":true,"href":"https:\/\/revistaepocadigital.com.ar\/index.php?rest_route=%2Fwp%2Fv2%2Fcomments&post=2880"}],"version-history":[{"count":0,"href":"https:\/\/revistaepocadigital.com.ar\/index.php?rest_route=\/wp\/v2\/posts\/2880\/revisions"}],"wp:featuredmedia":[{"embeddable":true,"href":"https:\/\/revistaepocadigital.com.ar\/index.php?rest_route=\/wp\/v2\/media\/2881"}],"wp:attachment":[{"href":"https:\/\/revistaepocadigital.com.ar\/index.php?rest_route=%2Fwp%2Fv2%2Fmedia&parent=2880"}],"wp:term":[{"taxonomy":"category","embeddable":true,"href":"https:\/\/revistaepocadigital.com.ar\/index.php?rest_route=%2Fwp%2Fv2%2Fcategories&post=2880"},{"taxonomy":"post_tag","embeddable":true,"href":"https:\/\/revistaepocadigital.com.ar\/index.php?rest_route=%2Fwp%2Fv2%2Ftags&post=2880"}],"curies":[{"name":"wp","href":"https:\/\/api.w.org\/{rel}","templated":true}]}}