{"id":28819,"date":"2025-03-21T12:56:50","date_gmt":"2025-03-21T15:56:50","guid":{"rendered":"https:\/\/revistaepocadigital.com.ar\/?p=28819"},"modified":"2025-03-21T13:02:13","modified_gmt":"2025-03-21T16:02:13","slug":"el-bar-di-yorio-un-bastion-de-cardales-cumple-100-anos","status":"publish","type":"post","link":"https:\/\/revistaepocadigital.com.ar\/?p=28819","title":{"rendered":"EL BAR DI YORIO, UN BASTI\u00d3N DE CARDALES CUMPLE 100 A\u00d1OS!"},"content":{"rendered":"<div dir=\"auto\"><strong>UN CENTENARIO REPLETO DE RICAS HISTORIAS Y AN\u00c9CDOTAS, DE UN LUGAR QUE ES UNA REFERENCIA EN CARDALES Y LA ZONA.<\/strong><\/div>\n<p><!--more--><\/p>\n<div dir=\"auto\">En 1925, un 1 de abril comenz\u00f3 hasta convertirse en un pedazo grande de la historia cardalense. Primero el cl\u00e1sico &#8220;Bar&#8221;, a\u00f1os m\u00e1s adelante el &#8220;Bar-Caf\u00e9&#8221;, luego se sum\u00f3 la Helader\u00eda hasta la actualidad que en un marco muy acogedor y tradicional, se ha ido actualizando, sin perder su esencia, con m\u00e1s propuestas para la gente, como exquisitas cervezas artesanales, hamburguesas preparadas con carne de la mejor calidad, mientras a futuro aguardan seguro, m\u00e1s novedades para seguir cautivando a clientes, amigos y vecinos.<\/div>\n<div dir=\"auto\"><img loading=\"lazy\" decoding=\"async\" class=\"alignleft size-full wp-image-28847\" src=\"https:\/\/revistaepocadigital.com.ar\/wp-content\/uploads\/2025\/03\/diyo22.jpg\" alt=\"\" width=\"400\" height=\"560\" srcset=\"https:\/\/revistaepocadigital.com.ar\/wp-content\/uploads\/2025\/03\/diyo22.jpg 400w, https:\/\/revistaepocadigital.com.ar\/wp-content\/uploads\/2025\/03\/diyo22-214x300.jpg 214w, https:\/\/revistaepocadigital.com.ar\/wp-content\/uploads\/2025\/03\/diyo22-300x420.jpg 300w\" sizes=\"auto, (max-width: 400px) 100vw, 400px\" \/><\/div>\n<div dir=\"auto\"><\/div>\n<div dir=\"auto\"><\/div>\n<div dir=\"auto\"><\/div>\n<div dir=\"&lt;br\"><\/div>\n<div dir=\"auto\"><\/div>\n<div dir=\"auto\"><\/div>\n<div dir=\"auto\"><\/div>\n<div dir=\"auto\"><\/div>\n<div dir=\"auto\"><\/div>\n<div dir=\"auto\"><\/div>\n<div dir=\"auto\"><\/div>\n<div dir=\"auto\"><\/div>\n<div dir=\"auto\"><\/div>\n<div dir=\"auto\"><\/div>\n<div dir=\"auto\"><\/div>\n<div dir=\"auto\"><\/div>\n<div dir=\"auto\"><\/div>\n<div dir=\"auto\"><\/div>\n<div dir=\"auto\"><\/div>\n<div dir=\"auto\"><\/div>\n<div dir=\"auto\"><\/div>\n<div dir=\"auto\"><\/div>\n<div dir=\"auto\"><\/div>\n<div dir=\"auto\">As\u00ed entonces, el 1 de abril, el querido Bar Di Yorio celebra su centenario, un siglo siendo punto de encuentro, tradici\u00f3n y memoria en Los Cardales y Exaltaci\u00f3n de la Cruz. Durante 100 a\u00f1os, sus mesas han sido testigos de incontables historias, de charlas entre amigos, reuniones familiares y momentos que quedaron grabados en la memoria de Cardales.<\/div>\n<div dir=\"auto\"><\/div>\n<div dir=\"auto\">El Bar Di Yorio sigue adelante con la misma impronta que lo convirti\u00f3 en un sello caracter\u00edstco, y a la vez con nuevos desaf\u00edos por delante. Alfredo Di Iorio al frente, junto a su esposa y sus hijos, contin\u00faan con la misma vocaci\u00f3n y pasi\u00f3n &#8220;honrando nuestras ra\u00edces y proyect\u00e1ndonos hacia el futuro&#8221;, como aseguran. Desde sus padres, d\u00e9cadas despu\u00e9s con Alfredo y Alberto los hijos, llevando adelante una consigna invariable, el Bar Di Yorio festeja el centenario. &#8220;<em>Los invitamos a celebrar con nosotros este aniversario tan especial, porque este bar no es s\u00f3lo nuestro, es de todos los que alguna vez compartieron un caf\u00e9, un abrazo o un recuerdo entre sus paredes, como seguir\u00e1 siendo siempre<\/em>&#8220;, sostuvieron emocionados la familia de Alfredo Di Iorio (su esposa Deby, los hijos Alfredito, Agust\u00edn y Antonella y la nieta Emi de 4 a\u00f1os, -foto abajo-).<\/div>\n<div dir=\"auto\"><\/div>\n<div dir=\"auto\"><img loading=\"lazy\" decoding=\"async\" class=\"alignleft size-full wp-image-28845\" src=\"https:\/\/revistaepocadigital.com.ar\/wp-content\/uploads\/2025\/03\/diyo111.jpg\" alt=\"\" width=\"768\" height=\"789\" srcset=\"https:\/\/revistaepocadigital.com.ar\/wp-content\/uploads\/2025\/03\/diyo111.jpg 768w, https:\/\/revistaepocadigital.com.ar\/wp-content\/uploads\/2025\/03\/diyo111-292x300.jpg 292w, https:\/\/revistaepocadigital.com.ar\/wp-content\/uploads\/2025\/03\/diyo111-696x715.jpg 696w, https:\/\/revistaepocadigital.com.ar\/wp-content\/uploads\/2025\/03\/diyo111-409x420.jpg 409w\" sizes=\"auto, (max-width: 768px) 100vw, 768px\" \/><\/div>\n<div dir=\"auto\"><\/div>\n<div dir=\"auto\"><\/div>\n<div dir=\"auto\"><img loading=\"lazy\" decoding=\"async\" class=\"alignleft size-full wp-image-28846\" src=\"https:\/\/revistaepocadigital.com.ar\/wp-content\/uploads\/2025\/03\/diyo44.jpg\" alt=\"\" width=\"560\" height=\"315\" srcset=\"https:\/\/revistaepocadigital.com.ar\/wp-content\/uploads\/2025\/03\/diyo44.jpg 560w, https:\/\/revistaepocadigital.com.ar\/wp-content\/uploads\/2025\/03\/diyo44-300x169.jpg 300w\" sizes=\"auto, (max-width: 560px) 100vw, 560px\" \/><\/div>\n<p>&nbsp;<\/p>\n<p>&nbsp;<\/p>\n<p>&nbsp;<\/p>\n<p>&nbsp;<\/p>\n<p>&nbsp;<\/p>\n<p>&nbsp;<\/p>\n<p>&nbsp;<\/p>\n<pre>\n\n\n\n\n\n\n\n\n\n\n\n\n\n\n\n\n\n\n\n\n\n\n\n\nEl juego fotogr\u00e1fico permite observar el frente \ndel Bar en sus comienzos y en la actualidad<\/pre>\n<p>Tradicional lugar de encuentro para lugare\u00f1os y visitantes, el Bar Di Yorio abri\u00f3 sus puertas en 1925 de la mano de Don Alfino Di Yorio y Do\u00f1a Juana Basiglio, quienes en aquel entonces ofrec\u00edan comidas y alojamiento a viajeros y turistas. En la actualidad sus herederos conservan viva aquella memoria ancestral a trav\u00e9s de numerosos objetos hist\u00f3ricos, como fue el primer televisor que hubo en Cardales, as\u00ed como el primer tel\u00e9fono p\u00fablico que fue instalado justamente en el bar, y el gran ba\u00fal con que sus antepasados llegaron de Italia. Orgullosos de este legado familiar y comunitario, sus actuales descendientes siempre han enrriquecidos a clientes y visitantes, con relatos de historias coloridas, leyendas y an\u00e9cdotas.<\/p>\n<p style=\"text-align: center;\"><strong>OTRO &#8220;TESORO&#8221;<\/strong><\/p>\n<p>La nueva b\u00f3veda subteterr\u00e1nea, constru\u00edda en el subsuelo del Bar. All\u00ed se colocan los barriles de cervezas artesanales a la temperatura ideal.<\/p>\n<div dir=\"auto\">\n<p><img loading=\"lazy\" decoding=\"async\" class=\"alignleft size-full wp-image-28844\" src=\"https:\/\/revistaepocadigital.com.ar\/wp-content\/uploads\/2025\/03\/di-yor-1-rotated.jpg\" alt=\"\" width=\"480\" height=\"640\" srcset=\"https:\/\/revistaepocadigital.com.ar\/wp-content\/uploads\/2025\/03\/di-yor-1-rotated.jpg 480w, https:\/\/revistaepocadigital.com.ar\/wp-content\/uploads\/2025\/03\/di-yor-1-225x300.jpg 225w, https:\/\/revistaepocadigital.com.ar\/wp-content\/uploads\/2025\/03\/di-yor-1-315x420.jpg 315w\" sizes=\"auto, (max-width: 480px) 100vw, 480px\" \/><\/p>\n<\/div>\n<p>&nbsp;<\/p>\n<p>&nbsp;<\/p>\n<p>&nbsp;<\/p>\n<p>&nbsp;<\/p>\n<p>&nbsp;<\/p>\n<p>&nbsp;<\/p>\n<p>&nbsp;<\/p>\n<p>&nbsp;<\/p>\n<p>&nbsp;<\/p>\n<p><img loading=\"lazy\" decoding=\"async\" class=\"alignleft size-full wp-image-28855\" src=\"https:\/\/revistaepocadigital.com.ar\/wp-content\/uploads\/2025\/03\/DIYO-HAMB.jpg\" alt=\"\" width=\"421\" height=\"330\" srcset=\"https:\/\/revistaepocadigital.com.ar\/wp-content\/uploads\/2025\/03\/DIYO-HAMB.jpg 421w, https:\/\/revistaepocadigital.com.ar\/wp-content\/uploads\/2025\/03\/DIYO-HAMB-300x235.jpg 300w\" sizes=\"auto, (max-width: 421px) 100vw, 421px\" \/><\/p>\n<p>&nbsp;<\/p>\n<p>&nbsp;<\/p>\n<p><!--more-->Las sabrosas y muy bien acompa\u00f1adas hamburguesas, son otra incorporaci\u00f3n del Bar Di Yorio, en su continua evoluci\u00f3n.<\/p>\n<p><img loading=\"lazy\" decoding=\"async\" class=\"alignleft size-medium wp-image-28858\" src=\"https:\/\/revistaepocadigital.com.ar\/wp-content\/uploads\/2025\/03\/DIYO-HEL-300x300.jpg\" alt=\"\" width=\"300\" height=\"300\" srcset=\"https:\/\/revistaepocadigital.com.ar\/wp-content\/uploads\/2025\/03\/DIYO-HEL-300x300.jpg 300w, https:\/\/revistaepocadigital.com.ar\/wp-content\/uploads\/2025\/03\/DIYO-HEL-150x150.jpg 150w, https:\/\/revistaepocadigital.com.ar\/wp-content\/uploads\/2025\/03\/DIYO-HEL.jpg 421w\" sizes=\"auto, (max-width: 300px) 100vw, 300px\" \/><\/p>\n<p>&nbsp;<\/p>\n<p>&nbsp;<\/p>\n<p>&nbsp;<\/p>\n<p>&nbsp;<\/p>\n<p>&nbsp;<\/p>\n<p>&nbsp;<\/p>\n<pre>Postres, tortas, helados y un caf\u00e9, otro motivo para visitar el Bar Di Yorio<\/pre>\n<p>&nbsp;<\/p>\n<p><!--more--><\/p>\n<p><img loading=\"lazy\" decoding=\"async\" class=\"alignleft size-full wp-image-28854\" src=\"https:\/\/revistaepocadigital.com.ar\/wp-content\/uploads\/2025\/03\/diyo-1.png\" alt=\"\" width=\"499\" height=\"499\" srcset=\"https:\/\/revistaepocadigital.com.ar\/wp-content\/uploads\/2025\/03\/diyo-1.png 499w, https:\/\/revistaepocadigital.com.ar\/wp-content\/uploads\/2025\/03\/diyo-1-300x300.png 300w, https:\/\/revistaepocadigital.com.ar\/wp-content\/uploads\/2025\/03\/diyo-1-150x150.png 150w, https:\/\/revistaepocadigital.com.ar\/wp-content\/uploads\/2025\/03\/diyo-1-420x420.png 420w\" sizes=\"auto, (max-width: 499px) 100vw, 499px\" \/><\/p>\n<p>&nbsp;<\/p>\n<p>&nbsp;<\/p>\n<p>&nbsp;<\/p>\n<p>&nbsp;<\/p>\n<p>&nbsp;<\/p>\n<p>&nbsp;<\/p>\n<p><!--more--><\/p>\n<p>Conducido el Bar por Alberto y Alfredo Di Yorio, Alberto luego de\u00a0 52 a\u00f1os de intensa labor, precisamente hizo saber tiempo atr\u00e1s a trav\u00e9s de la red social Facebook que junto a su familia dejaban de ser parte del Bar.<\/p>\n<p><img loading=\"lazy\" decoding=\"async\" class=\"alignleft size-full wp-image-28850\" src=\"https:\/\/revistaepocadigital.com.ar\/wp-content\/uploads\/2025\/03\/diyo-0.jpg\" alt=\"\" width=\"376\" height=\"450\" srcset=\"https:\/\/revistaepocadigital.com.ar\/wp-content\/uploads\/2025\/03\/diyo-0.jpg 376w, https:\/\/revistaepocadigital.com.ar\/wp-content\/uploads\/2025\/03\/diyo-0-251x300.jpg 251w, https:\/\/revistaepocadigital.com.ar\/wp-content\/uploads\/2025\/03\/diyo-0-351x420.jpg 351w\" sizes=\"auto, (max-width: 376px) 100vw, 376px\" \/><\/p>\n<p>&nbsp;<\/p>\n<p>&nbsp;<\/p>\n<p><em>&#8220;Por razones particulares nos dimos cuenta que no podiamos seguir m\u00e1s, por ende nuestro ciclo estaba cumplido. Quiero agradecer a toda la gente que form\u00f3 parte, como clientes, amigos, compa\u00f1eros y todos los que aportaron su granito de arena, eternamente agradecido! y saludos afectuosos a todo el pueblo!&#8221;.<\/em><\/p>\n<p>&nbsp;<\/p>\n<p>&nbsp;<\/p>\n<p>&nbsp;<\/p>\n<p><!--more--><!--more--><\/p>\n<p style=\"text-align: center;\"><strong>EL BAR, HOY<\/strong><\/p>\n<p>En el mismo ambiente c\u00e1lido y receptivo que lo carateriz\u00f3 siempre, el Bar Di Yorio apunta al presente y futuro, apoyado en su vasta y rica trayectoria.<\/p>\n<p><img loading=\"lazy\" decoding=\"async\" class=\"alignleft size-full wp-image-28860\" src=\"https:\/\/revistaepocadigital.com.ar\/wp-content\/uploads\/2025\/03\/DIYO-HOY.jpg\" alt=\"\" width=\"566\" height=\"378\" srcset=\"https:\/\/revistaepocadigital.com.ar\/wp-content\/uploads\/2025\/03\/DIYO-HOY.jpg 566w, https:\/\/revistaepocadigital.com.ar\/wp-content\/uploads\/2025\/03\/DIYO-HOY-300x200.jpg 300w\" sizes=\"auto, (max-width: 566px) 100vw, 566px\" \/><\/p>\n<p>&nbsp;<\/p>\n<p>&nbsp;<\/p>\n","protected":false},"excerpt":{"rendered":"<p>UN CENTENARIO REPLETO DE RICAS HISTORIAS Y AN\u00c9CDOTAS, DE UN LUGAR QUE ES UNA REFERENCIA EN CARDALES Y LA ZONA.<\/p>\n","protected":false},"author":4,"featured_media":28845,"comment_status":"open","ping_status":"open","sticky":false,"template":"","format":"standard","meta":{"footnotes":"","jetpack_publicize_message":"","jetpack_publicize_feature_enabled":true,"jetpack_social_post_already_shared":true,"jetpack_social_options":{"image_generator_settings":{"template":"highway","default_image_id":0,"font":"","enabled":false},"version":2}},"categories":[4],"tags":[322,2261],"class_list":["post-28819","post","type-post","status-publish","format-standard","has-post-thumbnail","hentry","category-aqui-los-cardales","tag-100-anos","tag-bar-di-yorio"],"jetpack_publicize_connections":[],"jetpack_featured_media_url":"https:\/\/revistaepocadigital.com.ar\/wp-content\/uploads\/2025\/03\/diyo111.jpg","jetpack_likes_enabled":true,"_links":{"self":[{"href":"https:\/\/revistaepocadigital.com.ar\/index.php?rest_route=\/wp\/v2\/posts\/28819","targetHints":{"allow":["GET"]}}],"collection":[{"href":"https:\/\/revistaepocadigital.com.ar\/index.php?rest_route=\/wp\/v2\/posts"}],"about":[{"href":"https:\/\/revistaepocadigital.com.ar\/index.php?rest_route=\/wp\/v2\/types\/post"}],"author":[{"embeddable":true,"href":"https:\/\/revistaepocadigital.com.ar\/index.php?rest_route=\/wp\/v2\/users\/4"}],"replies":[{"embeddable":true,"href":"https:\/\/revistaepocadigital.com.ar\/index.php?rest_route=%2Fwp%2Fv2%2Fcomments&post=28819"}],"version-history":[{"count":0,"href":"https:\/\/revistaepocadigital.com.ar\/index.php?rest_route=\/wp\/v2\/posts\/28819\/revisions"}],"wp:featuredmedia":[{"embeddable":true,"href":"https:\/\/revistaepocadigital.com.ar\/index.php?rest_route=\/wp\/v2\/media\/28845"}],"wp:attachment":[{"href":"https:\/\/revistaepocadigital.com.ar\/index.php?rest_route=%2Fwp%2Fv2%2Fmedia&parent=28819"}],"wp:term":[{"taxonomy":"category","embeddable":true,"href":"https:\/\/revistaepocadigital.com.ar\/index.php?rest_route=%2Fwp%2Fv2%2Fcategories&post=28819"},{"taxonomy":"post_tag","embeddable":true,"href":"https:\/\/revistaepocadigital.com.ar\/index.php?rest_route=%2Fwp%2Fv2%2Ftags&post=28819"}],"curies":[{"name":"wp","href":"https:\/\/api.w.org\/{rel}","templated":true}]}}