{"id":28827,"date":"2025-03-20T02:13:38","date_gmt":"2025-03-20T05:13:38","guid":{"rendered":"https:\/\/revistaepocadigital.com.ar\/?p=28827"},"modified":"2025-03-20T02:13:38","modified_gmt":"2025-03-20T05:13:38","slug":"antonio-gasalla-un-grande-nunca-muere","status":"publish","type":"post","link":"https:\/\/revistaepocadigital.com.ar\/?p=28827","title":{"rendered":"ANTONIO GASALLA. UN GRANDE NUNCA MUERE"},"content":{"rendered":"<header class=\"main-article--header\">\n<h4 class=\"titulo\">Tristeza total: falleci\u00f3 Antonio Gasalla<\/h4>\n<h4 class=\"bajada\">El actor ten\u00eda 84 a\u00f1os. Recientemente, hab\u00eda recibido el alta del hospital en el que se encontraba internado por una neumon\u00eda.<\/h4>\n<\/header>\n<p><!--more--><\/p>\n<div class=\"main-article--autor\"><\/div>\n<div class=\"row\">\n<div class=\"col--main\">\n<section class=\"main-section\">\n<div class=\"main-article--body\">\n<figure class=\"main-photo\"><figcaption class=\"epigrafe\">La cultura est\u00e1 de luto. Este martes 18 de marzo, falleci\u00f3 el reconocido actor, <strong><a href=\"https:\/\/www.mdzol.com\/temas\/antonio-gasalla-2026.html\" target=\"_blank\" rel=\"noopener\">Antonio Gasalla<\/a><\/strong>. El artista ten\u00eda 84 a\u00f1os y hace pocos d\u00edas le hab\u00edan dado el alta m\u00e9dica luego de permanecer diez d\u00edas internado en el Sanatorio Otamendi por una neumon\u00eda severa.<\/figcaption><\/figure>\n<div class=\"article-content\">\n<div class=\"article-content--cuerpo\">\n<div class=\"content-banner\">\n<div class=\"i-amphtml-svc i-amphtml-loading-container i-amphtml-fill-content amp-hidden\">\n<div class=\"\">\n<div class=\"i-amphtml-new-loader i-amphtml-new-loader-size-default\">\n<div class=\"i-amphtml-new-loader-logo\">\n<div class=\"i-amphtml-new-loader-ad-logo\"><\/div>\n<\/div>\n<\/div>\n<\/div>\n<\/div>\n<\/div>\n<p>En los \u00faltimos a\u00f1os, el estado de salud de Gasalla era delicado. Marcelo Polino, gran amigo de Antonio, comunic\u00f3 en distintas oportunidades c\u00f3mo se encontraba el\u00a0<strong><a href=\"https:\/\/www.mdzol.com\/temas\/actor-9373.html\" target=\"_blank\" rel=\"noopener\">actor<\/a><\/strong>\u00a0cuando se conoc\u00eda que hab\u00eda sido internado.<\/p>\n<div class=\"content-banner\">\n<div class=\"i-amphtml-svc i-amphtml-loading-container i-amphtml-fill-content amp-hidden\">\n<div class=\"\">\n<div class=\"i-amphtml-new-loader i-amphtml-new-loader-size-default\">\n<div class=\"i-amphtml-new-loader-logo\">\n<div class=\"i-amphtml-new-loader-ad-logo\"><\/div>\n<\/div>\n<div class=\"i-amphtml-new-loader-spinner-wrapper\"><\/div>\n<\/div>\n<\/div>\n<\/div>\n<\/div>\n<figure class=\"image\"><img decoding=\"async\" class=\"i-amphtml-fill-content i-amphtml-replaced-content\" src=\"https:\/\/www.mdzol.com\/u\/fotografias\/m\/2025\/3\/18\/f768x1-1726018_1726145_5050.jpg\" alt=\"\" \/><figcaption>El actor hab\u00eda recibido el alta m\u00e9dica la semana pasada.<\/figcaption><\/figure>\n<p>Seg\u00fan inform\u00f3 Agencia Noticias Argentinas, la familia del artista lo acompa\u00f1\u00f3 en los \u00faltimos momentos y agradeci\u00f3 las muestras de cari\u00f1o recibidas.<\/p>\n<div class=\"content-banner\">\n<div class=\"i-amphtml-svc i-amphtml-loading-container i-amphtml-fill-content amp-hidden\">\n<div class=\"\">\n<div class=\"i-amphtml-new-loader i-amphtml-new-loader-size-default\">\n<div class=\"i-amphtml-new-loader-logo\">\n<div class=\"i-amphtml-new-loader-ad-logo\"><\/div>\n<\/div>\n<\/div>\n<\/div>\n<\/div>\n<\/div>\n<p>Su hermano, Carlos, hab\u00eda comentado recientemente que la salud de Gasalla hab\u00eda empeorado \u00faltimamente, y que ya no pod\u00eda\u00a0ni siquiera caminar: &#8220;Quiero ser claro: tiene demencia senil. Es una enfermedad que va a seguir avanzando. Antonio no tiene conocimiento ninguno, no habla&#8221;.<\/p>\n<div class=\"content-banner\">\n<div class=\"i-amphtml-svc i-amphtml-loading-container i-amphtml-fill-content amp-hidden\">\n<div class=\"\">\n<div class=\"i-amphtml-new-loader i-amphtml-new-loader-size-default\">\n<div class=\"i-amphtml-new-loader-logo\">\n<div class=\"i-amphtml-new-loader-ad-logo\"><\/div>\n<\/div>\n<\/div>\n<\/div>\n<\/div>\n<\/div>\n<\/div>\n<\/div>\n<\/div>\n<\/section>\n<\/div>\n<\/div>\n","protected":false},"excerpt":{"rendered":"<p>Tristeza total: falleci\u00f3 Antonio Gasalla El actor ten\u00eda 84 a\u00f1os. Recientemente, hab\u00eda recibido el alta del hospital en el que se encontraba internado por una neumon\u00eda.<\/p>\n","protected":false},"author":3,"featured_media":28828,"comment_status":"open","ping_status":"open","sticky":false,"template":"","format":"standard","meta":{"footnotes":"","jetpack_publicize_message":"","jetpack_publicize_feature_enabled":true,"jetpack_social_post_already_shared":true,"jetpack_social_options":{"image_generator_settings":{"template":"highway","default_image_id":0,"font":"","enabled":false},"version":2}},"categories":[12],"tags":[3096],"class_list":["post-28827","post","type-post","status-publish","format-standard","has-post-thumbnail","hentry","category-espectaculos","tag-gasalla"],"jetpack_publicize_connections":[],"jetpack_featured_media_url":"https:\/\/revistaepocadigital.com.ar\/wp-content\/uploads\/2025\/03\/f960x540-1398510_1472585_5025.webp","jetpack_likes_enabled":true,"_links":{"self":[{"href":"https:\/\/revistaepocadigital.com.ar\/index.php?rest_route=\/wp\/v2\/posts\/28827","targetHints":{"allow":["GET"]}}],"collection":[{"href":"https:\/\/revistaepocadigital.com.ar\/index.php?rest_route=\/wp\/v2\/posts"}],"about":[{"href":"https:\/\/revistaepocadigital.com.ar\/index.php?rest_route=\/wp\/v2\/types\/post"}],"author":[{"embeddable":true,"href":"https:\/\/revistaepocadigital.com.ar\/index.php?rest_route=\/wp\/v2\/users\/3"}],"replies":[{"embeddable":true,"href":"https:\/\/revistaepocadigital.com.ar\/index.php?rest_route=%2Fwp%2Fv2%2Fcomments&post=28827"}],"version-history":[{"count":0,"href":"https:\/\/revistaepocadigital.com.ar\/index.php?rest_route=\/wp\/v2\/posts\/28827\/revisions"}],"wp:featuredmedia":[{"embeddable":true,"href":"https:\/\/revistaepocadigital.com.ar\/index.php?rest_route=\/wp\/v2\/media\/28828"}],"wp:attachment":[{"href":"https:\/\/revistaepocadigital.com.ar\/index.php?rest_route=%2Fwp%2Fv2%2Fmedia&parent=28827"}],"wp:term":[{"taxonomy":"category","embeddable":true,"href":"https:\/\/revistaepocadigital.com.ar\/index.php?rest_route=%2Fwp%2Fv2%2Fcategories&post=28827"},{"taxonomy":"post_tag","embeddable":true,"href":"https:\/\/revistaepocadigital.com.ar\/index.php?rest_route=%2Fwp%2Fv2%2Ftags&post=28827"}],"curies":[{"name":"wp","href":"https:\/\/api.w.org\/{rel}","templated":true}]}}