{"id":28832,"date":"2025-03-20T12:24:55","date_gmt":"2025-03-20T15:24:55","guid":{"rendered":"https:\/\/revistaepocadigital.com.ar\/?p=28832"},"modified":"2025-03-20T12:24:55","modified_gmt":"2025-03-20T15:24:55","slug":"anses-resolucion-judicial-no-afecta-a-los-pagos-ni-plazos","status":"publish","type":"post","link":"https:\/\/revistaepocadigital.com.ar\/?p=28832","title":{"rendered":"ANSES: RESOLUCI\u00d3N JUDICIAL NO AFECTA A  LOS PAGOS NI PLAZOS"},"content":{"rendered":"<p class=\"yiv8961101426MsoNormal\"><b>INFORMACI\u00d3N OFICIAL.<\/b><!--more--><\/p>\n<p class=\"yiv8961101426MsoNormal\">En virtud de la informaci\u00f3n err\u00f3nea publicada en diversos medios de comunicaci\u00f3n sobre la Resoluci\u00f3n de la CSJN N\u00b0 118\/2025, ANSES, organismo dependiente del Ministerio de Capital Humano, informa que a pedido de los juzgados federales de primera instancia -expediente 7975\/2023- la C\u00e1mara Federal de la Seguridad Social elev\u00f3 a la Corte Suprema un pedido de suspensi\u00f3n por el plazo de 90 d\u00edas del dictado de sentencias simples para la aprobaci\u00f3n de la primera liquidaci\u00f3n y sus actualizaciones en las causas previsionales contra ANSES.<\/p>\n<p class=\"yiv8961101426MsoNormal\">Se trata de una resoluci\u00f3n interna dentro del \u00e1mbito judicial que no afecta el desenvolvimiento normal y habitual de los pagos que realiza el Organismo, cuyos plazos no se encuentran suspendidos.<\/p>\n<p class=\"yiv8961101426MsoNormal\">Durante esta gesti\u00f3n se cambi\u00f3 el paradigma de cumplimientos de sentencias del Organismo -mediante la Resoluci\u00f3n DEA 307\/2024. Es decir que ANSES pas\u00f3 de liquidar las sentencias de manera por dem\u00e1s tard\u00eda, a asumir por primera vez el compromiso de reajustar el haber inicial de los beneficiarios dentro del plazo dispuesto en las sentencias y en paralelo con el pago de los expedientes en stock conforme un nuevo esquema de liquidaci\u00f3n establecido.<\/p>\n<p class=\"yiv8961101426MsoNormal\">Se ratifica que no existe suspensi\u00f3n de plazo alguna en ANSES para el cumplimiento de los pagos de las sentencias judiciales, sino que se trata de una pr\u00f3rroga concedida por la CSJN a los jueces de primera instancia para el dictado de sus resoluciones interlocutorias<\/p>\n","protected":false},"excerpt":{"rendered":"<p>INFORMACI\u00d3N OFICIAL.<\/p>\n","protected":false},"author":3,"featured_media":28833,"comment_status":"open","ping_status":"open","sticky":false,"template":"","format":"standard","meta":{"footnotes":"","jetpack_publicize_message":"","jetpack_publicize_feature_enabled":true,"jetpack_social_post_already_shared":true,"jetpack_social_options":{"image_generator_settings":{"template":"highway","default_image_id":0,"font":"","enabled":false},"version":2}},"categories":[81,13],"tags":[21,3097],"class_list":["post-28832","post","type-post","status-publish","format-standard","has-post-thumbnail","hentry","category-anses","category-interes-general","tag-anses","tag-resol-judicial"],"jetpack_publicize_connections":[],"jetpack_featured_media_url":"https:\/\/revistaepocadigital.com.ar\/wp-content\/uploads\/2025\/03\/ANSESSS.webp","jetpack_likes_enabled":true,"_links":{"self":[{"href":"https:\/\/revistaepocadigital.com.ar\/index.php?rest_route=\/wp\/v2\/posts\/28832","targetHints":{"allow":["GET"]}}],"collection":[{"href":"https:\/\/revistaepocadigital.com.ar\/index.php?rest_route=\/wp\/v2\/posts"}],"about":[{"href":"https:\/\/revistaepocadigital.com.ar\/index.php?rest_route=\/wp\/v2\/types\/post"}],"author":[{"embeddable":true,"href":"https:\/\/revistaepocadigital.com.ar\/index.php?rest_route=\/wp\/v2\/users\/3"}],"replies":[{"embeddable":true,"href":"https:\/\/revistaepocadigital.com.ar\/index.php?rest_route=%2Fwp%2Fv2%2Fcomments&post=28832"}],"version-history":[{"count":0,"href":"https:\/\/revistaepocadigital.com.ar\/index.php?rest_route=\/wp\/v2\/posts\/28832\/revisions"}],"wp:featuredmedia":[{"embeddable":true,"href":"https:\/\/revistaepocadigital.com.ar\/index.php?rest_route=\/wp\/v2\/media\/28833"}],"wp:attachment":[{"href":"https:\/\/revistaepocadigital.com.ar\/index.php?rest_route=%2Fwp%2Fv2%2Fmedia&parent=28832"}],"wp:term":[{"taxonomy":"category","embeddable":true,"href":"https:\/\/revistaepocadigital.com.ar\/index.php?rest_route=%2Fwp%2Fv2%2Fcategories&post=28832"},{"taxonomy":"post_tag","embeddable":true,"href":"https:\/\/revistaepocadigital.com.ar\/index.php?rest_route=%2Fwp%2Fv2%2Ftags&post=28832"}],"curies":[{"name":"wp","href":"https:\/\/api.w.org\/{rel}","templated":true}]}}