{"id":28837,"date":"2025-03-21T01:09:54","date_gmt":"2025-03-21T04:09:54","guid":{"rendered":"https:\/\/revistaepocadigital.com.ar\/?p=28837"},"modified":"2025-03-29T00:50:08","modified_gmt":"2025-03-29T03:50:08","slug":"director-del-museo-sacro-robo-vivio-un-dramatico-momento","status":"publish","type":"post","link":"https:\/\/revistaepocadigital.com.ar\/?p=28837","title":{"rendered":"Director del Museo Sacro. Robo, vivi\u00f3 un dram\u00e1tico momento"},"content":{"rendered":"<div><strong>UN TESTIMONIO CRUDO Y MUY PREOCUPANTE.<\/strong><\/div>\n<p><!--more--><\/p>\n<div>El del Claudio Lerena, vecino capillense al frente del magn\u00edfico Museo Sacro, ubicado en su propia casa a apenas una cuadra de la Plaza San Mart\u00edn. Desconocidos a las primeras horas de la madrugada, consiguieron ingresar al interior de la casa, sorprendiendo al vecino y amenaz\u00e1ndolo para robarle. Lerena relat\u00f3 el dram\u00e1tico momento vivido en la red social Facebook.<\/div>\n<div><\/div>\n<div><em>&#8220;Queridos parientes, amigos y vecinos: Hace un rato, a las 02:30 de la ma\u00f1ana m\u00e1s o menos y mientras estaba durmiendo entraron en mi casa dos tipos j\u00f3venes, que no podr\u00eda reconocer, forzando con un gato de auto la reja de la cocina; me iluminaban<\/em> encandil\u00e1ndome con su celular <em>para asaltarme; amenazaban con pegarme si no entregaba los valores; me ataron con mi propia s\u00e1bana y me robaron el celular, dinero (bastante, pero no una fortuna) y dos anillitos de oro sin gran valor. No me pegaron ni nada, dir\u00eda que fueron violentos, pero correctos. Entregu\u00e9 lo que quer\u00edan y se fueron r\u00e1pidamente&#8221;,<\/em> hizo saber.<\/div>\n<div><\/div>\n<div>\n<p>Una pieza expuesta en el magn\u00edfico Museo Sacro en Capilla del Se\u00f1or<img loading=\"lazy\" decoding=\"async\" class=\"size-medium wp-image-28841\" src=\"https:\/\/revistaepocadigital.com.ar\/wp-content\/uploads\/2025\/03\/sacro-201x300.jpg\" alt=\"\" width=\"201\" height=\"300\" srcset=\"https:\/\/revistaepocadigital.com.ar\/wp-content\/uploads\/2025\/03\/sacro-201x300.jpg 201w, https:\/\/revistaepocadigital.com.ar\/wp-content\/uploads\/2025\/03\/sacro-281x420.jpg 281w, https:\/\/revistaepocadigital.com.ar\/wp-content\/uploads\/2025\/03\/sacro.jpg 428w\" sizes=\"auto, (max-width: 201px) 100vw, 201px\" \/><\/p>\n<\/div>\n<div>.<\/div>\n<div><\/div>\n<div><\/div>\n<div><\/div>\n<div><\/div>\n<div><\/div>\n<div><\/div>\n<div><\/div>\n<div><\/div>\n<div><\/div>\n<div><\/div>\n<div><\/div>\n<div><\/div>\n<div><\/div>\n<div><\/div>\n<div><em>Me pareci\u00f3 estar viviendo un sue\u00f1o -admiti\u00f3 el vecino-, no pod\u00eda ni pensar. Llam\u00e9 a mi vecino de atr\u00e1s, y con su celular me comuniqu\u00e9 con la polic\u00eda, que vino sin mucha demora, y aqu\u00ed estoy, bastante tranquilo, como si hubiera vivido una pel\u00edcula. Siento en mi cara un perfume ajeno muy fuerte de cuando agarraron mi cara en forma amenazante&#8221;.<\/em><\/div>\n<div><\/div>\n<div><em>Le pasa a todo el mundo todos los d\u00edas. Por que no habr\u00eda de pasarme a m\u00ed?\u00a0Doy gracias a Dios de estar bien, aunque con la sensaci\u00f3n como de violaci\u00f3n<\/em>&#8220;, finaliz\u00f3 diciendo.<\/div>\n<div><\/div>\n<div><\/div>\n","protected":false},"excerpt":{"rendered":"<p>UN TESTIMONIO CRUDO Y MUY PREOCUPANTE.<\/p>\n","protected":false},"author":3,"featured_media":28840,"comment_status":"open","ping_status":"open","sticky":false,"template":"","format":"standard","meta":{"footnotes":"","jetpack_publicize_message":"","jetpack_publicize_feature_enabled":true,"jetpack_social_post_already_shared":true,"jetpack_social_options":{"image_generator_settings":{"template":"highway","default_image_id":0,"font":"","enabled":false},"version":2}},"categories":[13],"tags":[3098,881],"class_list":["post-28837","post","type-post","status-publish","format-standard","has-post-thumbnail","hentry","category-interes-general","tag-museo-sacro","tag-robo"],"jetpack_publicize_connections":[],"jetpack_featured_media_url":"https:\/\/revistaepocadigital.com.ar\/wp-content\/uploads\/2025\/03\/lerena.jpg","jetpack_likes_enabled":true,"_links":{"self":[{"href":"https:\/\/revistaepocadigital.com.ar\/index.php?rest_route=\/wp\/v2\/posts\/28837","targetHints":{"allow":["GET"]}}],"collection":[{"href":"https:\/\/revistaepocadigital.com.ar\/index.php?rest_route=\/wp\/v2\/posts"}],"about":[{"href":"https:\/\/revistaepocadigital.com.ar\/index.php?rest_route=\/wp\/v2\/types\/post"}],"author":[{"embeddable":true,"href":"https:\/\/revistaepocadigital.com.ar\/index.php?rest_route=\/wp\/v2\/users\/3"}],"replies":[{"embeddable":true,"href":"https:\/\/revistaepocadigital.com.ar\/index.php?rest_route=%2Fwp%2Fv2%2Fcomments&post=28837"}],"version-history":[{"count":0,"href":"https:\/\/revistaepocadigital.com.ar\/index.php?rest_route=\/wp\/v2\/posts\/28837\/revisions"}],"wp:featuredmedia":[{"embeddable":true,"href":"https:\/\/revistaepocadigital.com.ar\/index.php?rest_route=\/wp\/v2\/media\/28840"}],"wp:attachment":[{"href":"https:\/\/revistaepocadigital.com.ar\/index.php?rest_route=%2Fwp%2Fv2%2Fmedia&parent=28837"}],"wp:term":[{"taxonomy":"category","embeddable":true,"href":"https:\/\/revistaepocadigital.com.ar\/index.php?rest_route=%2Fwp%2Fv2%2Fcategories&post=28837"},{"taxonomy":"post_tag","embeddable":true,"href":"https:\/\/revistaepocadigital.com.ar\/index.php?rest_route=%2Fwp%2Fv2%2Ftags&post=28837"}],"curies":[{"name":"wp","href":"https:\/\/api.w.org\/{rel}","templated":true}]}}