{"id":2885,"date":"2019-07-17T23:46:46","date_gmt":"2019-07-18T02:46:46","guid":{"rendered":"https:\/\/revistaepocadigital.com.ar\/?p=2885"},"modified":"2019-07-17T23:47:04","modified_gmt":"2019-07-18T02:47:04","slug":"grave-lo-ocurrido-en-arroyo-de-la-cruz","status":"publish","type":"post","link":"https:\/\/revistaepocadigital.com.ar\/?p=2885","title":{"rendered":"Grave lo ocurrido en Arroyo de la Cruz"},"content":{"rendered":"<div class=\"_1dwg _1w_m _q7o\">\n<div>\n<div class=\"_3x-2\" data-ft=\"{&quot;tn&quot;:&quot;H&quot;}\">\n<div>\n<div class=\"_5r69 _sds _1hvl\">\n<div class=\"mts\">\n<div class=\"mtm _5pcm\">\n<div class=\"mtm _5pco\" data-testid=\"post_message\" data-ft=\"{&quot;tn&quot;:&quot;K&quot;}\">\n<div id=\"id_5d2fd96f4fedc3754953508\" class=\"text_exposed_root text_exposed\">\n<p><span class=\"_5mfr\"><span class=\"_6qdm\"><strong>UN MUY SERIO PROBLEMA EN UN MOMENTO MUY ESPECIAL.<!--more--><\/strong><br \/>\n<\/span><\/span><\/p>\n<p>En plena campa\u00f1a electoral de cara a las PASO, acerca de la nube t\u00f3xica originada en Arroyo de la Cruz, debido a tambores que residuos t\u00f3xicos que fueron incendiados seg\u00fan habia trascendido, generando alarma en el lugar y otros puntos del distrinto, el presidente del Concejo Deliberante y candidato a intendente por Cambiemos<strong>, Ra\u00fal Sancho<\/strong> se expres\u00f3 en su cuenta en la red social Facebook. Esto fue lo que mencion\u00f3 en tono cr\u00edtico muy duro:<\/p>\n<p><em>&#8220;Es MUY GRAVE lo qu\u00e9 pas\u00f3 con el olor a gas en Arroyo amerita que se den muchas EXPLICACIONES y que nadie se la lleve de arriba. Que l<span class=\"text_exposed_show\">a empresa due\u00f1a del producto t\u00f3xico, los que lo quemaron y los que lo trasladaron reciban la condena penal y las multas que corresponde y que sea un ejemplo para el resto&#8221;, <\/span><\/em><span class=\"text_exposed_show\">dijo Sancho.<\/span><\/p>\n<\/div>\n<figure id=\"attachment_2890\" aria-describedby=\"caption-attachment-2890\" style=\"width: 439px\" class=\"wp-caption aligncenter\"><img loading=\"lazy\" decoding=\"async\" class=\"size-full wp-image-2890\" src=\"https:\/\/revistaepocadigital.com.ar\/wp-content\/uploads\/2019\/07\/arroyo-d-la-cruz-gases-fb.jpg\" alt=\"\" width=\"439\" height=\"439\" srcset=\"https:\/\/revistaepocadigital.com.ar\/wp-content\/uploads\/2019\/07\/arroyo-d-la-cruz-gases-fb.jpg 439w, https:\/\/revistaepocadigital.com.ar\/wp-content\/uploads\/2019\/07\/arroyo-d-la-cruz-gases-fb-150x150.jpg 150w, https:\/\/revistaepocadigital.com.ar\/wp-content\/uploads\/2019\/07\/arroyo-d-la-cruz-gases-fb-300x300.jpg 300w, https:\/\/revistaepocadigital.com.ar\/wp-content\/uploads\/2019\/07\/arroyo-d-la-cruz-gases-fb-420x420.jpg 420w\" sizes=\"auto, (max-width: 439px) 100vw, 439px\" \/><figcaption id=\"caption-attachment-2890\" class=\"wp-caption-text\">Personal especializado en el lugar del hecho.<\/figcaption><\/figure>\n<div id=\"id_5d2fd96f4fedc3754953508\" class=\"text_exposed_root text_exposed\">\n<div class=\"text_exposed_show\">\n<p>Despu\u00e9s sostuvo:<em> &#8220;No se puede poner de esta forma en riesgo la salud de todo un barrio. Y el MUNICIPIO tiene que controlar lo qu\u00e9 pasa. Hay con relaci\u00f3n a todo lo ambiental un ENORME DESCONTROL y eso hace que se tarde 4 D\u00cdAS en encontrar una tramenda quema de tachos, que no se le explique q la gente qu\u00e9 pasa y que consecuencias puede tener lo que est\u00e1n respirando familias enteras. Es importante QUE SE EXPLIQUE BIEN QUE SE VA A HACER CON ESO, para que no termine en el basural a cielo abierto de capilla y en consecuencia en el agua que tomamos todos.<\/em><\/p>\n<p><em>Hoy fue Arroyo, pero no es lo \u00fanico, tampoco se controla WILMOR, la PAPELERA y otras empresas que tampoco sabemos que est\u00e1n tirando al ambiente los d\u00edas que no se puede respirar, hay un DESCONTROL TOTAL en el BASURAL municipal A CIELO ABIERTO empezando por el propio municipio que entierra (pese a que est\u00e1 PROHIBIDO) 40 TONELADAS diarias de basura que incluye hasta residuos patol\u00f3gicos del sistema de salud que tambi\u00e9n est\u00e1 prohibido tirar a la tierra.<\/em><\/p>\n<p><em>NO SE CONTROLA ABSOLUTAMENTE NADA. Ni siquiera logramos que pongan un port\u00f3n en el predio del basural para que no entre cualquiera a tirar cualquier cosa. Si vamos a tener un parque industrial con 240 empresas (muchas de ellas con productos altamente contaminantes) vamos a tener que volvernos much\u00edsimo m\u00e1s estrictos con las cuestiones que afectan al ambiente y a la salud de nuestros vecinos, o vamos a darnos cuenta demasiado tarde&#8221;.<\/em><\/p>\n<\/div>\n<\/div>\n<\/div>\n<\/div>\n<\/div>\n<\/div>\n<\/div>\n<\/div>\n<\/div>\n<\/div>\n<div>\n<form id=\"u_jsonp_35_5\" class=\"commentable_item\" action=\"\/ajax\/ufi\/modify.php\" method=\"post\" data-ft=\"{&quot;tn&quot;:&quot;]&quot;}\">\n<div class=\"_4299\">\n<div class=\"_78bu\">\n<div class=\"_68wo\" data-testid=\"fbFeedStoryUFI\/feedbackSummary\">\n<div class=\"_3vum\">\n<div class=\"_4vn1\">Fotos: Facebook<\/div>\n<\/div>\n<\/div>\n<\/div>\n<\/div>\n<\/form>\n<\/div>\n","protected":false},"excerpt":{"rendered":"<p>UN MUY SERIO PROBLEMA EN UN MOMENTO MUY ESPECIAL.<\/p>\n","protected":false},"author":3,"featured_media":2889,"comment_status":"open","ping_status":"open","sticky":false,"template":"","format":"standard","meta":{"footnotes":"","jetpack_publicize_message":"","jetpack_publicize_feature_enabled":true,"jetpack_social_post_already_shared":false,"jetpack_social_options":{"image_generator_settings":{"template":"highway","default_image_id":0,"font":"","enabled":false},"version":2}},"categories":[13],"tags":[174,256,411],"class_list":["post-2885","post","type-post","status-publish","format-standard","has-post-thumbnail","hentry","category-interes-general","tag-arroyo-de-la-cruz","tag-sancho","tag-toxico"],"jetpack_publicize_connections":[],"jetpack_featured_media_url":"https:\/\/revistaepocadigital.com.ar\/wp-content\/uploads\/2019\/07\/arroyo-vecinos.jpg","jetpack_likes_enabled":true,"_links":{"self":[{"href":"https:\/\/revistaepocadigital.com.ar\/index.php?rest_route=\/wp\/v2\/posts\/2885","targetHints":{"allow":["GET"]}}],"collection":[{"href":"https:\/\/revistaepocadigital.com.ar\/index.php?rest_route=\/wp\/v2\/posts"}],"about":[{"href":"https:\/\/revistaepocadigital.com.ar\/index.php?rest_route=\/wp\/v2\/types\/post"}],"author":[{"embeddable":true,"href":"https:\/\/revistaepocadigital.com.ar\/index.php?rest_route=\/wp\/v2\/users\/3"}],"replies":[{"embeddable":true,"href":"https:\/\/revistaepocadigital.com.ar\/index.php?rest_route=%2Fwp%2Fv2%2Fcomments&post=2885"}],"version-history":[{"count":0,"href":"https:\/\/revistaepocadigital.com.ar\/index.php?rest_route=\/wp\/v2\/posts\/2885\/revisions"}],"wp:featuredmedia":[{"embeddable":true,"href":"https:\/\/revistaepocadigital.com.ar\/index.php?rest_route=\/wp\/v2\/media\/2889"}],"wp:attachment":[{"href":"https:\/\/revistaepocadigital.com.ar\/index.php?rest_route=%2Fwp%2Fv2%2Fmedia&parent=2885"}],"wp:term":[{"taxonomy":"category","embeddable":true,"href":"https:\/\/revistaepocadigital.com.ar\/index.php?rest_route=%2Fwp%2Fv2%2Fcategories&post=2885"},{"taxonomy":"post_tag","embeddable":true,"href":"https:\/\/revistaepocadigital.com.ar\/index.php?rest_route=%2Fwp%2Fv2%2Ftags&post=2885"}],"curies":[{"name":"wp","href":"https:\/\/api.w.org\/{rel}","templated":true}]}}