{"id":28868,"date":"2025-04-04T23:21:44","date_gmt":"2025-04-05T02:21:44","guid":{"rendered":"https:\/\/revistaepocadigital.com.ar\/?p=28868"},"modified":"2025-04-04T23:21:44","modified_gmt":"2025-04-05T02:21:44","slug":"las-camionetas-son-tc-hechos-pick-up-canapino-la-bolilla-que-le-faltaba-para-nacionalizarse","status":"publish","type":"post","link":"https:\/\/revistaepocadigital.com.ar\/?p=28868","title":{"rendered":"&#8220;Las camionetas son TC hechos pick up&#8221;. Canapino la bolilla que le faltaba para nacionalizarse"},"content":{"rendered":"<p><strong>EN LA PLATA, LE LLEG\u00d3 EL DEBUT.<\/strong><!--more--><\/p>\n<p>Turismo Carretera, Turismo Carretera 2000 y TC Pick Up. &#8220;Cart\u00f3n lleno&#8221; para un Agust\u00edn Canapino &#8220;nacionalizado&#8221; por completo en la temporada 2025 de automovilismo. El carnet internacional lo ha dejado en su escritorio guardado, \u00bftambi\u00e9n habr\u00e1 archivado sus intenciones de volver a correr en IndyCar, al menos en las 500 Millas de Indian\u00e1polis?<\/p>\n<p>Al Mouras de La Plata lleg\u00f3 Canapino dispuesto para el debut absoluto en\u00a0 TC Pick Up con la Chevrolet S-10 del Canning Motorsport. <em>\u00bfQue me parecen las camionetas?, y&#8230; son Turismo Carretera convertidos en pick up, van muy r\u00e1pido si bien son mas inestables que los autos de TC, sobretodo en las curvas&#8221;,<\/em> desliz\u00f3 <strong>Canapa<\/strong> a modo de impresi\u00f3n general.<\/p>\n<p>&#8220;El equipo termin\u00f3 la S-10 con lo justo, es una camioneta que se rearm\u00f3 y fue actualizada seg\u00fan las necesidades del equipo, espero hacere un papel bueno&#8221;, cont\u00f3. &#8220;Las expectativas son de ir de menor a mayor; la categor\u00eda ya tiene sus a\u00f1os, sus dominadores, no ser\u00e1 nada sencillo, pero por otro lado el equipo ya ha participado con (Valent\u00edn) Aguirre y (Diego) Ciantini en el pasado. No han podido ganar campeonatos, pero ganaron carreras y pelearon duro por lo que disponen de una base y conocimiento de la categor\u00eda de a\u00f1os atr\u00e1s, eso me ha aumentado las esperanzas de tener un arranque l\u00f3gico, pero bueno, nunca se sabe\u201d, se\u00f1al\u00f3 Canapino. Desde el inicio de TCPK en 2018, Gast\u00f3n Mazzacane, Omar Mart\u00ednez y Mariano Werner han conseguido un t\u00edtulo, en tanto que Juan Pablo Gianini, \u00faltimo campe\u00f3n, acumula cuatro campeonatos.<\/p>\n<p>\u201cMe sub\u00ed\u00a0 por primera vez en la camioneta, y comenc\u00e9 con la incertidumbre por saber donde estamos parados, pese a todo, \u00a1obviamente las ganas de ganar las tengo, vamos a ver, y sobretodo a disfrutar del arranque en una nueva categor\u00eda que a m\u00ed me hab\u00eda quedado pendiente desde el a\u00f1o 2023, cuando me fu\u00ed a correr a Estados Unidos&#8221;, consider\u00f3 Agust\u00edin. &#8220;Ha sido un proyecto que se hab\u00eda truncado y retomarlo, y hacerlo con el equipo Canning, me motiva como siempre hago tratando de dar lo mejor, ganar y sobre todo disfrutar de hacer lo que me gusta que es manejar un auto de carrera\u201d, apunt\u00f3 el arrecife\u00f1o.<\/p>\n<p>Fotos: ACTC prensa.<\/p>\n","protected":false},"excerpt":{"rendered":"<p>EN LA PLATA, LE LLEG\u00d3 EL DEBUT.<\/p>\n","protected":false},"author":4,"featured_media":29043,"comment_status":"open","ping_status":"open","sticky":false,"template":"","format":"standard","meta":{"footnotes":"","jetpack_publicize_message":"","jetpack_publicize_feature_enabled":true,"jetpack_social_post_already_shared":true,"jetpack_social_options":{"image_generator_settings":{"template":"highway","default_image_id":0,"font":"","enabled":false},"version":2}},"categories":[9],"tags":[],"class_list":["post-28868","post","type-post","status-publish","format-standard","has-post-thumbnail","hentry","category-deportes"],"jetpack_publicize_connections":[],"jetpack_featured_media_url":"https:\/\/revistaepocadigital.com.ar\/wp-content\/uploads\/2025\/04\/Chevrolet-S10-de-Canapino-de-frente.jpg","jetpack_likes_enabled":true,"_links":{"self":[{"href":"https:\/\/revistaepocadigital.com.ar\/index.php?rest_route=\/wp\/v2\/posts\/28868","targetHints":{"allow":["GET"]}}],"collection":[{"href":"https:\/\/revistaepocadigital.com.ar\/index.php?rest_route=\/wp\/v2\/posts"}],"about":[{"href":"https:\/\/revistaepocadigital.com.ar\/index.php?rest_route=\/wp\/v2\/types\/post"}],"author":[{"embeddable":true,"href":"https:\/\/revistaepocadigital.com.ar\/index.php?rest_route=\/wp\/v2\/users\/4"}],"replies":[{"embeddable":true,"href":"https:\/\/revistaepocadigital.com.ar\/index.php?rest_route=%2Fwp%2Fv2%2Fcomments&post=28868"}],"version-history":[{"count":0,"href":"https:\/\/revistaepocadigital.com.ar\/index.php?rest_route=\/wp\/v2\/posts\/28868\/revisions"}],"wp:featuredmedia":[{"embeddable":true,"href":"https:\/\/revistaepocadigital.com.ar\/index.php?rest_route=\/wp\/v2\/media\/29043"}],"wp:attachment":[{"href":"https:\/\/revistaepocadigital.com.ar\/index.php?rest_route=%2Fwp%2Fv2%2Fmedia&parent=28868"}],"wp:term":[{"taxonomy":"category","embeddable":true,"href":"https:\/\/revistaepocadigital.com.ar\/index.php?rest_route=%2Fwp%2Fv2%2Fcategories&post=28868"},{"taxonomy":"post_tag","embeddable":true,"href":"https:\/\/revistaepocadigital.com.ar\/index.php?rest_route=%2Fwp%2Fv2%2Ftags&post=28868"}],"curies":[{"name":"wp","href":"https:\/\/api.w.org\/{rel}","templated":true}]}}