{"id":2887,"date":"2019-07-17T23:50:47","date_gmt":"2019-07-18T02:50:47","guid":{"rendered":"https:\/\/revistaepocadigital.com.ar\/?p=2887"},"modified":"2019-07-17T23:58:24","modified_gmt":"2019-07-18T02:58:24","slug":"sabes-donde-votas","status":"publish","type":"post","link":"https:\/\/revistaepocadigital.com.ar\/?p=2887","title":{"rendered":"\u00bfSab\u00e9s donde vot\u00e1s?"},"content":{"rendered":"<p><span id=\"fbPhotoSnowliftCaption\" class=\"fbPhotosPhotoCaption\" tabindex=\"0\" aria-live=\"polite\" data-ft=\"{&quot;tn&quot;:&quot;K&quot;}\"><span class=\"hasCaption\"><strong>EL PADR\u00d3N ELECTORAL.<\/strong><!--more--><\/span><\/span><\/p>\n<p><span id=\"fbPhotoSnowliftCaption\" class=\"fbPhotosPhotoCaption\" tabindex=\"0\" aria-live=\"polite\" data-ft=\"{&quot;tn&quot;:&quot;K&quot;}\"><span class=\"hasCaption\">Entr\u00e1 ac\u00e1 y conoc\u00e9 donde ten\u00e9s que votar:<\/span><\/span><\/p>\n<p><a href=\"https:\/\/www.padron.gob.ar\/?fbclid=IwAR17TsTK3mjeyLz9UXdYBp2VSm4h5V2gtND_atYFCspc1_q9m4JKz2TTRog\" target=\"_blank\" rel=\"nofollow noopener noreferrer\" data-lynx-mode=\"asynclazy\" data-lynx-uri=\"https:\/\/l.facebook.com\/l.php?u=https%3A%2F%2Fwww.padron.gob.ar%2F%3Ffbclid%3DIwAR17TsTK3mjeyLz9UXdYBp2VSm4h5V2gtND_atYFCspc1_q9m4JKz2TTRog&amp;h=AT0eJMgeicWU5DXuH_bWs0RTmAnKNrzVqjOneTvDNa1qXjmDADCGJOLFOCEGkbvwiWG7PEdu2MxPXKIOnpYqWQR_pmctP-sQFjX4tGgHhEtrN64doCNz1Eq9Nbn42itj68TBTw\">https:\/\/www.padron.gob.ar<\/a><\/p>\n<p>&nbsp;<\/p>\n","protected":false},"excerpt":{"rendered":"<p>EL PADR\u00d3N ELECTORAL.<\/p>\n","protected":false},"author":3,"featured_media":2894,"comment_status":"open","ping_status":"open","sticky":false,"template":"","format":"standard","meta":{"footnotes":"","jetpack_publicize_message":"","jetpack_publicize_feature_enabled":true,"jetpack_social_post_already_shared":false,"jetpack_social_options":{"image_generator_settings":{"template":"highway","default_image_id":0,"font":"","enabled":false},"version":2}},"categories":[10],"tags":[37,44,412,193],"class_list":["post-2887","post","type-post","status-publish","format-standard","has-post-thumbnail","hentry","category-editorial","tag-destacada","tag-elecciones-2019","tag-padron","tag-recomendadas"],"jetpack_publicize_connections":[],"jetpack_featured_media_url":"https:\/\/revistaepocadigital.com.ar\/wp-content\/uploads\/2019\/07\/PADRON.jpg","jetpack_likes_enabled":true,"_links":{"self":[{"href":"https:\/\/revistaepocadigital.com.ar\/index.php?rest_route=\/wp\/v2\/posts\/2887","targetHints":{"allow":["GET"]}}],"collection":[{"href":"https:\/\/revistaepocadigital.com.ar\/index.php?rest_route=\/wp\/v2\/posts"}],"about":[{"href":"https:\/\/revistaepocadigital.com.ar\/index.php?rest_route=\/wp\/v2\/types\/post"}],"author":[{"embeddable":true,"href":"https:\/\/revistaepocadigital.com.ar\/index.php?rest_route=\/wp\/v2\/users\/3"}],"replies":[{"embeddable":true,"href":"https:\/\/revistaepocadigital.com.ar\/index.php?rest_route=%2Fwp%2Fv2%2Fcomments&post=2887"}],"version-history":[{"count":0,"href":"https:\/\/revistaepocadigital.com.ar\/index.php?rest_route=\/wp\/v2\/posts\/2887\/revisions"}],"wp:featuredmedia":[{"embeddable":true,"href":"https:\/\/revistaepocadigital.com.ar\/index.php?rest_route=\/wp\/v2\/media\/2894"}],"wp:attachment":[{"href":"https:\/\/revistaepocadigital.com.ar\/index.php?rest_route=%2Fwp%2Fv2%2Fmedia&parent=2887"}],"wp:term":[{"taxonomy":"category","embeddable":true,"href":"https:\/\/revistaepocadigital.com.ar\/index.php?rest_route=%2Fwp%2Fv2%2Fcategories&post=2887"},{"taxonomy":"post_tag","embeddable":true,"href":"https:\/\/revistaepocadigital.com.ar\/index.php?rest_route=%2Fwp%2Fv2%2Ftags&post=2887"}],"curies":[{"name":"wp","href":"https:\/\/api.w.org\/{rel}","templated":true}]}}