{"id":28875,"date":"2025-03-23T23:08:38","date_gmt":"2025-03-24T02:08:38","guid":{"rendered":"https:\/\/revistaepocadigital.com.ar\/?p=28875"},"modified":"2025-03-23T23:09:24","modified_gmt":"2025-03-24T02:09:24","slug":"la-deuda-externa-actual-es-de-us-471-500-millones-y-somos-47-millones-de-habitantes","status":"publish","type":"post","link":"https:\/\/revistaepocadigital.com.ar\/?p=28875","title":{"rendered":"La deuda externa actual es de US$ 471.500 millones y somos 47 millones de habitantes"},"content":{"rendered":"<article>\n<div id=\"detail-header\" class=\"article-header\">\n<div class=\"row\">\n<div class=\"col-12\">\n<div class=\"article-volanta\">\n<h4><strong>CADA ARGENTINO DEBE 10.000 D\u00d3LARES.<!--more--><\/strong><\/h4>\n<\/div>\n<div class=\"article-title\">\n<h1 class=\"title\"><\/h1>\n<\/div>\n<div class=\"article-sub-title \">\n<p class=\"ignore-parser\">La esperanza de\u00a0<strong class=\"ignore-parser\">Argentina\u00a0<\/strong>para hacer frente en la pr\u00f3xima d\u00e9cada a su\u00a0<strong class=\"ignore-parser\">deuda<\/strong> se basa en una eventual explosi\u00f3n de exportaciones de minerales e hidrocarburos.<\/p>\n<\/div>\n<\/div>\n<\/div>\n<\/div>\n<\/article>\n<div class=\"row\">\n<div class=\"col col-8\">\n<div class=\"detail-gallery\">\n<div class=\"detail-gallery__slide-wrapper\">\n<div class=\"detail-gallery__slide\">\n<figure class=\"detail-gallery__figure\">\n<div class=\"detail-gallery__nav\"><strong>La renta extra\u00edda al campo en Argentina, el recorte de fondos a las provincias y el feroz ajuste sobre haberes de jubilados ya no ser\u00e1n suficientes para garantizar el super\u00e1vit fiscal y pago de la deuda externa.<\/strong><\/div>\n<\/figure>\n<\/div>\n<\/div>\n<\/div>\n<article class=\"article-body\">\n<div class=\"article-content selectionShareable\">\n<div class=\"cuerpo\" data-twitter-link=\"\">\n<p>Los libertarios creen que la implementaci\u00f3n del\u00a0<strong>R\u00e9gimen de Incentivo a las Grandes Inversiones<\/strong>\u00a0podr\u00eda ampliar la capacidad recaudatoria de Balcarce 50 y las provincias.\u00a0<strong>Eso, nos ayudar\u00eda en teor\u00eda a sobrellevar una carga que no tiene precedentes para la econom\u00eda local.<\/strong><\/p>\n<\/div>\n<\/div>\n<\/article>\n<h5 class=\"banner-libre\"><span style=\"color: #111111; font-family: Roboto, sans-serif; font-size: 27px;\">Hace apenas dos a\u00f1os el peso de la deuda per c\u00e1pita era de US$ 8.600 (85% del PBI) pero creci\u00f3 con la llegada de Milei hasta los 5 d\u00edgitos: US$ 10.000 por cada argentino (un PBI completo).<\/span><\/h5>\n<article class=\"article-body\">\n<div class=\"article-content selectionShareable\">\n<div class=\"cuerpo\" data-twitter-link=\"\">\n<div id=\"539928-Libre-918928577_wrap\" class=\"embed_cont type_imagen\" contenteditable=\"false\">\n<div id=\"539928-Libre-918928577_content\" class=\"embed_content\"><img decoding=\"async\" id=\"539928-Libre-918928577_embed\" title=\"Alejandro Olmos Gaona y el crecimiento de la deuda externa en Argentina\" src=\"https:\/\/media.urgente24.com\/p\/c6dc719e75b502dd0a5d25b8929b36ab\/adjuntos\/319\/imagenes\/003\/225\/0003225581\/1200x0\/smart\/imagepng.png\" alt=\"Alejandro Olmos Gaona y el crecimiento de la deuda externa en Argentina\" width=\"1200\" height=\"undefined\" longdesc=\"https:\/\/media.urgente24.com\/p\/c6dc719e75b502dd0a5d25b8929b36ab\/adjuntos\/319\/imagenes\/003\/225\/0003225581\/1200x0\/smart\/imagepng.png\" \/><\/div>\n<div id=\"539928-Libre-918928577_epigrafe\" class=\"embed_epigrafe\">\n<p>Alejandro Olmos Gaona y el crecimiento de la deuda externa en Argentina<\/p>\n<\/div>\n<\/div>\n<h4>Alejandro Olmos Gaona ve un futuro muy incierto<\/h4>\n<p>Este economista, uno de los principales investigadores de la deuda externa de nuestro pa\u00eds, le dijo a Urgente24.com:<\/p>\n<\/div>\n<\/div>\n<\/article>\n<section class=\"related-note-in-body d-flex flex-wrap\">\n<article class=\"related-note-in-body-article row align-items-stretch no-gutters \" data-type=\"article\">\n<div class=\"col\">\n<div class=\"info-wrapper\">\n<h2 class=\"title\"><span style=\"font-family: Verdana, Geneva, sans-serif; font-size: 15px; color: #222222;\">En 2025 debemos pagar US$ 22.000 millones. Cuando se fue Alberto Fern\u00e1ndez la deuda era de US$ 370.000 millones. Esto significa que Javier Milei aument\u00f3 los compromisos en US$ 100.000 millones durante los \u00faltimos 15 meses. Las Leliqs (Letras de Liquidez o deuda cuasi fiscal) fueron trasladadas desde el Banco Central al Ministerio de Econom\u00eda. El endeudamiento fue descomunal. Como ya no podemos pagar ni los intereses se van sumando cada mes m\u00e1s intereses al capital.<\/span><\/h2>\n<\/div>\n<\/div>\n<\/article>\n<\/section>\n<article class=\"article-body\">\n<div class=\"article-content selectionShareable\">\n<div class=\"cuerpo\" data-twitter-link=\"\">\n<div id=\"539931-Libre-1499033115_wrap\" class=\"embed_cont type_imagen\" contenteditable=\"false\">\n<div id=\"539931-Libre-1499033115_content\" class=\"embed_content\"><img decoding=\"async\" id=\"539931-Libre-1499033115_embed\" title=\"Luis Caputo y Javier Milei\" src=\"https:\/\/media.urgente24.com\/p\/5bf40fc137b354e8aaff13f88e42a8f2\/adjuntos\/319\/imagenes\/003\/225\/0003225584\/1200x0\/smart\/imagepng.png\" alt=\"Luis Caputo y Javier Milei\" width=\"1200\" height=\"undefined\" longdesc=\"https:\/\/media.urgente24.com\/p\/5bf40fc137b354e8aaff13f88e42a8f2\/adjuntos\/319\/imagenes\/003\/225\/0003225584\/1200x0\/smart\/imagepng.png\" \/><\/div>\n<div id=\"539931-Libre-1499033115_epigrafe\" class=\"embed_epigrafe\">\n<p>Luis Caputo y Javier Milei<\/p>\n<\/div>\n<\/div>\n<p><strong>Alejandro Olmos<\/strong> Gaona a\u00f1adi\u00f3: <em><strong>&#8220;El super\u00e1vit fiscal anunciado por el Poder Ejecutivo Nacional se ha logrado licuando jubilaciones, frenando la obra p\u00fablica y quit\u00e1ndole recursos a los gobernadores. Para colmo, esos sobrantes no van a un gasto productivo sino tambi\u00e9n a &#8220;honrar&#8221; a nuestros acreedores&#8221; agreg\u00f3 Olmos.<\/strong><\/em><\/p>\n<p>Empeora el presente cuadro el hecho de que Argentina lleve (de manera in\u00e9dita) dos a\u00f1os consecutivos sin presupuesto nacional. Esto permite al gobierno nacional la reasignaci\u00f3n de las partidas &#8220;a piacere&#8221;.<br \/>\n<em><strong>&#8220;El Decreto de Necesidad y Urgencia que se ha votado para acordar con el Fondo Monetario Internacional no tiene marcha atr\u00e1s aunque sea inconstitucional. He escuchado a algunos legisladores de la oposici\u00f3n decir que se pod\u00eda revertir ese instrumento y dictar la nulidad, Sin embargo, el FMI no puede ser citado como instituci\u00f3n a ning\u00fan tribunal internacional. No existe posibilidad jur\u00eddica de hacer algo semejante. Es una trampa en la que nos metieron. Hay que pagar o renegociar&#8221;\u00a0<\/strong><\/em>agreg\u00f3 el investigador.<\/p>\n<p>Con reservas netas negativas (en rojo) en el Banco Central, Argentina necesita seguir pidiendo pr\u00e9stamos porque los recortes ya no alcanzan. Resumiendo, cada compatriota debe ahora el equivalente a un auto 0KM de baja gama.<br \/>\nEn lugar de convocar a un amplio acuerdo a las restantes fuerzas partidarias para hacer frente al posible tsunami que se avecina, La Libertad Avanza opt\u00f3 por un DNU discrecional que elude al parlamento y mantiene en la opacidad una serie de datos relevantes sobre lo acordado.<\/p>\n<p><strong>\u00bfAlguien firmar\u00eda en una entidad crediticia un cr\u00e9dito en el cual no conoce su monto, ni su plazo, ni su tasa de inter\u00e9s a la hora de tomarlo? Seguramente, no.<\/strong><br \/>\n<strong>Sin embargo, es lo que votaron esta semana 129 diputados nacionales en el recinto.<\/strong><\/p>\n<\/div>\n<\/div>\n<\/article>\n<\/div>\n<div class=\"col col-4\">\n<aside>\n<div class=\"aside-section reading-now\">\n<div class=\"aside-titulo\">\n<h2><\/h2>\n<\/div>\n<article class=\"aside-article\">\n<figure class=\"a-article-img figure\"><a class=\"media-link link-analytic\" href=\"https:\/\/urgente24.com\/actualidad\/58-desaprueba-gestion-javier-milei-63-contra-credito-fmi-50-cree-que-habra-devaluta-n598130\" target=\"\" rel=\" index \"><img loading=\"lazy\" decoding=\"async\" class=\"img-fluid\" title=\"58% desaprueba gesti\u00f3n de Javier Milei, 63% contra cr\u00e9dito FMI, 50% cree que habr\u00e1 devaluta\" src=\"https:\/\/media.urgente24.com\/p\/8129433b83deb7b225865e97c234700f\/adjuntos\/319\/imagenes\/003\/225\/0003225526\/350x197\/smart\/fmijpg.jpg\" alt=\"58% desaprueba gesti\u00f3n de Javier Milei, 63% contra cr\u00e9dito FMI, 50% cree que habr\u00e1 devaluta\" width=\"350\" height=\"197\" longdesc=\"https:\/\/media.urgente24.com\/p\/8129433b83deb7b225865e97c234700f\/adjuntos\/319\/imagenes\/003\/225\/0003225526\/350x197\/smart\/fmijpg.jpg\" \/><\/a><\/figure>\n<div class=\"a-article-title\">\n<h4><a class=\"title-link link-analytic\" href=\"https:\/\/urgente24.com\/actualidad\/58-desaprueba-gestion-javier-milei-63-contra-credito-fmi-50-cree-que-habra-devaluta-n598130\" target=\"\">58% desaprueba gesti\u00f3n de Javier Milei, 63% contra cr\u00e9dito FMI, 50% cree que habr\u00e1 &#8216;devaluta&#8217;<\/a><\/h4>\n<\/div>\n<\/article>\n<\/div>\n<\/aside>\n<\/div>\n<\/div>\n<section class=\"bg-ligth\">\n<section class=\"container bg-ligth\">\n<div class=\"articles-rel\">\n<ul class=\"articles-rel-list row\">\n<li class=\"article-rel-list col-3 \">Nota publicada por Urgente24.com<\/li>\n<\/ul>\n<\/div>\n<\/section>\n<\/section>\n","protected":false},"excerpt":{"rendered":"<p>CADA ARGENTINO DEBE 10.000 D\u00d3LARES.<\/p>\n","protected":false},"author":4,"featured_media":28877,"comment_status":"open","ping_status":"open","sticky":false,"template":"","format":"standard","meta":{"footnotes":"","jetpack_publicize_message":"","jetpack_publicize_feature_enabled":true,"jetpack_social_post_already_shared":true,"jetpack_social_options":{"image_generator_settings":{"template":"highway","default_image_id":0,"font":"","enabled":false},"version":2}},"categories":[17],"tags":[2996,3099],"class_list":["post-28875","post","type-post","status-publish","format-standard","has-post-thumbnail","hentry","category-politica","tag-2996","tag-deuda-externa"],"jetpack_publicize_connections":[],"jetpack_featured_media_url":"https:\/\/revistaepocadigital.com.ar\/wp-content\/uploads\/2025\/03\/deud.webp","jetpack_likes_enabled":true,"_links":{"self":[{"href":"https:\/\/revistaepocadigital.com.ar\/index.php?rest_route=\/wp\/v2\/posts\/28875","targetHints":{"allow":["GET"]}}],"collection":[{"href":"https:\/\/revistaepocadigital.com.ar\/index.php?rest_route=\/wp\/v2\/posts"}],"about":[{"href":"https:\/\/revistaepocadigital.com.ar\/index.php?rest_route=\/wp\/v2\/types\/post"}],"author":[{"embeddable":true,"href":"https:\/\/revistaepocadigital.com.ar\/index.php?rest_route=\/wp\/v2\/users\/4"}],"replies":[{"embeddable":true,"href":"https:\/\/revistaepocadigital.com.ar\/index.php?rest_route=%2Fwp%2Fv2%2Fcomments&post=28875"}],"version-history":[{"count":0,"href":"https:\/\/revistaepocadigital.com.ar\/index.php?rest_route=\/wp\/v2\/posts\/28875\/revisions"}],"wp:featuredmedia":[{"embeddable":true,"href":"https:\/\/revistaepocadigital.com.ar\/index.php?rest_route=\/wp\/v2\/media\/28877"}],"wp:attachment":[{"href":"https:\/\/revistaepocadigital.com.ar\/index.php?rest_route=%2Fwp%2Fv2%2Fmedia&parent=28875"}],"wp:term":[{"taxonomy":"category","embeddable":true,"href":"https:\/\/revistaepocadigital.com.ar\/index.php?rest_route=%2Fwp%2Fv2%2Fcategories&post=28875"},{"taxonomy":"post_tag","embeddable":true,"href":"https:\/\/revistaepocadigital.com.ar\/index.php?rest_route=%2Fwp%2Fv2%2Ftags&post=28875"}],"curies":[{"name":"wp","href":"https:\/\/api.w.org\/{rel}","templated":true}]}}