{"id":28909,"date":"2025-03-26T23:36:39","date_gmt":"2025-03-27T02:36:39","guid":{"rendered":"https:\/\/revistaepocadigital.com.ar\/?p=28909"},"modified":"2025-03-26T23:36:39","modified_gmt":"2025-03-27T02:36:39","slug":"los-bomberos-de-cardales-festejaron-los-15","status":"publish","type":"post","link":"https:\/\/revistaepocadigital.com.ar\/?p=28909","title":{"rendered":"LOS BOMBEROS DE CARDALES, FESTEJARON LOS 15"},"content":{"rendered":"<div class=\"post-header\"><\/div>\n<div class=\"post-content\">\n<div class=\"addtoany_share_save_container addtoany_content addtoany_content_top\">\n<div class=\"a2a_kit a2a_kit_size_32 addtoany_list\" data-a2a-url=\"https:\/\/xn--ellugareo-s6a.com.ar\/sociedad\/los-bomberos-voluntarios-de-los-cardales-festejaron-15-anos-de-vocacion-y-esfuerzo\/\" data-a2a-title=\"Los Bomberos Voluntarios de Los Cardales festejaron 15 a\u00f1os de vocaci\u00f3n y esfuerzo\"><strong>LA INSTITUCI\u00d3N FUE CREADA EN EL A\u00d1O 2010.<!--more--><\/strong><\/div>\n<\/div>\n<p>En el Cuartel, los Bomberos Voluntarios de Los Cardales festejaron sus primeros 15 a\u00f1os de existencia, un per\u00edodo que sirvi\u00f3 para comprobar el crecimiento y compromiso de la entidad hacia los vecinos en especial.<\/p>\n<p><em>\u00abDesde nuestro humilde comienzo hemos trabajado incansablemente para crecer y perfeccionarnos, siempre con el objetivo de proteger y cuidar a nuestros vecinos<\/em>\u00bb, expresaron autoridades de los Bomberos y luego coincidieron en afirmar ante la celebraci\u00f3n,<em> &#8220;expresamos nuestra m\u00e1s sincera gratitud hacia quienes han sido parte fundamental del cuartel a lo largo de estos a\u00f1os, y quienes han hecho posible que alcanzaramos este logros, en particular a nuestros valientes bomberos voluntarios, a la Comisi\u00f3n Directiva, Municipio, familias y la comunidad en general. El apoyo incondicional ha sido fundamental para nuestro crecimiento y \u00e9xito\u00bb.<\/em><\/p>\n<p>El intendente Diego Nanni presente en la celebraci\u00f3n sostuvo, &#8220;quiero hacer llegar mi m\u00e1s profundo reconocimiento a los Bomberos Voluntarios de Los Cardales en su aniversario. No quer\u00eda dejar pasar la oportunidad de destacar su entrega, compromiso y valent\u00eda en el servicio a nuestra comunidad. Su vocaci\u00f3n y esfuerzo diario son un ejemplo de solidaridad y trabajo en equipo, valores que nos llenan de orgullo. Contar con un cuerpo de bomberos tan comprometido es un privilegio para Los Cardales. Gracias por estar siempre al servicio de los dem\u00e1s\u00bb. Al servicio de los dem\u00e1s como tambi\u00e9n lo hicieron con tantos damnificados por las devastadoras lluvias en Bah\u00eda Blanca que ocasionaron\u00a0 un desastre\u00a0 y p\u00e9rdidas de vida.<\/p>\n<p>Esfuerzo, entrega, convicciones, solidaridad, atributos que la gente reconoce y valora en los Bomberos de Cardales, siempre presente ante cualquier tipo de siniestro que pudiera ocurrir. La muestra del convencimiento con que encaran la labor, permite vislumbrar un futuro auspicioso para la entidad tan valorada en Cardales.<\/p>\n<p>Se vienen los pr\u00f3ximos 15 a\u00f1os. Avanti.<\/p>\n<\/div>\n","protected":false},"excerpt":{"rendered":"<p>LA INSTITUCI\u00d3N FUE CREADA EN EL A\u00d1O 2010.<\/p>\n","protected":false},"author":3,"featured_media":28913,"comment_status":"open","ping_status":"open","sticky":false,"template":"","format":"standard","meta":{"footnotes":"","jetpack_publicize_message":"","jetpack_publicize_feature_enabled":true,"jetpack_social_post_already_shared":true,"jetpack_social_options":{"image_generator_settings":{"template":"highway","default_image_id":0,"font":"","enabled":false},"version":2}},"categories":[14],"tags":[3103,365,423],"class_list":["post-28909","post","type-post","status-publish","format-standard","has-post-thumbnail","hentry","category-la-gente","tag-aniv-15","tag-bomberos","tag-cardales"],"jetpack_publicize_connections":[],"jetpack_featured_media_url":"https:\/\/revistaepocadigital.com.ar\/wp-content\/uploads\/2025\/03\/463913468_7950125238421854_2353518580344640527_n.jpg","jetpack_likes_enabled":true,"_links":{"self":[{"href":"https:\/\/revistaepocadigital.com.ar\/index.php?rest_route=\/wp\/v2\/posts\/28909","targetHints":{"allow":["GET"]}}],"collection":[{"href":"https:\/\/revistaepocadigital.com.ar\/index.php?rest_route=\/wp\/v2\/posts"}],"about":[{"href":"https:\/\/revistaepocadigital.com.ar\/index.php?rest_route=\/wp\/v2\/types\/post"}],"author":[{"embeddable":true,"href":"https:\/\/revistaepocadigital.com.ar\/index.php?rest_route=\/wp\/v2\/users\/3"}],"replies":[{"embeddable":true,"href":"https:\/\/revistaepocadigital.com.ar\/index.php?rest_route=%2Fwp%2Fv2%2Fcomments&post=28909"}],"version-history":[{"count":0,"href":"https:\/\/revistaepocadigital.com.ar\/index.php?rest_route=\/wp\/v2\/posts\/28909\/revisions"}],"wp:featuredmedia":[{"embeddable":true,"href":"https:\/\/revistaepocadigital.com.ar\/index.php?rest_route=\/wp\/v2\/media\/28913"}],"wp:attachment":[{"href":"https:\/\/revistaepocadigital.com.ar\/index.php?rest_route=%2Fwp%2Fv2%2Fmedia&parent=28909"}],"wp:term":[{"taxonomy":"category","embeddable":true,"href":"https:\/\/revistaepocadigital.com.ar\/index.php?rest_route=%2Fwp%2Fv2%2Fcategories&post=28909"},{"taxonomy":"post_tag","embeddable":true,"href":"https:\/\/revistaepocadigital.com.ar\/index.php?rest_route=%2Fwp%2Fv2%2Ftags&post=28909"}],"curies":[{"name":"wp","href":"https:\/\/api.w.org\/{rel}","templated":true}]}}