{"id":28917,"date":"2025-03-27T11:06:54","date_gmt":"2025-03-27T14:06:54","guid":{"rendered":"https:\/\/revistaepocadigital.com.ar\/?p=28917"},"modified":"2025-03-27T11:09:39","modified_gmt":"2025-03-27T14:09:39","slug":"fran-miranda-corre-y-se-destaca-entre-los-mejores","status":"publish","type":"post","link":"https:\/\/revistaepocadigital.com.ar\/?p=28917","title":{"rendered":"FRAN MIRANDA CORRE Y SE DESTACA ENTRE LOS MEJORES"},"content":{"rendered":"<p><strong>NO PARA.<\/strong><!--more--><\/p>\n<p>Franco Miranda, transita un a\u00f1o intenso en su actividad atl\u00e9tica que encara con determinaci\u00f3n y esfuerzo. Seguro luego del excelente tercer puesto en la tradicional carrera Atletica Homenaje al gran Osvaldo Suarez, uno de los atletas argentinos mas notables, ya estar\u00e1 afrontando m\u00e1s competencias.<\/p>\n<p>En la prueb homenaje a Osvaldo Suarez compiti\u00f3 sobre una distancia de 8 kms &#8220;y pude quedarme con el tercer puesto de la clasificaci\u00f3n general punteando gran parte de la carrera y enfrentando a los mejores atletas de la categor\u00eda Fondo que hay en Argentina. Mi marca fue 25m20s corriendo a a 3.10 km\/h. Un resultado que me dej\u00f3 muy confiado y con muchas ganas de seguir mejorando para las pr\u00f3ximas competencias del a\u00f1o&#8221;.<\/p>\n<p><img loading=\"lazy\" decoding=\"async\" class=\"aligncenter size-full wp-image-28923\" src=\"https:\/\/revistaepocadigital.com.ar\/wp-content\/uploads\/2025\/03\/mir3.jpg\" alt=\"\" width=\"384\" height=\"440\" srcset=\"https:\/\/revistaepocadigital.com.ar\/wp-content\/uploads\/2025\/03\/mir3.jpg 384w, https:\/\/revistaepocadigital.com.ar\/wp-content\/uploads\/2025\/03\/mir3-262x300.jpg 262w, https:\/\/revistaepocadigital.com.ar\/wp-content\/uploads\/2025\/03\/mir3-367x420.jpg 367w\" sizes=\"auto, (max-width: 384px) 100vw, 384px\" \/><\/p>\n<p><img loading=\"lazy\" decoding=\"async\" class=\"aligncenter size-full wp-image-28926\" src=\"https:\/\/revistaepocadigital.com.ar\/wp-content\/uploads\/2025\/03\/MIR8.jpg\" alt=\"\" width=\"384\" height=\"444\" srcset=\"https:\/\/revistaepocadigital.com.ar\/wp-content\/uploads\/2025\/03\/MIR8.jpg 384w, https:\/\/revistaepocadigital.com.ar\/wp-content\/uploads\/2025\/03\/MIR8-259x300.jpg 259w, https:\/\/revistaepocadigital.com.ar\/wp-content\/uploads\/2025\/03\/MIR8-363x420.jpg 363w\" sizes=\"auto, (max-width: 384px) 100vw, 384px\" \/><\/p>\n<p><img loading=\"lazy\" decoding=\"async\" class=\"aligncenter size-full wp-image-28924\" src=\"https:\/\/revistaepocadigital.com.ar\/wp-content\/uploads\/2025\/03\/mir5.jpg\" alt=\"\" width=\"302\" height=\"454\" srcset=\"https:\/\/revistaepocadigital.com.ar\/wp-content\/uploads\/2025\/03\/mir5.jpg 302w, https:\/\/revistaepocadigital.com.ar\/wp-content\/uploads\/2025\/03\/mir5-200x300.jpg 200w, https:\/\/revistaepocadigital.com.ar\/wp-content\/uploads\/2025\/03\/mir5-279x420.jpg 279w\" sizes=\"auto, (max-width: 302px) 100vw, 302px\" \/><\/p>\n<pre><strong>En el podio, con su entrenador, junto a su novia. Miranda sigue compitiendo a full<\/strong><\/pre>\n<p>&#8220;Sin dudas sigo entrenando duro para avanzar, y desde ya agradezco a quienes me brindan su apoyo, como el intendente municipal\u00a0 Diego Nanni,\u00a0Ultratechnutrition.com; por supuesto a mi entrenador Alejandro Britos con quien venimos haciendo un trabajo juntos desde hace ocho a\u00f1os y siempre est\u00e1 en todo respaldandome, y un agradecimiento especial para mi novia Jime Reyno, que es una persona que nunca me deja bajar los brazos en los momentos m\u00e1s duros y est\u00e1 ah\u00ed siempre para levantarme el \u00e1nimo&#8221;<\/p>\n","protected":false},"excerpt":{"rendered":"<p>NO PARA.<\/p>\n","protected":false},"author":4,"featured_media":28928,"comment_status":"open","ping_status":"open","sticky":false,"template":"","format":"standard","meta":{"footnotes":"","jetpack_publicize_message":"","jetpack_publicize_feature_enabled":true,"jetpack_social_post_already_shared":true,"jetpack_social_options":{"image_generator_settings":{"template":"highway","default_image_id":0,"font":"","enabled":false},"version":2}},"categories":[9],"tags":[539,1225],"class_list":["post-28917","post","type-post","status-publish","format-standard","has-post-thumbnail","hentry","category-deportes","tag-atletismo","tag-miranda"],"jetpack_publicize_connections":[],"jetpack_featured_media_url":"https:\/\/revistaepocadigital.com.ar\/wp-content\/uploads\/2025\/03\/MIR88.jpg","jetpack_likes_enabled":true,"_links":{"self":[{"href":"https:\/\/revistaepocadigital.com.ar\/index.php?rest_route=\/wp\/v2\/posts\/28917","targetHints":{"allow":["GET"]}}],"collection":[{"href":"https:\/\/revistaepocadigital.com.ar\/index.php?rest_route=\/wp\/v2\/posts"}],"about":[{"href":"https:\/\/revistaepocadigital.com.ar\/index.php?rest_route=\/wp\/v2\/types\/post"}],"author":[{"embeddable":true,"href":"https:\/\/revistaepocadigital.com.ar\/index.php?rest_route=\/wp\/v2\/users\/4"}],"replies":[{"embeddable":true,"href":"https:\/\/revistaepocadigital.com.ar\/index.php?rest_route=%2Fwp%2Fv2%2Fcomments&post=28917"}],"version-history":[{"count":0,"href":"https:\/\/revistaepocadigital.com.ar\/index.php?rest_route=\/wp\/v2\/posts\/28917\/revisions"}],"wp:featuredmedia":[{"embeddable":true,"href":"https:\/\/revistaepocadigital.com.ar\/index.php?rest_route=\/wp\/v2\/media\/28928"}],"wp:attachment":[{"href":"https:\/\/revistaepocadigital.com.ar\/index.php?rest_route=%2Fwp%2Fv2%2Fmedia&parent=28917"}],"wp:term":[{"taxonomy":"category","embeddable":true,"href":"https:\/\/revistaepocadigital.com.ar\/index.php?rest_route=%2Fwp%2Fv2%2Fcategories&post=28917"},{"taxonomy":"post_tag","embeddable":true,"href":"https:\/\/revistaepocadigital.com.ar\/index.php?rest_route=%2Fwp%2Fv2%2Ftags&post=28917"}],"curies":[{"name":"wp","href":"https:\/\/api.w.org\/{rel}","templated":true}]}}