{"id":28933,"date":"2025-03-29T00:24:18","date_gmt":"2025-03-29T03:24:18","guid":{"rendered":"https:\/\/revistaepocadigital.com.ar\/?p=28933"},"modified":"2025-03-29T00:24:18","modified_gmt":"2025-03-29T03:24:18","slug":"pedro-galeano-nuevo-conductor-del-club-honor-y-patria","status":"publish","type":"post","link":"https:\/\/revistaepocadigital.com.ar\/?p=28933","title":{"rendered":"PEDRO GALEANO, NUEVO CONDUCTOR DEL CLUB HONOR Y PATRIA"},"content":{"rendered":"<p><em><strong>&#8220;GRACIAS&#8230;<\/strong><\/em><!--more--><\/p>\n<p><em> a todos y cada uno de los que nos acompa\u00f1aron e hicieron que esto sea posible.<\/em><br \/>\n<em>Lleg\u00f3 la hora de devolverle al club lo que tanto nos dio.<\/em><br \/>\n<em>Trabajaremos todos los d\u00edas para poner a esta enorme instituci\u00f3n nuevamente como protagonista, recuperando el importante rol social que supo cumplir a lo largo de toda su histora. Siempre HyP&#8221;.<\/em><\/p>\n<p>El mensaje de la nueva comisi\u00f3n deportiva del Club Honor y Patria, una de las instituciones m\u00e1s longevas, hist\u00f3ricas y entra\u00f1ables de Capilla del Se\u00f1or, pudo tomarse como el paso inicial de la nueva gesti\u00f3n que ha de administrar a la entidad, luego de un proceso previo a la Asamblea y a la elecci\u00f3n de la nueva conducci\u00f3n al que no le faltaron tironeos y rispideces.<\/p>\n<figure id=\"attachment_28935\" aria-describedby=\"caption-attachment-28935\" style=\"width: 696px\" class=\"wp-caption aligncenter\"><img loading=\"lazy\" decoding=\"async\" class=\"size-large wp-image-28935\" src=\"https:\/\/revistaepocadigital.com.ar\/wp-content\/uploads\/2025\/03\/HYP-1-CD-1200x900.jpg\" alt=\"\" width=\"696\" height=\"522\" srcset=\"https:\/\/revistaepocadigital.com.ar\/wp-content\/uploads\/2025\/03\/HYP-1-CD-1200x900.jpg 1200w, https:\/\/revistaepocadigital.com.ar\/wp-content\/uploads\/2025\/03\/HYP-1-CD-300x225.jpg 300w, https:\/\/revistaepocadigital.com.ar\/wp-content\/uploads\/2025\/03\/HYP-1-CD-768x576.jpg 768w, https:\/\/revistaepocadigital.com.ar\/wp-content\/uploads\/2025\/03\/HYP-1-CD-1536x1152.jpg 1536w, https:\/\/revistaepocadigital.com.ar\/wp-content\/uploads\/2025\/03\/HYP-1-CD-80x60.jpg 80w, https:\/\/revistaepocadigital.com.ar\/wp-content\/uploads\/2025\/03\/HYP-1-CD-160x120.jpg 160w, https:\/\/revistaepocadigital.com.ar\/wp-content\/uploads\/2025\/03\/HYP-1-CD-265x198.jpg 265w, https:\/\/revistaepocadigital.com.ar\/wp-content\/uploads\/2025\/03\/HYP-1-CD-696x522.jpg 696w, https:\/\/revistaepocadigital.com.ar\/wp-content\/uploads\/2025\/03\/HYP-1-CD-1068x801.jpg 1068w, https:\/\/revistaepocadigital.com.ar\/wp-content\/uploads\/2025\/03\/HYP-1-CD-560x420.jpg 560w, https:\/\/revistaepocadigital.com.ar\/wp-content\/uploads\/2025\/03\/HYP-1-CD-1120x840.jpg 1120w, https:\/\/revistaepocadigital.com.ar\/wp-content\/uploads\/2025\/03\/HYP-1-CD.jpg 1600w\" sizes=\"auto, (max-width: 696px) 100vw, 696px\" \/><figcaption id=\"caption-attachment-28935\" class=\"wp-caption-text\">La nutrida concurrencia a la Asamblea, marc\u00f3 el inter\u00e9s existente.<\/figcaption><\/figure>\n<p>Celebrada finalmente la Asamblea Ordinaria, qued\u00f3 ratificada y oficializada la integraci\u00f3n de la nueva directiva encabezada por Pedro Galeano. Termin\u00f3 siendo la lista Azul y Blanca, \u00fanica en presentarse a la convocatoria prevista, luego que en un principio hubiera otra lista para pulsear por la dirigencia del club.<\/p>\n<p>LA NUEVA COMISI\u00d3N DIRECTIVA.<\/p>\n<p>Presidente: Pedro Galeano.<\/p>\n<p>Vicepresidente: Ricardo Guti\u00e9rrez<\/p>\n<p>Vocales: Marcelo Monz\u00f3n, Rosa Balmaceda, Miguel Domenech, Francisco Mart\u00ednez, Anabel Ferrero, Diego Oppici, Ferm\u00edn Grecco, Carolina Orozco, Guillermo Trezza; Carlos Managua Esteban Carlos, Cristian Petronca, Benjam\u00edn Vittori, Jos\u00e9 Pino y Javier Bocca.<\/p>\n","protected":false},"excerpt":{"rendered":"<p>&#8220;GRACIAS&#8230;<\/p>\n","protected":false},"author":4,"featured_media":28934,"comment_status":"open","ping_status":"open","sticky":false,"template":"","format":"standard","meta":{"footnotes":"","jetpack_publicize_message":"","jetpack_publicize_feature_enabled":true,"jetpack_social_post_already_shared":true,"jetpack_social_options":{"image_generator_settings":{"template":"highway","default_image_id":0,"font":"","enabled":false},"version":2}},"categories":[13],"tags":[2996,55,3104],"class_list":["post-28933","post","type-post","status-publish","format-standard","has-post-thumbnail","hentry","category-interes-general","tag-2996","tag-honor-y-patria","tag-nueva-directiva"],"jetpack_publicize_connections":[],"jetpack_featured_media_url":"https:\/\/revistaepocadigital.com.ar\/wp-content\/uploads\/2025\/03\/486679430_1207825768015325_1444400549570552509_n.jpg","jetpack_likes_enabled":true,"_links":{"self":[{"href":"https:\/\/revistaepocadigital.com.ar\/index.php?rest_route=\/wp\/v2\/posts\/28933","targetHints":{"allow":["GET"]}}],"collection":[{"href":"https:\/\/revistaepocadigital.com.ar\/index.php?rest_route=\/wp\/v2\/posts"}],"about":[{"href":"https:\/\/revistaepocadigital.com.ar\/index.php?rest_route=\/wp\/v2\/types\/post"}],"author":[{"embeddable":true,"href":"https:\/\/revistaepocadigital.com.ar\/index.php?rest_route=\/wp\/v2\/users\/4"}],"replies":[{"embeddable":true,"href":"https:\/\/revistaepocadigital.com.ar\/index.php?rest_route=%2Fwp%2Fv2%2Fcomments&post=28933"}],"version-history":[{"count":0,"href":"https:\/\/revistaepocadigital.com.ar\/index.php?rest_route=\/wp\/v2\/posts\/28933\/revisions"}],"wp:featuredmedia":[{"embeddable":true,"href":"https:\/\/revistaepocadigital.com.ar\/index.php?rest_route=\/wp\/v2\/media\/28934"}],"wp:attachment":[{"href":"https:\/\/revistaepocadigital.com.ar\/index.php?rest_route=%2Fwp%2Fv2%2Fmedia&parent=28933"}],"wp:term":[{"taxonomy":"category","embeddable":true,"href":"https:\/\/revistaepocadigital.com.ar\/index.php?rest_route=%2Fwp%2Fv2%2Fcategories&post=28933"},{"taxonomy":"post_tag","embeddable":true,"href":"https:\/\/revistaepocadigital.com.ar\/index.php?rest_route=%2Fwp%2Fv2%2Ftags&post=28933"}],"curies":[{"name":"wp","href":"https:\/\/api.w.org\/{rel}","templated":true}]}}