{"id":28945,"date":"2025-03-29T02:32:40","date_gmt":"2025-03-29T05:32:40","guid":{"rendered":"https:\/\/revistaepocadigital.com.ar\/?p=28945"},"modified":"2025-03-29T02:34:08","modified_gmt":"2025-03-29T05:34:08","slug":"los-aumentos-de-sueldo-que-daran-las-empresas-argentinas-y-las-multis-este-ano","status":"publish","type":"post","link":"https:\/\/revistaepocadigital.com.ar\/?p=28945","title":{"rendered":"Los aumentos de sueldo que dar\u00e1n las empresas argentinas y las multis este a\u00f1o"},"content":{"rendered":"<p><strong>EL ESCENARIO.<\/strong><!--more--><\/p>\n<p>Con un escenario de inflaci\u00f3n m\u00e1s contenida, las empresas dejaron atr\u00e1s los aumentos de sueldo constantes y en l\u00ednea directa con la suba de precios general para sus ejecutivos. Ahora, adoptan diversos criterios para definir los incrementos entre los que se destacan la situaci\u00f3n del mercado, los convenios colectivos de trabajo y traslados completos o parciales de la inflaci\u00f3n. Incluso, los ajustes son distintos cuando los plantea una empresa argentina o una que responde a criterios de su casa matriz.<\/p>\n<p>As\u00ed se refleja en el primer relevamiento del a\u00f1o de la encuesta TISA, realizada por la consultora de RR.HH. Mercer, que indica que adem\u00e1s en algunos casos, este a\u00f1o se dar\u00e1n mayores ajustes, dado que al menos durante los dos \u00faltimos a\u00f1os los incrementos salariales no acompa\u00f1aron los altos \u00edndices de inflaci\u00f3n.<\/p>\n<p>Los aumentos salariales ser\u00e1n mayores en el primer semestre y disminuir\u00e1n en la segunda mitad del a\u00f1o. Durante los primeros meses, los aumentos tendr\u00e1n una mediana del 18% y un promedio del 19%. Sin embargo, en el segundo semestre, estos valores caer\u00e1n a una mediana del 14 y un promedio del 15%, y ser\u00e1n revisados en funci\u00f3n de c\u00f3mo se comporte la inflaci\u00f3n.<\/p>\n<p>Teniendo en cuenta la distinci\u00f3n entre los incrementos proyectados por las casas matrices y las subsidiarias, las primeras prev\u00e9n incrementos muy en l\u00ednea con la inflaci\u00f3n proyectada, mientras que las segundas proyectan otorgar algunos puntos por encima de inflaci\u00f3n.<\/p>\n<p>El 60% de las empresas ya tiene su presupuesto estimado para todo el a\u00f1o 2025, mientras que un 31% lo tiene estimado por solo los tres primeros meses del a\u00f1o, seg\u00fan el relevamiento.<\/p>\n<p>Los meses del a\u00f1o donde mayoritariamente se estiman dar los incrementos siguen siendo marzo y abril para la primera parte del a\u00f1o y para la segunda parte, se reparten entre septiembre y octubre.<br \/>\nPor otro lado, el 49% de las compa\u00f1\u00edas planea realizar cuatro incrementos salariales en 2025. Mientras que, en 2024, la mayor\u00eda de las empresas realiz\u00f3 cinco o m\u00e1s aumentos durante el a\u00f1o.<\/p>\n<p>De acuerdo a como avance la inflaci\u00f3n ser\u00e1n revisadas las instancias de incrementos durante 2025.<\/p>\n<p>&nbsp;<\/p>\n","protected":false},"excerpt":{"rendered":"<p>EL ESCENARIO.<\/p>\n","protected":false},"author":3,"featured_media":28954,"comment_status":"open","ping_status":"open","sticky":false,"template":"","format":"standard","meta":{"footnotes":"","jetpack_publicize_message":"","jetpack_publicize_feature_enabled":true,"jetpack_social_post_already_shared":true,"jetpack_social_options":{"image_generator_settings":{"template":"highway","default_image_id":0,"font":"","enabled":false},"version":2}},"categories":[81],"tags":[3106],"class_list":["post-28945","post","type-post","status-publish","format-standard","has-post-thumbnail","hentry","category-anses","tag-aumentos-sueldos-empresas"],"jetpack_publicize_connections":[],"jetpack_featured_media_url":"https:\/\/revistaepocadigital.com.ar\/wp-content\/uploads\/2025\/03\/stock-vector-raise-salary-increase-wages-or-income-growth-concept-investment-profit-and-earning-rising-up-2389706241.jpg","jetpack_likes_enabled":true,"_links":{"self":[{"href":"https:\/\/revistaepocadigital.com.ar\/index.php?rest_route=\/wp\/v2\/posts\/28945","targetHints":{"allow":["GET"]}}],"collection":[{"href":"https:\/\/revistaepocadigital.com.ar\/index.php?rest_route=\/wp\/v2\/posts"}],"about":[{"href":"https:\/\/revistaepocadigital.com.ar\/index.php?rest_route=\/wp\/v2\/types\/post"}],"author":[{"embeddable":true,"href":"https:\/\/revistaepocadigital.com.ar\/index.php?rest_route=\/wp\/v2\/users\/3"}],"replies":[{"embeddable":true,"href":"https:\/\/revistaepocadigital.com.ar\/index.php?rest_route=%2Fwp%2Fv2%2Fcomments&post=28945"}],"version-history":[{"count":0,"href":"https:\/\/revistaepocadigital.com.ar\/index.php?rest_route=\/wp\/v2\/posts\/28945\/revisions"}],"wp:featuredmedia":[{"embeddable":true,"href":"https:\/\/revistaepocadigital.com.ar\/index.php?rest_route=\/wp\/v2\/media\/28954"}],"wp:attachment":[{"href":"https:\/\/revistaepocadigital.com.ar\/index.php?rest_route=%2Fwp%2Fv2%2Fmedia&parent=28945"}],"wp:term":[{"taxonomy":"category","embeddable":true,"href":"https:\/\/revistaepocadigital.com.ar\/index.php?rest_route=%2Fwp%2Fv2%2Fcategories&post=28945"},{"taxonomy":"post_tag","embeddable":true,"href":"https:\/\/revistaepocadigital.com.ar\/index.php?rest_route=%2Fwp%2Fv2%2Ftags&post=28945"}],"curies":[{"name":"wp","href":"https:\/\/api.w.org\/{rel}","templated":true}]}}