{"id":28947,"date":"2025-03-29T02:07:01","date_gmt":"2025-03-29T05:07:01","guid":{"rendered":"https:\/\/revistaepocadigital.com.ar\/?p=28947"},"modified":"2025-03-29T02:07:01","modified_gmt":"2025-03-29T05:07:01","slug":"taller-de-teatro-arriba-el-telon","status":"publish","type":"post","link":"https:\/\/revistaepocadigital.com.ar\/?p=28947","title":{"rendered":"Taller de Teatro. \u00a1Arriba el tel\u00f3n!"},"content":{"rendered":"<p><strong>EN SAL\u00d3N ROMA DE CAPILLA DEL SE\u00d1OR, LO DICTA JORGE &#8220;GAJO&#8221; RAMOS.<\/strong><!--more--><\/p>\n<p><img loading=\"lazy\" decoding=\"async\" class=\"aligncenter size-large wp-image-28948\" src=\"https:\/\/revistaepocadigital.com.ar\/wp-content\/uploads\/2025\/03\/taller-teatri-806x1200.jpg\" alt=\"\" width=\"696\" height=\"1036\" srcset=\"https:\/\/revistaepocadigital.com.ar\/wp-content\/uploads\/2025\/03\/taller-teatri-806x1200.jpg 806w, https:\/\/revistaepocadigital.com.ar\/wp-content\/uploads\/2025\/03\/taller-teatri-201x300.jpg 201w, https:\/\/revistaepocadigital.com.ar\/wp-content\/uploads\/2025\/03\/taller-teatri-768x1144.jpg 768w, https:\/\/revistaepocadigital.com.ar\/wp-content\/uploads\/2025\/03\/taller-teatri-696x1036.jpg 696w, https:\/\/revistaepocadigital.com.ar\/wp-content\/uploads\/2025\/03\/taller-teatri-282x420.jpg 282w, https:\/\/revistaepocadigital.com.ar\/wp-content\/uploads\/2025\/03\/taller-teatri-564x840.jpg 564w, https:\/\/revistaepocadigital.com.ar\/wp-content\/uploads\/2025\/03\/taller-teatri.jpg 832w\" sizes=\"auto, (max-width: 696px) 100vw, 696px\" \/><\/p>\n","protected":false},"excerpt":{"rendered":"<p>EN SAL\u00d3N ROMA DE CAPILLA DEL SE\u00d1OR, LO DICTA JORGE &#8220;GAJO&#8221; RAMOS.<\/p>\n","protected":false},"author":3,"featured_media":28948,"comment_status":"open","ping_status":"open","sticky":false,"template":"","format":"standard","meta":{"footnotes":"","jetpack_publicize_message":"","jetpack_publicize_feature_enabled":true,"jetpack_social_post_already_shared":true,"jetpack_social_options":{"image_generator_settings":{"template":"highway","default_image_id":0,"font":"","enabled":false},"version":2}},"categories":[12],"tags":[2844,3107],"class_list":["post-28947","post","type-post","status-publish","format-standard","has-post-thumbnail","hentry","category-espectaculos","tag-gajo-ramos","tag-talleres-teatro"],"jetpack_publicize_connections":[],"jetpack_featured_media_url":"https:\/\/revistaepocadigital.com.ar\/wp-content\/uploads\/2025\/03\/taller-teatri.jpg","jetpack_likes_enabled":true,"_links":{"self":[{"href":"https:\/\/revistaepocadigital.com.ar\/index.php?rest_route=\/wp\/v2\/posts\/28947","targetHints":{"allow":["GET"]}}],"collection":[{"href":"https:\/\/revistaepocadigital.com.ar\/index.php?rest_route=\/wp\/v2\/posts"}],"about":[{"href":"https:\/\/revistaepocadigital.com.ar\/index.php?rest_route=\/wp\/v2\/types\/post"}],"author":[{"embeddable":true,"href":"https:\/\/revistaepocadigital.com.ar\/index.php?rest_route=\/wp\/v2\/users\/3"}],"replies":[{"embeddable":true,"href":"https:\/\/revistaepocadigital.com.ar\/index.php?rest_route=%2Fwp%2Fv2%2Fcomments&post=28947"}],"version-history":[{"count":0,"href":"https:\/\/revistaepocadigital.com.ar\/index.php?rest_route=\/wp\/v2\/posts\/28947\/revisions"}],"wp:featuredmedia":[{"embeddable":true,"href":"https:\/\/revistaepocadigital.com.ar\/index.php?rest_route=\/wp\/v2\/media\/28948"}],"wp:attachment":[{"href":"https:\/\/revistaepocadigital.com.ar\/index.php?rest_route=%2Fwp%2Fv2%2Fmedia&parent=28947"}],"wp:term":[{"taxonomy":"category","embeddable":true,"href":"https:\/\/revistaepocadigital.com.ar\/index.php?rest_route=%2Fwp%2Fv2%2Fcategories&post=28947"},{"taxonomy":"post_tag","embeddable":true,"href":"https:\/\/revistaepocadigital.com.ar\/index.php?rest_route=%2Fwp%2Fv2%2Ftags&post=28947"}],"curies":[{"name":"wp","href":"https:\/\/api.w.org\/{rel}","templated":true}]}}