{"id":28955,"date":"2025-03-29T02:54:56","date_gmt":"2025-03-29T05:54:56","guid":{"rendered":"https:\/\/revistaepocadigital.com.ar\/?p=28955"},"modified":"2025-03-29T02:59:54","modified_gmt":"2025-03-29T05:59:54","slug":"en-exaltacion-de-la-cruz-van-a-triplicar-los-recursos-para-la-policia-comunal","status":"publish","type":"post","link":"https:\/\/revistaepocadigital.com.ar\/?p=28955","title":{"rendered":"En Exaltaci\u00f3n de la Cruz van a triplicar los recursos para la Polic\u00eda Comunal"},"content":{"rendered":"<div class=\"xdj266r x11i5rnm xat24cr x1mh8g0r x1vvkbs x126k92a\">\n<div dir=\"auto\"><strong>AH!, LA SEGURIDAD!<!--more--><\/strong><\/div>\n<div dir=\"auto\"><\/div>\n<div dir=\"auto\">En la Escuela de Polic\u00eda, Juan Vucetich, el gobernador Axel Kicillof y el ministro de Seguridad de la provincia; Javier Alonso, encabezaron el acto donde se le tom\u00f3 juramente a 1100 nuevos agentes de polic\u00eda y se hicieron anuncios respecto al Plan Integral de Seguridad Bonaerense.<\/div>\n<div dir=\"auto\"><\/div>\n<div dir=\"auto\">El flagelo de la inseguidad golpe\u00f3 muy duro en la provincia en los \u00faltimos meses, habi\u00e9ndose producidos hechos de extrena gravedad, recibiendo el gobernador duros cuestionamientos.<\/div>\n<div dir=\"auto\"><\/div>\n<div dir=\"auto\">Al acto asistieron intendentes bonaerenses, entre los que estuvo el jefe comunal de Exaltaci\u00f3n de la Cruz, Diego Nanni, acompa\u00f1ado por el ssecretario de Seguridad municipal; Juan Manuel Boubeta Chehin.<\/div>\n<div dir=\"auto\"><\/div>\n<div dir=\"auto\">Durante el transcurso fue anunciada tambi\u00e9n una inversi\u00f3n clave para reforzar la seguridad en los municipios, que recibir\u00e1n m\u00e1s apoyo y entre los que se encontrar\u00e1 Exaltaci\u00f3n de la Cruz.<\/div>\n<div dir=\"auto\"><\/div>\n<div dir=\"auto\">A trav\u00e9s del Plan Integral de Seguridad Bonaerense, la Provincia destinar\u00e1 170.000 millones de pesos a la adquisici\u00f3n de patrulleros, infraestructura y equipamiento policial en los 135 distritos bonaerenses. En el caso de Exaltaci\u00f3n de la Cruz, un municipio con menos de 70.000 habitantes, ver\u00e1 triplicados los recursos para la Polic\u00eda Comunal, lo que permitir\u00e1 aumentar de $3.5 millones a $10.5 millones los fondos destinados al combustible de los m\u00f3viles policiales.<\/div>\n<div dir=\"auto\"><\/div>\n<\/div>\n<div class=\"x11i5rnm xat24cr x1mh8g0r x1vvkbs xtlvy1s x126k92a\">\n<div dir=\"auto\">Adem\u00e1s, se espera la llegada de nuevos patrulleros y la incorporaci\u00f3n de m\u00e1s agentes para fortalecer la seguridad de los vecinos. Tambi\u00e9n se sumar\u00e1 personal al Comando de Patrulla Rural, reforzando as\u00ed la presencia en las zonas rurales. Desde la municipalidad hicieron hincapi\u00e9 en el trabajo en conjunto con la Provincia para mejorar la seguridad en Exaltaci\u00f3n de la Cruz.<\/div>\n<\/div>\n","protected":false},"excerpt":{"rendered":"<p>AH!, LA SEGURIDAD!<\/p>\n","protected":false},"author":3,"featured_media":28957,"comment_status":"open","ping_status":"open","sticky":false,"template":"","format":"standard","meta":{"footnotes":"","jetpack_publicize_message":"","jetpack_publicize_feature_enabled":true,"jetpack_social_post_already_shared":true,"jetpack_social_options":{"image_generator_settings":{"template":"highway","default_image_id":0,"font":"","enabled":false},"version":2}},"categories":[17],"tags":[478,66,149],"class_list":["post-28955","post","type-post","status-publish","format-standard","has-post-thumbnail","hentry","category-politica","tag-kicillof","tag-nanni","tag-seguridad"],"jetpack_publicize_connections":[],"jetpack_featured_media_url":"https:\/\/revistaepocadigital.com.ar\/wp-content\/uploads\/2025\/03\/nann-kii-e1743226824660.jpg","jetpack_likes_enabled":true,"_links":{"self":[{"href":"https:\/\/revistaepocadigital.com.ar\/index.php?rest_route=\/wp\/v2\/posts\/28955","targetHints":{"allow":["GET"]}}],"collection":[{"href":"https:\/\/revistaepocadigital.com.ar\/index.php?rest_route=\/wp\/v2\/posts"}],"about":[{"href":"https:\/\/revistaepocadigital.com.ar\/index.php?rest_route=\/wp\/v2\/types\/post"}],"author":[{"embeddable":true,"href":"https:\/\/revistaepocadigital.com.ar\/index.php?rest_route=\/wp\/v2\/users\/3"}],"replies":[{"embeddable":true,"href":"https:\/\/revistaepocadigital.com.ar\/index.php?rest_route=%2Fwp%2Fv2%2Fcomments&post=28955"}],"version-history":[{"count":0,"href":"https:\/\/revistaepocadigital.com.ar\/index.php?rest_route=\/wp\/v2\/posts\/28955\/revisions"}],"wp:featuredmedia":[{"embeddable":true,"href":"https:\/\/revistaepocadigital.com.ar\/index.php?rest_route=\/wp\/v2\/media\/28957"}],"wp:attachment":[{"href":"https:\/\/revistaepocadigital.com.ar\/index.php?rest_route=%2Fwp%2Fv2%2Fmedia&parent=28955"}],"wp:term":[{"taxonomy":"category","embeddable":true,"href":"https:\/\/revistaepocadigital.com.ar\/index.php?rest_route=%2Fwp%2Fv2%2Fcategories&post=28955"},{"taxonomy":"post_tag","embeddable":true,"href":"https:\/\/revistaepocadigital.com.ar\/index.php?rest_route=%2Fwp%2Fv2%2Ftags&post=28955"}],"curies":[{"name":"wp","href":"https:\/\/api.w.org\/{rel}","templated":true}]}}