{"id":28959,"date":"2025-03-29T14:52:37","date_gmt":"2025-03-29T17:52:37","guid":{"rendered":"https:\/\/revistaepocadigital.com.ar\/?p=28959"},"modified":"2025-04-10T12:59:32","modified_gmt":"2025-04-10T15:59:32","slug":"multifacetica-lorena-zilio-la-oratoria-su-vocacion","status":"publish","type":"post","link":"https:\/\/revistaepocadigital.com.ar\/?p=28959","title":{"rendered":"Multifac\u00e9tica, Lorena Zilio. La Oratoria, su vocaci\u00f3n"},"content":{"rendered":"<p><strong>UNA VASTA Y DESTACADA TRAYECTORIA.<\/strong><!--more--><\/p>\n<p>En la actualidad, brinda capacitaciones, cursos de oratoria social, empresarial protocolo y ceremonial a corporaciones y particulares. Es <strong>Lorena Zilio<\/strong>, instructora en Equinoterapia y Gesti\u00f3n profesional, Consultora en Oratoria de impacto y Licenciada en Comunicaci\u00f3n. Es Lorena Zilio, una mujer din\u00e1mica y madre de tres hijas, Renata de 25 a\u00f1os, Bernarda 19 y Faustina 21 y cuenta con una muy vasta y destacada trayectoria, habiendo realizado entre m\u00faltiples actividades, cursos y seminarios. Y apunta Lorena,<em> &#8220;desarrollamos en 2014, una Asociaci\u00f3n para Profesionales de la Imagen<\/em> (AICI Argentina)<em> de la cual soy miembro fundador&#8221;.<\/em><\/p>\n<p>&#8220;<em>Mi amor y luego vocaci\u00f3n por la Oratoria nace en el Jard\u00edn de infantes<\/em> -cuenta Lorena a EPOCA-, <em>cuando inconscientemente y desde el juego, la due\u00f1a del colegio Jard\u00edn primaria y secundaria era profesora de Oratoria encubierta. Esto dado que hace mas de 50 a\u00f1os fue desterrada de nuestra cultura educativa la materia y carrera de Oratoria social&#8221;.<\/em><\/p>\n<p><img loading=\"lazy\" decoding=\"async\" class=\"alignleft size-medium wp-image-28964\" src=\"https:\/\/revistaepocadigital.com.ar\/wp-content\/uploads\/2025\/03\/ZILIO1-244x300.jpg\" alt=\"\" width=\"244\" height=\"300\" srcset=\"https:\/\/revistaepocadigital.com.ar\/wp-content\/uploads\/2025\/03\/ZILIO1-244x300.jpg 244w, https:\/\/revistaepocadigital.com.ar\/wp-content\/uploads\/2025\/03\/ZILIO1-324x400.jpg 324w, https:\/\/revistaepocadigital.com.ar\/wp-content\/uploads\/2025\/03\/ZILIO1.jpg 359w, https:\/\/revistaepocadigital.com.ar\/wp-content\/uploads\/2025\/03\/ZILIO1-341x420.jpg 341w\" sizes=\"auto, (max-width: 244px) 100vw, 244px\" \/><\/p>\n<p>&nbsp;<\/p>\n<p><em>&#8220;La se\u00f1orita John<\/em> (como le gustaba que la llam\u00e1ramos) -recuerda- n<em>os brind\u00f3 su amor y conocimiento en transmisi\u00f3n, comunicaci\u00f3n, semi\u00f3tica, ret\u00f3rica y expresi\u00f3n corporal desde lo l\u00fadico, junto con la m\u00fasica. Y as\u00ed fu\u00ed desarrollando naturalmente y cotidianamente la Oratoria en mi vida, ya siendo mayor me form\u00e9 en Econom\u00eda en la Universidad de Buenos Aires (UBA). Hace 30 a\u00f1os ingres\u00e9 a la primera empresa multinacional que se instal\u00f3 en la ciudad de Z\u00e1rate, mi ciudad.<\/em><em> En esa empresa me desempe\u00f1\u00e9 desde cero en Marketing, Comunicaci\u00f3n y Relaciones Internacionales; fu\u00ed parte de Cerveceria Isenbeck y Warsteiner, la conocida compa\u00f1\u00eda alemana&#8221;.<\/em><\/p>\n<p>En dicha multinacional, Zilio tuvo la oportunidad de desempe\u00f1arse durante 21 a\u00f1os<em> &#8220;que me sirvieron para aprender parte de lo que hoy me da placer compartir, la Oratoria Social. En la compa\u00f1\u00eda le brindaba a los ingenieros a punto de recibirse, la capacitaci\u00f3n en su totalidad del proceso integro de elaboraci\u00f3n Premium y Genuina de la cerveza, igual como se elaboraba y respetaba en Alemania desde el a\u00f1o 1816. Pasaron todas las universidades, facultades y maestros cerveceros de la Argentina y de varios pa\u00edses, de los cuales muchos aun despu\u00e9s de tantos a\u00f1os sigo estando en contacto. Gracias a esa experiencia, que me form\u00f3 como Consultora Internacional para desarrollar canales de comunicaci\u00f3n en grupos<\/em> <em>de l\u00edderes tanto personales, profesionales y corporativos&#8221;.<\/em><\/p>\n<p>Lorena Zilio luego resalta, <em>&#8220;luego de esa maravillosa experiencia de 21 a\u00f1os junto a varias profesionales de la Comunicaci\u00f3n, Imagen y Marketing, creamos en nuestro pa\u00eds a A.I.C.I <\/em>(Association of Imagen Consultants International) <em>de la cual soy miembro fundador y adem\u00e1s, tuve el honor y orgullo de asistir como representante de la Argentina en 2019 en Illinois, EE.UU&#8221;<\/em><\/p>\n<p>En la actualidad, sostiene, <em>&#8220;mi prop\u00f3sito es instalar un Centro de Equino Terapia en mi ciudad, no s\u00f3lo para diversas patolog\u00edas, sino tambi\u00e9n para comunicar desde un lugar y espacio integro, la conexi\u00f3n, paz, armon\u00eda, energ\u00eda y ense\u00f1anza que existe entre animales y nosotros, los seres humanos. Entendiendo que el acompa\u00f1amiento profesional, es esencial para quien quiere emprender un cambio, la oratoria social junto con la emocional representan ese eslab\u00f3n y herramienta fundamental que lamentablemente nunca nos ense\u00f1aron. Por eso, los invito a todos en este caso a trav\u00e9s de la Revista EPOCA, a conocerlos y poder descubrir la mejor versi\u00f3n de cada uno&#8221;.<\/em><\/p>\n<p><strong>CURSO EL 19 DE ABRIL<\/strong><\/p>\n<p><img loading=\"lazy\" decoding=\"async\" class=\"aligncenter size-full wp-image-28961\" src=\"https:\/\/revistaepocadigital.com.ar\/wp-content\/uploads\/2025\/03\/82d3cb51-21c1-45a5-b221-5af80a9c29aa.jpg\" alt=\"\" width=\"360\" height=\"459\" srcset=\"https:\/\/revistaepocadigital.com.ar\/wp-content\/uploads\/2025\/03\/82d3cb51-21c1-45a5-b221-5af80a9c29aa.jpg 360w, https:\/\/revistaepocadigital.com.ar\/wp-content\/uploads\/2025\/03\/82d3cb51-21c1-45a5-b221-5af80a9c29aa-235x300.jpg 235w, https:\/\/revistaepocadigital.com.ar\/wp-content\/uploads\/2025\/03\/82d3cb51-21c1-45a5-b221-5af80a9c29aa-329x420.jpg 329w\" sizes=\"auto, (max-width: 360px) 100vw, 360px\" \/><\/p>\n<p>ref: Lorena Zilio,Whatsapp +549 3487 497609 (Lorena) y +549 11 6793 5371 (Susana)<\/p>\n","protected":false},"excerpt":{"rendered":"<p>UNA VASTA Y DESTACADA TRAYECTORIA.<\/p>\n","protected":false},"author":4,"featured_media":28963,"comment_status":"open","ping_status":"open","sticky":false,"template":"","format":"standard","meta":{"footnotes":"","jetpack_publicize_message":"","jetpack_publicize_feature_enabled":true,"jetpack_social_post_already_shared":true,"jetpack_social_options":{"image_generator_settings":{"template":"highway","default_image_id":0,"font":"","enabled":false},"version":2}},"categories":[14],"tags":[3109,3108],"class_list":["post-28959","post","type-post","status-publish","format-standard","has-post-thumbnail","hentry","category-la-gente","tag-oratoria","tag-zilio"],"jetpack_publicize_connections":[],"jetpack_featured_media_url":"https:\/\/revistaepocadigital.com.ar\/wp-content\/uploads\/2025\/03\/ZILIO.jpg","jetpack_likes_enabled":true,"_links":{"self":[{"href":"https:\/\/revistaepocadigital.com.ar\/index.php?rest_route=\/wp\/v2\/posts\/28959","targetHints":{"allow":["GET"]}}],"collection":[{"href":"https:\/\/revistaepocadigital.com.ar\/index.php?rest_route=\/wp\/v2\/posts"}],"about":[{"href":"https:\/\/revistaepocadigital.com.ar\/index.php?rest_route=\/wp\/v2\/types\/post"}],"author":[{"embeddable":true,"href":"https:\/\/revistaepocadigital.com.ar\/index.php?rest_route=\/wp\/v2\/users\/4"}],"replies":[{"embeddable":true,"href":"https:\/\/revistaepocadigital.com.ar\/index.php?rest_route=%2Fwp%2Fv2%2Fcomments&post=28959"}],"version-history":[{"count":0,"href":"https:\/\/revistaepocadigital.com.ar\/index.php?rest_route=\/wp\/v2\/posts\/28959\/revisions"}],"wp:featuredmedia":[{"embeddable":true,"href":"https:\/\/revistaepocadigital.com.ar\/index.php?rest_route=\/wp\/v2\/media\/28963"}],"wp:attachment":[{"href":"https:\/\/revistaepocadigital.com.ar\/index.php?rest_route=%2Fwp%2Fv2%2Fmedia&parent=28959"}],"wp:term":[{"taxonomy":"category","embeddable":true,"href":"https:\/\/revistaepocadigital.com.ar\/index.php?rest_route=%2Fwp%2Fv2%2Fcategories&post=28959"},{"taxonomy":"post_tag","embeddable":true,"href":"https:\/\/revistaepocadigital.com.ar\/index.php?rest_route=%2Fwp%2Fv2%2Ftags&post=28959"}],"curies":[{"name":"wp","href":"https:\/\/api.w.org\/{rel}","templated":true}]}}