{"id":28973,"date":"2025-04-06T12:16:10","date_gmt":"2025-04-06T15:16:10","guid":{"rendered":"https:\/\/revistaepocadigital.com.ar\/?p=28973"},"modified":"2025-04-10T02:10:58","modified_gmt":"2025-04-10T05:10:58","slug":"anses-calendario-de-pagos-de-abril","status":"publish","type":"post","link":"https:\/\/revistaepocadigital.com.ar\/?p=28973","title":{"rendered":"ANSES. LIBRETA AUH: YA SE PUEDE REALIZAR LA PRESENTACI\u00d3N DE 2025"},"content":{"rendered":"<p><strong>NOTA SERVICIO.<\/strong><!--more--><\/p>\n<p class=\"yiv6194414849MsoNormal\"><b>Hasta el 31 de diciembre<\/b><\/p>\n<p class=\"yiv6194414849MsoNormal\">ANSES informa que est\u00e1 habilitada la presentaci\u00f3n de la Libreta de la Asignaci\u00f3n Universal por Hijo (AUH) correspondiente a 2025. De esta manera, las familias acreditan el cumplimiento de los controles de salud, el esquema de vacunaci\u00f3n y educaci\u00f3n de los ni\u00f1os y adolescentes.<\/p>\n<p class=\"yiv6194414849MsoNormal\">Adem\u00e1s, con esta presentaci\u00f3n, que se realiza a trav\u00e9s de\u00a0<a href=\"https:\/\/servicioscorp.anses.gob.ar\/clavelogon\/logon.aspx?system=miansesv2\" target=\"_blank\" rel=\"nofollow noopener noreferrer\"><i>mi ANSES<\/i><\/a>\u00a0o la\u00a0<a href=\"https:\/\/www.anses.gob.ar\/app-mi-anses\" target=\"_blank\" rel=\"nofollow noopener noreferrer\">app<\/a>, las familias acceden al 20 por ciento que corresponde al complemento acumulado del 2024.<\/p>\n<p class=\"yiv6194414849MsoNormal\">Cabe aclarar que\u00a0<b>el formulario generado desde la web es el \u00fanico v\u00e1lido para realizar el tr\u00e1mite online<\/b>\u00a0y que, una vez que est\u00e9 completo por las autoridades escolares y sanitarias, debe cargarse en\u00a0<i>mi ANSES<\/i>\u00a0mediante un celular o computadora. La fecha l\u00edmite de presentaci\u00f3n es el 31 de diciembre de 2025.<\/p>\n<p class=\"yiv6194414849MsoNormal\"><b>Paso a paso<\/b><\/p>\n<p class=\"yiv6194414849MsoListParagraphCxSpFirst\"><span lang=\"ES\">1.\u00a0\u00a0\u00a0\u00a0\u00a0\u00a0\u00a0<\/span>Ingresar a\u00a0<i>mi ANSES\u00a0<\/i>con CUIL y Clave de la Seguridad Social.<\/p>\n<p class=\"yiv6194414849MsoListParagraphCxSpMiddle\"><span lang=\"ES\">2.\u00a0\u00a0\u00a0\u00a0\u00a0\u00a0<\/span>En la secci\u00f3n\u00a0<i>Hijos\u00a0<\/i>&gt;\u00a0<i>Libreta AUH\u00a0<\/i>consultar la informaci\u00f3n sobre los hijos o personas a cargo por la que se recibe la asignaci\u00f3n y corroborar que est\u00e9 correcta.<\/p>\n<p class=\"yiv6194414849MsoListParagraphCxSpMiddle\"><span lang=\"ES\">3.\u00a0\u00a0\u00a0\u00a0\u00a0<\/span>Si falta completar alguna secci\u00f3n (educaci\u00f3n, salud o vacunaci\u00f3n), seleccionar la opci\u00f3n\u00a0<i>Generar Libreta\u00a0<\/i>para descargarla o enviarla por correo electr\u00f3nico.<\/p>\n<p class=\"yiv6194414849MsoListParagraphCxSpMiddle\"><span lang=\"ES\">4.\u00a0\u00a0\u00a0\u00a0\u00a0\u00a0<\/span>Imprimir el formulario (en una sola hoja y con buena calidad de impresi\u00f3n) y llevarlo al centro de salud o a la escuela (si corresponde) para que sea completado y firmado.<\/p>\n<p class=\"yiv6194414849MsoListParagraphCxSpMiddle\"><span lang=\"ES\">5.\u00a0\u00a0\u00a0\u00a0\u00a0\u00a0<\/span>Sacar una foto al formulario completo (tomarla sobre una superficie plana y bien iluminada y que se vean las cuatro esquinas marcadas en negro). La imagen debe tener un peso menor a 3 megabytes (MB) y estar en formato JPG. Luego, reingresar a\u00a0<i>mi ANSES<\/i>, selecci\u00f3n la opci\u00f3n\u00a0<i>Hijos\u00a0<\/i>&gt;\u00a0<i>Libreta AUH\u00a0<\/i>&gt;\u00a0<i>Subir Libreta AUH<\/i>, y seguir las instrucciones para completar el tr\u00e1mite.<\/p>\n<p class=\"yiv6194414849MsoListParagraphCxSpLast\"><span lang=\"ES\">6.\u00a0\u00a0\u00a0\u00a0\u00a0<\/span>El proceso de carga finaliza cuando el titular recibe un correo electr\u00f3nico que confirma que la presentaci\u00f3n se efectu\u00f3 correctamente.<\/p>\n<p class=\"yiv6194414849MsoNormal\">Para m\u00e1s informaci\u00f3n, ingresar\u00a0<a href=\"https:\/\/www.anses.gob.ar\/hijos\/libreta-de-asignacion-universal\" target=\"_blank\" rel=\"nofollow noopener noreferrer\">aqu\u00ed<\/a>.<\/p>\n<p>&nbsp;<\/p>\n<p class=\"yiv5050296040MsoNormal\">&#8230;&#8230;&#8230;&#8230;&#8230;&#8230;&#8230;&#8230;&#8230;&#8230;&#8230;&#8230;&#8230;&#8230;<\/p>\n<p>&nbsp;<\/p>\n<p>nota anterior<\/p>\n<p class=\"yiv5050296040MsoNormal\">ANSES, organismo dependiente del Ministerio de Capital Humano, informa que ESTE MI\u00c9RCOLES 9 DE ABRIL, se<b>\u00a0<\/b>inician<b>\u00a0<\/b>los pagos, que incluyen el aumento por movilidad del 2,40 por ciento, de las Pensiones No Contributivas (PNC), jubilaciones y pensiones m\u00ednimas, Asignaci\u00f3n Universal por Hijo, Asignaci\u00f3n Familiar por Hijo y de las Asignaciones Familiares de PNC.<\/p>\n<p class=\"yiv5050296040MsoNormal\"><b>\u00a0<\/b><b>Pensiones No Contributivas<\/b><\/p>\n<p class=\"yiv5050296040MsoNormal\">Titulares con documentos terminados en\u00a0<b>0, 1, 2 y 3<\/b>\u00a0cobran su haber m\u00e1s el bono de 70 mil pesos.<\/p>\n<p class=\"yiv5050296040MsoNormal\"><b>\u00a0<\/b><b>Jubilaciones y pensiones<\/b><\/p>\n<p class=\"yiv5050296040MsoNormal\">Titulares de jubilaciones y pensiones m\u00ednimas con documentos finalizados en\u00a0<b>0<\/b>\u00a0cobran su haber m\u00e1s el bono de 70 mil pesos.<\/p>\n<p class=\"yiv5050296040MsoNormal\"><b>Asignaci\u00f3n Universal por Hijo y Asignaci\u00f3n Familiar por Hijo<\/b><\/p>\n<p class=\"yiv5050296040MsoNormal\">Titulares con documentos concluidos en\u00a0<b>0<\/b>.<\/p>\n<p class=\"yiv5050296040MsoNormal\"><b>\u00a0<\/b><b>Asignaciones Familiares de Pensiones No Contributivas<\/b><\/p>\n<p class=\"yiv5050296040MsoNormal\">Todas las finalizaciones de documento hasta el 10 de abril.<\/p>\n<div>\n<p>&nbsp;<\/p>\n<p>&nbsp;<\/p>\n<p class=\"yiv5050296040MsoNormal\"><b>\u00bfC\u00f3mo consultar lugar y fecha de cobro?<\/b><\/p>\n<p class=\"yiv5050296040MsoNormal\">1. Desde el sitio web de ANSES, opci\u00f3n\u00a0<a href=\"https:\/\/www.anses.gob.ar\/consultas\/calendario-de-pagos\" target=\"_blank\" rel=\"nofollow noopener noreferrer\"><i>Calendario de pagos<\/i><\/a>.<\/p>\n<p class=\"yiv5050296040MsoNormal\">2. Desde\u00a0<a href=\"https:\/\/servicioscorp.anses.gob.ar\/clavelogon\/logon.aspx?system=miansesv2\" target=\"_blank\" rel=\"nofollow noopener noreferrer\">mi ANSES<\/a><span class=\"yiv5050296040MsoHyperlink\">,\u00a0<\/span>ingresando CUIL y Clave de la Seguridad Social. Ir a\u00a0<i>Cobros<\/i>, opci\u00f3n\u00a0<i>Consultar fecha<\/i>\u00a0<i>y medio de cobro<\/i>.<\/p>\n<p class=\"yiv5050296040MsoNormal\">3. Desde la\u00a0<a href=\"https:\/\/www.anses.gob.ar\/app-mi-anses\" target=\"_blank\" rel=\"nofollow noopener noreferrer\">app mi ANSES<\/a>, ingresando CUIL y Clave de la Seguridad Social. Ir a\u00a0<i>Mis datos<\/i>, opci\u00f3n\u00a0<i>Mis fechas de cobro<\/i>.<\/p>\n<p class=\"yiv5050296040MsoNormal\">4. A trav\u00e9s de la modalidad\u00a0<a href=\"https:\/\/www.anses.gob.ar\/atencion-virtual\" target=\"_blank\" rel=\"nofollow noopener noreferrer\">Atenci\u00f3n Virtual<\/a>, con CUIL y Clave de la Seguridad Social. Ir a\u00a0<i>Iniciar atenci\u00f3n<\/i>,\u00a0<i>Consultas r\u00e1pidas<\/i>,\u00a0<i>Cu\u00e1ndo y d\u00f3nde cobro<\/i>.<\/p>\n<\/div>\n<p style=\"text-align: center;\"><strong>&#8212;&#8212;&#8212;&#8212;&#8212;&#8212;&#8212;&#8212;&#8212;&#8212;&#8212;&#8212;&#8212;&#8212;&#8211;<\/strong><\/p>\n<p>nota anterior<\/p>\n<p style=\"text-align: center;\"><strong>ANSES. CALENDARIO DE PAGOS DE ABRI<\/strong>L<\/p>\n<p>&nbsp;<\/p>\n<p>ANSES, organismo dependiente del Ministerio de Capital Humano, comunic\u00f3 los calendarios de pagos de abril para jubilados, pensionados y titulares de Pensiones No Contributivas (PNC), Asignaci\u00f3n Universal por Hijo, Asignaci\u00f3n por Embarazo, Asignaciones Familiares y Prestaci\u00f3n por Desempleo.<\/p>\n<p>Jubilaciones y pensiones que no superen un haber m\u00ednimo<\/p>\n<p>\u2022 DNI terminados en 0: 9 de abril<\/p>\n<p>\u2022 DNI terminados en 1: 10 de abril<\/p>\n<p>\u2022 DNI terminados en 2: 11 de abril<\/p>\n<p>\u2022 DNI terminados en 3: 14 de abril<\/p>\n<p>\u2022 DNI terminados en 4 y 5: 15 de abril<\/p>\n<p>\u2022 DNI terminados en 6: 16 de abril<\/p>\n<p>\u2022 DNI terminados en 7: 21 de abril<\/p>\n<p>\u2022 DNI terminados en 8: 22 de abril<\/p>\n<p>\u2022 DNI terminados en 9: 23 de abril<\/p>\n<p>Jubilaciones y pensiones que superen un haber m\u00ednimo<\/p>\n<p>\u2022 DNI terminados en 0 y 1: 24 de abril<\/p>\n<p>\u2022 DNI terminados en 2 y 3: 25 de abril<\/p>\n<p>\u2022 DNI terminados en 4 y 5: 28 de abril<\/p>\n<p>\u2022 DNI terminados en 6 y 7: 29 de abril<\/p>\n<p>\u2022 DNI terminados en 8 y 9: 30 de abril<\/p>\n<p>Asignaci\u00f3n Universal por Hijo y Asignaci\u00f3n Familiar por Hijo<\/p>\n<p>\u2022 DNI terminados en 0: 9 de abril<\/p>\n<p>\u2022 DNI terminados en 1: 10 de abril<\/p>\n<p>\u2022 DNI terminados en 2: 11 de abril<\/p>\n<p>\u2022 DNI terminados en 3: 14 de abril<\/p>\n<p>\u2022 DNI terminados en 4: 15 de abril<\/p>\n<p>\u2022 DNI terminados en 5: 16 de abril<\/p>\n<p>\u2022 DNI terminados en 6: 21 de abril<\/p>\n<p>\u2022 DNI terminados en 7: 22 de abril<\/p>\n<p>\u2022 DNI terminados en 8: 23 de abril<\/p>\n<p>\u2022 DNI terminados en 9: 24 de abril<\/p>\n<p>Asignaci\u00f3n por Embarazo<\/p>\n<p>\u2022 DNI terminados en 0: 10 de abril<\/p>\n<p>\u2022 DNI terminados en 1: 11 de abril<\/p>\n<p>\u2022 DNI terminados en 2: 14 de abril<\/p>\n<p>\u2022 DNI terminados en 3: 15 de abril<\/p>\n<p>\u2022 DNI terminados en 4: 16 de abril<\/p>\n<p>\u2022 DNI terminados en 5: 21 de abril<\/p>\n<p>\u2022 DNI terminados en 6: 22 de abril<\/p>\n<p>\u2022 DNI terminados en 7: 23 de abril<\/p>\n<p>\u2022 DNI terminados en 8: 24 de abril<\/p>\n<p>\u2022 DNI terminados en 9: 25 de abril<\/p>\n<p>Asignaci\u00f3n por Prenatal y Maternidad<\/p>\n<p>\u2022 DNI terminados en 0 y 1: 11 de abril<\/p>\n<p>\u2022 DNI terminados en 2 y 3: 14 de abril<\/p>\n<p>\u2022 DNI terminados en 4 y 5: 15 de abril<\/p>\n<p>\u2022 DNI terminados en 6 y 7: 16 de abril<\/p>\n<p>\u2022 DNI terminados en 8 y 9: 21 de abril<\/p>\n<p>Asignaciones Pago \u00danico (Matrimonio, Nacimiento, Adopci\u00f3n)<\/p>\n<p>\u2022 Todas las terminaciones de documento: 10 de abril al 12 de mayo<\/p>\n<p>Pensiones No Contributivas<\/p>\n<p>\u2022 DNI terminados en 0, 1, 2 y 3: 9 de abril<\/p>\n<p>\u2022 DNI terminados en 4, 5, 6 y 7: 10 de abril<\/p>\n<p>\u2022 DNI terminados en 8 y 9: 11 de abril<\/p>\n<p>Asignaciones Familiares de Pensiones No Contributivas<\/p>\n<p>\u2022 Todas las terminaciones de documento: 9 de abril al 12 de mayo<\/p>\n<p>Prestaci\u00f3n por Desempleo<\/p>\n<p>\u2022 DNI terminados en 0 y 1: 23 de abril<\/p>\n<p>\u2022 DNI terminados en 2 y 3: 24 de abril<\/p>\n<p>\u2022 DNI terminados en 4 y 5: 25 de abril<\/p>\n<p>\u2022 DNI terminados en 6 y 7: 28 de abril<\/p>\n<p>\u2022 DNI terminados en 8 y 9: 29 de abril<\/p>\n","protected":false},"excerpt":{"rendered":"<p>NOTA SERVICIO.<\/p>\n","protected":false},"author":3,"featured_media":28974,"comment_status":"open","ping_status":"open","sticky":false,"template":"","format":"standard","meta":{"footnotes":"","jetpack_publicize_message":"","jetpack_publicize_feature_enabled":true,"jetpack_social_post_already_shared":true,"jetpack_social_options":{"image_generator_settings":{"template":"highway","default_image_id":0,"font":"","enabled":false},"version":2}},"categories":[81],"tags":[21,3111],"class_list":["post-28973","post","type-post","status-publish","format-standard","has-post-thumbnail","hentry","category-anses","tag-anses","tag-pagos-abril"],"jetpack_publicize_connections":[],"jetpack_featured_media_url":"https:\/\/revistaepocadigital.com.ar\/wp-content\/uploads\/2025\/03\/anse.jpg","jetpack_likes_enabled":true,"_links":{"self":[{"href":"https:\/\/revistaepocadigital.com.ar\/index.php?rest_route=\/wp\/v2\/posts\/28973","targetHints":{"allow":["GET"]}}],"collection":[{"href":"https:\/\/revistaepocadigital.com.ar\/index.php?rest_route=\/wp\/v2\/posts"}],"about":[{"href":"https:\/\/revistaepocadigital.com.ar\/index.php?rest_route=\/wp\/v2\/types\/post"}],"author":[{"embeddable":true,"href":"https:\/\/revistaepocadigital.com.ar\/index.php?rest_route=\/wp\/v2\/users\/3"}],"replies":[{"embeddable":true,"href":"https:\/\/revistaepocadigital.com.ar\/index.php?rest_route=%2Fwp%2Fv2%2Fcomments&post=28973"}],"version-history":[{"count":0,"href":"https:\/\/revistaepocadigital.com.ar\/index.php?rest_route=\/wp\/v2\/posts\/28973\/revisions"}],"wp:featuredmedia":[{"embeddable":true,"href":"https:\/\/revistaepocadigital.com.ar\/index.php?rest_route=\/wp\/v2\/media\/28974"}],"wp:attachment":[{"href":"https:\/\/revistaepocadigital.com.ar\/index.php?rest_route=%2Fwp%2Fv2%2Fmedia&parent=28973"}],"wp:term":[{"taxonomy":"category","embeddable":true,"href":"https:\/\/revistaepocadigital.com.ar\/index.php?rest_route=%2Fwp%2Fv2%2Fcategories&post=28973"},{"taxonomy":"post_tag","embeddable":true,"href":"https:\/\/revistaepocadigital.com.ar\/index.php?rest_route=%2Fwp%2Fv2%2Ftags&post=28973"}],"curies":[{"name":"wp","href":"https:\/\/api.w.org\/{rel}","templated":true}]}}