{"id":29014,"date":"2025-04-03T01:13:18","date_gmt":"2025-04-03T04:13:18","guid":{"rendered":"https:\/\/revistaepocadigital.com.ar\/?p=29014"},"modified":"2025-04-03T01:13:41","modified_gmt":"2025-04-03T04:13:41","slug":"robo-un-auto-en-capilla-del-senor-y-lo-detuvieron-en-zelaya","status":"publish","type":"post","link":"https:\/\/revistaepocadigital.com.ar\/?p=29014","title":{"rendered":"Rob\u00f3 un auto en Capilla del Se\u00f1or, y lo detuvieron en Zelaya"},"content":{"rendered":"<header class=\"main-header\">\n<div class=\"main-header__header-middle\"><\/div>\n<\/header>\n<p>&nbsp;<\/p>\n<div class=\"container mx-0\">\n<header class=\"news-headline\">\n<ul class=\"news-headline__topic\">\n<li class=\"news-headline__topic-item\"><strong>LA LOCALIDAD DEL PARTIDO DE PILAR.<!--more--><\/strong><\/li>\n<\/ul>\n<\/header>\n<div class=\"row\">\n<div class=\"col-12 col-lg-8\">\n<div class=\"detail-gallery\">\n<div class=\"detail-gallery__slide-wrapper\">\n<div class=\"detail-gallery__slide\">\n<figure class=\"detail-gallery__figure\">\n<div class=\"detail-gallery__nav\">Un hombre de 27 a\u00f1os fue detenidoen la localidad de <strong><a class=\"agrupador\" href=\"https:\/\/www.pilaradiario.com\/zelaya-a424\" rel=\"424\">Zelaya<\/a><\/strong> poco despu\u00e9s de haber robado un auto en Capilla del Se\u00f1or.\u00a0Fuentes policiales informaron a\u00a0<strong>El Diario\u00a0<\/strong>que el hecho se desencaden\u00f3 en la tarde de este martes cuando efectivos policiales del Destacamento de Zelaya, junto a personal de la Guardia Urbana de\u00a0<strong><a class=\"agrupador\" href=\"https:\/\/www.pilaradiario.com\/pilar-a93\" rel=\"93\">Pilar<\/a><\/strong>, fueron alertados desde el\u00a0<strong><a class=\"agrupador\" href=\"https:\/\/www.pilaradiario.com\/com-a762\" rel=\"762\">COM<\/a><\/strong>\u00a0por el ingreso al distrito de un auto sospechoso.<\/div>\n<\/figure>\n<\/div>\n<\/div>\n<\/div>\n<\/div>\n<div class=\"detail-gallery__slide\">\n<figure class=\"detail-gallery__figure\"><img loading=\"lazy\" decoding=\"async\" class=\"detail-gallery__figure-img img-fluid\" src=\"https:\/\/media.pilaradiario.com\/p\/0155ce8d0ff4d7cedbe20f56d8b39b6a\/adjuntos\/352\/imagenes\/100\/136\/0100136981\/790x0\/smart\/juanca-2jpg.jpg\" alt=\"RECUPERADO. El Toyota Etios hab\u00eda sido robado en Capilla del Se\u00f1or.\" width=\"808\" height=\"539\" data-td-src-property=\"https:\/\/media.pilaradiario.com\/p\/0155ce8d0ff4d7cedbe20f56d8b39b6a\/adjuntos\/352\/imagenes\/100\/136\/0100136981\/790x0\/smart\/juanca-2jpg.jpg\" \/><\/p>\n<div class=\"detail-gallery__nav\"><\/div>\n<\/figure>\n<\/div>\n<div class=\"detail-gallery__caption \">\n<p><em>El Toyota Etios que hab\u00eda sido robado en Capilla del Se\u00f1or, en la depedencia policial.<\/em><\/p>\n<\/div>\n<div class=\"col-12 col-lg-8\">\n<section class=\"recommended-news\">\n<div class=\"recommended-news__news-wrapper\">\n<article class=\"recommended-news__article\">\n<div class=\"recommended-news__info-wrapper\">\n<h2 class=\"recommended-news__title\"><span style=\"font-family: Verdana, Geneva, sans-serif; font-size: 15px; color: #222222;\">Se trataba de un <\/span><strong style=\"font-family: Verdana, Geneva, sans-serif; font-size: 15px; color: #222222;\">Toyota Etios<\/strong><span style=\"font-family: Verdana, Geneva, sans-serif; font-size: 15px; color: #222222;\"> de color blanco con chapa patente PQI-695, el cual hab\u00eda sido sustra\u00eddo en Capilla del Se\u00f1or, partido de Exaltaci\u00f3n de la Cruz. Mientras aguardaban directivas los polic\u00edas observaron a un hombre que se subi\u00f3 r\u00e1pidamente al rodado y se lo detuvo. Tiene 27 a\u00f1os y fue identificado como Gast\u00f3n Gabriel F, domiciliado en San Juan al 1700, Cuartel 1\u00b0 de Capilla del Se\u00f1or.<\/span><\/h2>\n<\/div>\n<\/article>\n<\/div>\n<\/section>\n<div>\n<div id=\"Parallax\"><\/div>\n<\/div>\n<article class=\"article-body article-body--second-paragraph\">El titular de la Unidad Funcional de Instrucci\u00f3n N\u00b0 6 de Exaltaci\u00f3n de la Cruz perteneciente al Departamento Judicial de Z\u00e1rate-Campana orden\u00f3 la detenci\u00f3n del sospechoso el cual deber\u00e1 declarar este jueves en una causa caratulada como \u201churto de automotor agravado por haberlo dejado en la v\u00eda p\u00fablica<\/article>\n<p>Fuente: Pilaradiario.com<\/p>\n<\/div>\n<\/div>\n<\/div>\n<p><!--more--><\/p>\n","protected":false},"excerpt":{"rendered":"<p>&nbsp; LA LOCALIDAD DEL PARTIDO DE PILAR.<\/p>\n","protected":false},"author":3,"featured_media":29015,"comment_status":"open","ping_status":"open","sticky":false,"template":"","format":"standard","meta":{"footnotes":"","jetpack_publicize_message":"","jetpack_publicize_feature_enabled":true,"jetpack_social_post_already_shared":true,"jetpack_social_options":{"image_generator_settings":{"template":"highway","default_image_id":0,"font":"","enabled":false},"version":2}},"categories":[13],"tags":[3114,3115],"class_list":["post-29014","post","type-post","status-publish","format-standard","has-post-thumbnail","hentry","category-interes-general","tag-robo-auto","tag-zelaya"],"jetpack_publicize_connections":[],"jetpack_featured_media_url":"https:\/\/revistaepocadigital.com.ar\/wp-content\/uploads\/2025\/04\/juanca-2jpg.webp","jetpack_likes_enabled":true,"_links":{"self":[{"href":"https:\/\/revistaepocadigital.com.ar\/index.php?rest_route=\/wp\/v2\/posts\/29014","targetHints":{"allow":["GET"]}}],"collection":[{"href":"https:\/\/revistaepocadigital.com.ar\/index.php?rest_route=\/wp\/v2\/posts"}],"about":[{"href":"https:\/\/revistaepocadigital.com.ar\/index.php?rest_route=\/wp\/v2\/types\/post"}],"author":[{"embeddable":true,"href":"https:\/\/revistaepocadigital.com.ar\/index.php?rest_route=\/wp\/v2\/users\/3"}],"replies":[{"embeddable":true,"href":"https:\/\/revistaepocadigital.com.ar\/index.php?rest_route=%2Fwp%2Fv2%2Fcomments&post=29014"}],"version-history":[{"count":0,"href":"https:\/\/revistaepocadigital.com.ar\/index.php?rest_route=\/wp\/v2\/posts\/29014\/revisions"}],"wp:featuredmedia":[{"embeddable":true,"href":"https:\/\/revistaepocadigital.com.ar\/index.php?rest_route=\/wp\/v2\/media\/29015"}],"wp:attachment":[{"href":"https:\/\/revistaepocadigital.com.ar\/index.php?rest_route=%2Fwp%2Fv2%2Fmedia&parent=29014"}],"wp:term":[{"taxonomy":"category","embeddable":true,"href":"https:\/\/revistaepocadigital.com.ar\/index.php?rest_route=%2Fwp%2Fv2%2Fcategories&post=29014"},{"taxonomy":"post_tag","embeddable":true,"href":"https:\/\/revistaepocadigital.com.ar\/index.php?rest_route=%2Fwp%2Fv2%2Ftags&post=29014"}],"curies":[{"name":"wp","href":"https:\/\/api.w.org\/{rel}","templated":true}]}}