{"id":29021,"date":"2025-04-03T02:11:33","date_gmt":"2025-04-03T05:11:33","guid":{"rendered":"https:\/\/revistaepocadigital.com.ar\/?p=29021"},"modified":"2025-04-03T02:11:33","modified_gmt":"2025-04-03T05:11:33","slug":"en-el-dia-internacional-de-concientizacion-sobre-el-autismo-una-bicicleteada-por-la-ciudad","status":"publish","type":"post","link":"https:\/\/revistaepocadigital.com.ar\/?p=29021","title":{"rendered":"EN EL D\u00cdA INTERNACIONAL DE CONCIENTIZACI\u00d3N SOBRE EL AUTISMO, UNA BICICLETEADA POR LA CIUDAD"},"content":{"rendered":"<p><strong>SE CONMEMORA EL 2 DE ABRIL DE CADA A\u00d1O<\/strong>.<!--more--><\/p>\n<p>Y en adhesi\u00f3n al D\u00eda Internacional de Concientizaci\u00f3n sobre el Autismo, un grupo de vecinas y vecinos, llev\u00f3 a cabo una saludable iniciativa al recorrer en bicicleta Capilla del Se\u00f1or.<\/p>\n<p><img loading=\"lazy\" decoding=\"async\" class=\"aligncenter size-full wp-image-29025\" src=\"https:\/\/revistaepocadigital.com.ar\/wp-content\/uploads\/2025\/04\/auti1.jpg\" alt=\"\" width=\"499\" height=\"374\" \/><\/p>\n<p>El recorrido fue amplio e incluso visitas a la Plaza San Mart\u00edn, escuelas, colegios, jardines de infantes, jard\u00edn maternal, CEYRIM, Hospital Municipal San Jos\u00e9 y el Cuartel de Bomberos Voluntarios de Exaltaci\u00f3n de la Cruz.<\/p>\n<p><img loading=\"lazy\" decoding=\"async\" class=\"aligncenter size-full wp-image-29026\" src=\"https:\/\/revistaepocadigital.com.ar\/wp-content\/uploads\/2025\/04\/au2.jpg\" alt=\"\" width=\"512\" height=\"384\" srcset=\"https:\/\/revistaepocadigital.com.ar\/wp-content\/uploads\/2025\/04\/au2.jpg 512w, https:\/\/revistaepocadigital.com.ar\/wp-content\/uploads\/2025\/04\/au2-300x225.jpg 300w, https:\/\/revistaepocadigital.com.ar\/wp-content\/uploads\/2025\/04\/au2-80x60.jpg 80w, https:\/\/revistaepocadigital.com.ar\/wp-content\/uploads\/2025\/04\/au2-160x120.jpg 160w, https:\/\/revistaepocadigital.com.ar\/wp-content\/uploads\/2025\/04\/au2-265x198.jpg 265w\" sizes=\"auto, (max-width: 512px) 100vw, 512px\" \/><\/p>\n<p>&#8220;Hablemos de Autismo&#8221;, propuso con validez el Grupo de Bicicleta @d\u00e9jameser25, haciendo menci\u00f3n al #autismoinfantil #hablemosdeautismo.<\/p>\n<p><img loading=\"lazy\" decoding=\"async\" class=\"aligncenter size-full wp-image-29032\" src=\"https:\/\/revistaepocadigital.com.ar\/wp-content\/uploads\/2025\/04\/autissss.jpg55.jpg\" alt=\"\" width=\"576\" height=\"333\" srcset=\"https:\/\/revistaepocadigital.com.ar\/wp-content\/uploads\/2025\/04\/autissss.jpg55.jpg 576w, https:\/\/revistaepocadigital.com.ar\/wp-content\/uploads\/2025\/04\/autissss.jpg55-300x173.jpg 300w\" sizes=\"auto, (max-width: 576px) 100vw, 576px\" \/><\/p>\n<p>Si quer\u00e9s ponerte en conctacto con el grupo: Mensajes de textos, fotos, videos o audios por Whatsapp: 02323 15-54-5390<\/p>\n","protected":false},"excerpt":{"rendered":"<p>SE CONMEMORA EL 2 DE ABRIL DE CADA A\u00d1O.<\/p>\n","protected":false},"author":3,"featured_media":29024,"comment_status":"open","ping_status":"open","sticky":false,"template":"","format":"standard","meta":{"footnotes":"","jetpack_publicize_message":"","jetpack_publicize_feature_enabled":true,"jetpack_social_post_already_shared":true,"jetpack_social_options":{"image_generator_settings":{"template":"highway","default_image_id":0,"font":"","enabled":false},"version":2}},"categories":[11],"tags":[],"class_list":["post-29021","post","type-post","status-publish","format-standard","has-post-thumbnail","hentry","category-entidades"],"jetpack_publicize_connections":[],"jetpack_featured_media_url":"https:\/\/revistaepocadigital.com.ar\/wp-content\/uploads\/2025\/04\/autisss.jpg00.jpg","jetpack_likes_enabled":true,"_links":{"self":[{"href":"https:\/\/revistaepocadigital.com.ar\/index.php?rest_route=\/wp\/v2\/posts\/29021","targetHints":{"allow":["GET"]}}],"collection":[{"href":"https:\/\/revistaepocadigital.com.ar\/index.php?rest_route=\/wp\/v2\/posts"}],"about":[{"href":"https:\/\/revistaepocadigital.com.ar\/index.php?rest_route=\/wp\/v2\/types\/post"}],"author":[{"embeddable":true,"href":"https:\/\/revistaepocadigital.com.ar\/index.php?rest_route=\/wp\/v2\/users\/3"}],"replies":[{"embeddable":true,"href":"https:\/\/revistaepocadigital.com.ar\/index.php?rest_route=%2Fwp%2Fv2%2Fcomments&post=29021"}],"version-history":[{"count":0,"href":"https:\/\/revistaepocadigital.com.ar\/index.php?rest_route=\/wp\/v2\/posts\/29021\/revisions"}],"wp:featuredmedia":[{"embeddable":true,"href":"https:\/\/revistaepocadigital.com.ar\/index.php?rest_route=\/wp\/v2\/media\/29024"}],"wp:attachment":[{"href":"https:\/\/revistaepocadigital.com.ar\/index.php?rest_route=%2Fwp%2Fv2%2Fmedia&parent=29021"}],"wp:term":[{"taxonomy":"category","embeddable":true,"href":"https:\/\/revistaepocadigital.com.ar\/index.php?rest_route=%2Fwp%2Fv2%2Fcategories&post=29021"},{"taxonomy":"post_tag","embeddable":true,"href":"https:\/\/revistaepocadigital.com.ar\/index.php?rest_route=%2Fwp%2Fv2%2Ftags&post=29021"}],"curies":[{"name":"wp","href":"https:\/\/api.w.org\/{rel}","templated":true}]}}