{"id":2903,"date":"2019-07-25T11:19:43","date_gmt":"2019-07-25T14:19:43","guid":{"rendered":"https:\/\/revistaepocadigital.com.ar\/?p=2903"},"modified":"2019-07-25T11:19:05","modified_gmt":"2019-07-25T14:19:05","slug":"ritondo-en-exaltacion-de-la-cruz-en-campana-y-para-apoyar-a-sancho","status":"publish","type":"post","link":"https:\/\/revistaepocadigital.com.ar\/?p=2903","title":{"rendered":"Ritondo en Exaltaci\u00f3n de La Cruz en campa\u00f1a y en apoyo a Sancho"},"content":{"rendered":"<p><strong>CRECE LA EXPECTATIVA.<\/strong><\/p>\n<p><!--more--><\/p>\n<p>El ministro de seguridad de la provincia de Buenos Aires, y precandidato a diputado nacional por <strong>Juntos por el Cambio, Cristian Ritondo<\/strong>, particip\u00f3 de la inauguraci\u00f3n del local partidario ubicado sobre la ruta 8, km 73, entre El Reloj y la Famacia Dohwal en el <strong>Barrio Los Pinos<\/strong> de nuestro distrito. Sab\u00e9s que Juntos por el Cambio, la principal fuerza opositora al oficialismo en el terreno exaltacruce\u00f1o, postula como precandidato a intendente exaltacruce\u00f1o a <strong>Ra\u00fal Sancho,<\/strong> actual titular del Concejo Deliberante, de cara a las elecciones Primarias Abiertas Simult\u00e1neas y Obligatorias <strong>(PASO)<\/strong>, que como es sabido, tienen lugar el 11 de agosto.<\/p>\n<p>Durante el concurrido acto, Ritondo junto a Sancho y a los candidatos a concejales y consejeros escolares, que integran la lista, manifest\u00f3: \u201c<em>Me produce mucha satisfacci\u00f3n que una persona joven como Ra\u00fal, trabaje por Exaltaci\u00f3n de La Cruz como lo viene haciendo desde hace un tiempo presidiendo el Concejo Deliberante&#8221;.<\/em><\/p>\n<figure id=\"attachment_2905\" aria-describedby=\"caption-attachment-2905\" style=\"width: 1024px\" class=\"wp-caption aligncenter\"><img loading=\"lazy\" decoding=\"async\" class=\"size-full wp-image-2905\" src=\"https:\/\/revistaepocadigital.com.ar\/wp-content\/uploads\/2019\/07\/sancho-ritondeo-19.jpg\" alt=\"\" width=\"1024\" height=\"692\" srcset=\"https:\/\/revistaepocadigital.com.ar\/wp-content\/uploads\/2019\/07\/sancho-ritondeo-19.jpg 1024w, https:\/\/revistaepocadigital.com.ar\/wp-content\/uploads\/2019\/07\/sancho-ritondeo-19-300x203.jpg 300w, https:\/\/revistaepocadigital.com.ar\/wp-content\/uploads\/2019\/07\/sancho-ritondeo-19-768x519.jpg 768w, https:\/\/revistaepocadigital.com.ar\/wp-content\/uploads\/2019\/07\/sancho-ritondeo-19-696x470.jpg 696w, https:\/\/revistaepocadigital.com.ar\/wp-content\/uploads\/2019\/07\/sancho-ritondeo-19-622x420.jpg 622w\" sizes=\"auto, (max-width: 1024px) 100vw, 1024px\" \/><figcaption id=\"caption-attachment-2905\" class=\"wp-caption-text\">Ritondo, saludado por una vecina mientras observa Sancho.<\/figcaption><\/figure>\n<p>Agreg\u00f3 luego el ministro de seguridad y precandidato a diputado<em>, \u201cconozco bien a Ra\u00fal, fue parte de nuestro equipo en el Ministerio de Seguridad, por eso no tengo dudas de que sabe dar peleas, sabe enfrentar las injusticias que se presentan a nivel provincial y municipal&#8221;.<\/em><\/p>\n<p>Sancho por su lado, expres\u00f3 m\u00e1s de un centenar de asistentes al acto,<em> \u201ctenemos que trabajar fuertemente para\u00a0 que el cambio llegue a Exaltaci\u00f3n de La Cruz\u201d,<\/em> a la vez que llam\u00f3 a todo su equipo &#8220;<em>a caminar el distrito y escuchar a los vecinos&#8221;.<\/em> En el acto tambi\u00e9n estuvieron presentes el precandidato a diputado nacional, Roberto Quattromano, el diputado provincial, Mat\u00edas Ranzini y el precandidato a senador provincial Owen Fern\u00e1ndez, entre otros funcionarios.<\/p>\n<p>&nbsp;<\/p>\n<p>Fotos: Prensa<\/p>\n","protected":false},"excerpt":{"rendered":"<p>CRECE LA EXPECTATIVA.<\/p>\n","protected":false},"author":4,"featured_media":2904,"comment_status":"open","ping_status":"open","sticky":false,"template":"","format":"standard","meta":{"footnotes":"","jetpack_publicize_message":"","jetpack_publicize_feature_enabled":true,"jetpack_social_post_already_shared":false,"jetpack_social_options":{"image_generator_settings":{"template":"highway","default_image_id":0,"font":"","enabled":false},"version":2}},"categories":[13],"tags":[415,264,256],"class_list":["post-2903","post","type-post","status-publish","format-standard","has-post-thumbnail","hentry","category-interes-general","tag-paso-elecciones","tag-ritondo","tag-sancho"],"jetpack_publicize_connections":[],"jetpack_featured_media_url":"https:\/\/revistaepocadigital.com.ar\/wp-content\/uploads\/2019\/07\/sancho-ritondo-gene-19.jpg","jetpack_likes_enabled":true,"_links":{"self":[{"href":"https:\/\/revistaepocadigital.com.ar\/index.php?rest_route=\/wp\/v2\/posts\/2903","targetHints":{"allow":["GET"]}}],"collection":[{"href":"https:\/\/revistaepocadigital.com.ar\/index.php?rest_route=\/wp\/v2\/posts"}],"about":[{"href":"https:\/\/revistaepocadigital.com.ar\/index.php?rest_route=\/wp\/v2\/types\/post"}],"author":[{"embeddable":true,"href":"https:\/\/revistaepocadigital.com.ar\/index.php?rest_route=\/wp\/v2\/users\/4"}],"replies":[{"embeddable":true,"href":"https:\/\/revistaepocadigital.com.ar\/index.php?rest_route=%2Fwp%2Fv2%2Fcomments&post=2903"}],"version-history":[{"count":0,"href":"https:\/\/revistaepocadigital.com.ar\/index.php?rest_route=\/wp\/v2\/posts\/2903\/revisions"}],"wp:featuredmedia":[{"embeddable":true,"href":"https:\/\/revistaepocadigital.com.ar\/index.php?rest_route=\/wp\/v2\/media\/2904"}],"wp:attachment":[{"href":"https:\/\/revistaepocadigital.com.ar\/index.php?rest_route=%2Fwp%2Fv2%2Fmedia&parent=2903"}],"wp:term":[{"taxonomy":"category","embeddable":true,"href":"https:\/\/revistaepocadigital.com.ar\/index.php?rest_route=%2Fwp%2Fv2%2Fcategories&post=2903"},{"taxonomy":"post_tag","embeddable":true,"href":"https:\/\/revistaepocadigital.com.ar\/index.php?rest_route=%2Fwp%2Fv2%2Ftags&post=2903"}],"curies":[{"name":"wp","href":"https:\/\/api.w.org\/{rel}","templated":true}]}}