{"id":29047,"date":"2025-04-05T04:23:25","date_gmt":"2025-04-05T07:23:25","guid":{"rendered":"https:\/\/revistaepocadigital.com.ar\/?p=29047"},"modified":"2025-04-17T17:55:07","modified_gmt":"2025-04-17T20:55:07","slug":"lemuel-nassivera-por-la-revancha","status":"publish","type":"post","link":"https:\/\/revistaepocadigital.com.ar\/?p=29047","title":{"rendered":"Lemuel Nassivera &#8220;soy un peleador con todas las letras&#8221;"},"content":{"rendered":"<p><strong>COPA DEL DRAG\u00d3N.<\/strong><!--more--><\/p>\n<p>El representante capillense, Lemuel Nassivera, tuvo una destacada actuaci\u00f3n en la Copa del Drag\u00f3n de Kickboxing.<\/p>\n<p>Nassivera le coment\u00f3 a EPOCA: &#8220;Qued\u00e9 much\u00edsimo m\u00e1s tranquilo despu\u00e9s de pelear por la Copa del\u00a0 Drag\u00f3n. El s\u00e1bado fu\u00edmos al pesaje, en el que ten\u00eda que dar un peso de 71 kg como m\u00e1ximo y la rompimos de entrada dando 67,700kg. Despu\u00e9s con los objetivos bien claros sal\u00ed a pelear al d\u00eda siguiente&#8221;.<\/p>\n<p>Y sigui\u00f3 comentando Nassivera, &#8220;gan\u00e9 la primera pelea contra Iv\u00e1n Cc\u00e9spedes en el primer round y por nocaut, una gran victoria. Bueno de esa forma, pas\u00e9 a la final donde enfrent\u00e9 a Marcos Pereira. Y sali\u00f3 un combate dur\u00edsimo, donde la soga tiraba por ambos lados, la verdad fue una guerra&#8221;.<\/p>\n<p>&#8220;Me entregu\u00e9 como siempre jugandome, pero perd\u00ed por puntos. Hab\u00eda ganado el round inicial, perd\u00ed el segundo y el tercero tambi\u00e9n, como consecuencia de un derrame en el ojo izquierdo que me caus\u00f3 Pereira tras una patada en el segundo round&#8221;, detall\u00f3 y enseguida agreg\u00f3 &#8220;no quiero meter ninguna excusa, solo queda mejorar y prepararnos para lo que viene. Demostr\u00e9 que soy un peleador con todas las letras, y que le hago frente a cualquiera, de no haber sido por esa patada, la cosa hubiera sido distintas. A seguir adelante y por supuesto mil graciasa a mis hinchas y a todos los que me apoyan&#8221;, termin\u00f3 diciendo Nahuel.<\/p>\n<h4 style=\"text-align: center;\"><strong>&#8212;&#8212;&#8212;&#8212;&#8212;&#8212;&#8212;&#8212;&#8212;&#8212;&#8212;&#8212;&#8212;&#8212;&#8212;&#8212;&#8212;<\/strong><\/h4>\n<p>nota anterior<\/p>\n<h4><strong>Lemuel Nassivera por la revancha<\/strong><\/h4>\n<p>E<strong>N EL SUPER 4.<\/strong><!--more--><\/p>\n<p>Lemuel Nassivera, el capillense del kickboxing luego de la ca\u00edda sufrida en la Copa Argentina, iba por la revancha en el torneo S\u00faper 4.<\/p>\n<p>&nbsp;<\/p>\n<p><img loading=\"lazy\" decoding=\"async\" class=\"aligncenter size-large wp-image-29050\" src=\"https:\/\/revistaepocadigital.com.ar\/wp-content\/uploads\/2025\/04\/LEMU1-900x1200.jpg\" alt=\"\" width=\"696\" height=\"928\" srcset=\"https:\/\/revistaepocadigital.com.ar\/wp-content\/uploads\/2025\/04\/LEMU1-900x1200.jpg 900w, https:\/\/revistaepocadigital.com.ar\/wp-content\/uploads\/2025\/04\/LEMU1-225x300.jpg 225w, https:\/\/revistaepocadigital.com.ar\/wp-content\/uploads\/2025\/04\/LEMU1-768x1024.jpg 768w, https:\/\/revistaepocadigital.com.ar\/wp-content\/uploads\/2025\/04\/LEMU1-1152x1536.jpg 1152w, https:\/\/revistaepocadigital.com.ar\/wp-content\/uploads\/2025\/04\/LEMU1-696x928.jpg 696w, https:\/\/revistaepocadigital.com.ar\/wp-content\/uploads\/2025\/04\/LEMU1-1068x1424.jpg 1068w, https:\/\/revistaepocadigital.com.ar\/wp-content\/uploads\/2025\/04\/LEMU1-315x420.jpg 315w, https:\/\/revistaepocadigital.com.ar\/wp-content\/uploads\/2025\/04\/LEMU1-630x840.jpg 630w, https:\/\/revistaepocadigital.com.ar\/wp-content\/uploads\/2025\/04\/LEMU1.jpg 1200w\" sizes=\"auto, (max-width: 696px) 100vw, 696px\" \/><\/p>\n<p>El peleador local, coment\u00f3 a EPOCA, &#8220;lamentablemente no se nos dio en la Copa Argentina; perd\u00ed en una decisi\u00f3n dividida de los jueves, que no me dej\u00f3 nada conforme, dado que para fuesta vez no se nos dio,perdimos en una decisi\u00f3n dividida la cual no estoy conforme, para m\u00ed el ganador hab\u00eda sido yo, incluso mi rival tambi\u00e9n me lo reconoci\u00f3&#8221;, dijo el capillense.<\/p>\n<p>&#8220;As\u00ed que, si hacerme tanto la cabeza, cambi\u00e9 r\u00e1pido de chip y me concentr\u00e9 en el combate del domingo 6 por el S\u00faper 4, peleo en la categor\u00eda -71kg, es un S\u00faper 4 \u00e1spero ante rivales fuertes, pero yo no soy menos que ninguno y lo voy a demostrar que me puedo llevar por delante a mis rivales; y no lo digo por arrogante, sino por saber el esfuerzo que le meto d\u00eda a d\u00eda para ser mejor que el d\u00eda anterior. En este S\u00faper 4 no quiero ni voy a dejar dudas, y la \u00fanica forma de ganar va a ser buscando el K.O y es lo que voy a ir a buscar&#8221;, sostuvo muy confiado Nassivera.<\/p>\n","protected":false},"excerpt":{"rendered":"<p>COPA DEL DRAG\u00d3N.<\/p>\n","protected":false},"author":4,"featured_media":29188,"comment_status":"open","ping_status":"open","sticky":false,"template":"","format":"standard","meta":{"footnotes":"","jetpack_publicize_message":"","jetpack_publicize_feature_enabled":true,"jetpack_social_post_already_shared":true,"jetpack_social_options":{"image_generator_settings":{"template":"highway","default_image_id":0,"font":"","enabled":false},"version":2}},"categories":[6],"tags":[],"class_list":["post-29047","post","type-post","status-publish","format-standard","has-post-thumbnail","hentry","category-barrios"],"jetpack_publicize_connections":[],"jetpack_featured_media_url":"https:\/\/revistaepocadigital.com.ar\/wp-content\/uploads\/2025\/04\/lemuel.jpg","jetpack_likes_enabled":true,"_links":{"self":[{"href":"https:\/\/revistaepocadigital.com.ar\/index.php?rest_route=\/wp\/v2\/posts\/29047","targetHints":{"allow":["GET"]}}],"collection":[{"href":"https:\/\/revistaepocadigital.com.ar\/index.php?rest_route=\/wp\/v2\/posts"}],"about":[{"href":"https:\/\/revistaepocadigital.com.ar\/index.php?rest_route=\/wp\/v2\/types\/post"}],"author":[{"embeddable":true,"href":"https:\/\/revistaepocadigital.com.ar\/index.php?rest_route=\/wp\/v2\/users\/4"}],"replies":[{"embeddable":true,"href":"https:\/\/revistaepocadigital.com.ar\/index.php?rest_route=%2Fwp%2Fv2%2Fcomments&post=29047"}],"version-history":[{"count":0,"href":"https:\/\/revistaepocadigital.com.ar\/index.php?rest_route=\/wp\/v2\/posts\/29047\/revisions"}],"wp:featuredmedia":[{"embeddable":true,"href":"https:\/\/revistaepocadigital.com.ar\/index.php?rest_route=\/wp\/v2\/media\/29188"}],"wp:attachment":[{"href":"https:\/\/revistaepocadigital.com.ar\/index.php?rest_route=%2Fwp%2Fv2%2Fmedia&parent=29047"}],"wp:term":[{"taxonomy":"category","embeddable":true,"href":"https:\/\/revistaepocadigital.com.ar\/index.php?rest_route=%2Fwp%2Fv2%2Fcategories&post=29047"},{"taxonomy":"post_tag","embeddable":true,"href":"https:\/\/revistaepocadigital.com.ar\/index.php?rest_route=%2Fwp%2Fv2%2Ftags&post=29047"}],"curies":[{"name":"wp","href":"https:\/\/api.w.org\/{rel}","templated":true}]}}