{"id":29072,"date":"2025-04-08T19:49:27","date_gmt":"2025-04-08T22:49:27","guid":{"rendered":"https:\/\/revistaepocadigital.com.ar\/?p=29072"},"modified":"2025-04-08T19:49:27","modified_gmt":"2025-04-08T22:49:27","slug":"por-el-paro-este-jueves-10-cepral-permanecera-cerrada-al-publico","status":"publish","type":"post","link":"https:\/\/revistaepocadigital.com.ar\/?p=29072","title":{"rendered":"POR EL PARO, ESTE JUEVES 10, CEPRAL PERMANECER\u00c1 CERRADA AL P\u00daBLICO"},"content":{"rendered":"<p><strong>INFORM\u00d3 EL CONSEJO DE ADMINISTRACI\u00d3N A LOS USUARIOS, ANTE LA MEDIDA ADOPTADA POR LA CGT.<\/strong><!--more--><\/p>\n<p>Ante el paro decretado por la Confederaci\u00f3n General del Trabajo (CGT) para el jueves 10 de abril de 2025, que cuenta con la adhesi\u00f3n de los gremios que se encuentran dentro de las actividades de nuestra Cooperativa -Luz y Fuerza, Foetra, y UOCRA-, cumplimos en informar que la Cooperativa permanecer\u00e1 cerrada al p\u00fablico.<\/p>\n<p>No obstante, estar\u00e1n activas las guardias de los Servicios de Electricidad e Internet.<\/p>\n<p>&nbsp;<\/p>\n","protected":false},"excerpt":{"rendered":"<p>INFORM\u00d3 EL CONSEJO DE ADMINISTRACI\u00d3N A LOS USUARIOS, ANTE LA MEDIDA ADOPTADA POR LA CGT.<\/p>\n","protected":false},"author":3,"featured_media":29073,"comment_status":"open","ping_status":"open","sticky":false,"template":"","format":"standard","meta":{"footnotes":"","jetpack_publicize_message":"","jetpack_publicize_feature_enabled":true,"jetpack_social_post_already_shared":true,"jetpack_social_options":{"image_generator_settings":{"template":"highway","default_image_id":0,"font":"","enabled":false},"version":2}},"categories":[5],"tags":[29,3117],"class_list":["post-29072","post","type-post","status-publish","format-standard","has-post-thumbnail","hentry","category-aqui-parada-robles","tag-cepral","tag-paro-cgt"],"jetpack_publicize_connections":[],"jetpack_featured_media_url":"https:\/\/revistaepocadigital.com.ar\/wp-content\/uploads\/2025\/04\/paro-bancario-bancos.jpg","jetpack_likes_enabled":true,"_links":{"self":[{"href":"https:\/\/revistaepocadigital.com.ar\/index.php?rest_route=\/wp\/v2\/posts\/29072","targetHints":{"allow":["GET"]}}],"collection":[{"href":"https:\/\/revistaepocadigital.com.ar\/index.php?rest_route=\/wp\/v2\/posts"}],"about":[{"href":"https:\/\/revistaepocadigital.com.ar\/index.php?rest_route=\/wp\/v2\/types\/post"}],"author":[{"embeddable":true,"href":"https:\/\/revistaepocadigital.com.ar\/index.php?rest_route=\/wp\/v2\/users\/3"}],"replies":[{"embeddable":true,"href":"https:\/\/revistaepocadigital.com.ar\/index.php?rest_route=%2Fwp%2Fv2%2Fcomments&post=29072"}],"version-history":[{"count":0,"href":"https:\/\/revistaepocadigital.com.ar\/index.php?rest_route=\/wp\/v2\/posts\/29072\/revisions"}],"wp:featuredmedia":[{"embeddable":true,"href":"https:\/\/revistaepocadigital.com.ar\/index.php?rest_route=\/wp\/v2\/media\/29073"}],"wp:attachment":[{"href":"https:\/\/revistaepocadigital.com.ar\/index.php?rest_route=%2Fwp%2Fv2%2Fmedia&parent=29072"}],"wp:term":[{"taxonomy":"category","embeddable":true,"href":"https:\/\/revistaepocadigital.com.ar\/index.php?rest_route=%2Fwp%2Fv2%2Fcategories&post=29072"},{"taxonomy":"post_tag","embeddable":true,"href":"https:\/\/revistaepocadigital.com.ar\/index.php?rest_route=%2Fwp%2Fv2%2Ftags&post=29072"}],"curies":[{"name":"wp","href":"https:\/\/api.w.org\/{rel}","templated":true}]}}