{"id":2908,"date":"2019-07-03T01:07:37","date_gmt":"2019-07-03T04:07:37","guid":{"rendered":"https:\/\/revistaepocadigital.com.ar\/?p=2908"},"modified":"2019-08-06T00:37:29","modified_gmt":"2019-08-06T03:37:29","slug":"la-licencia-de-un-candidato","status":"publish","type":"post","link":"https:\/\/revistaepocadigital.com.ar\/?p=2908","title":{"rendered":"La licencia de un candidato"},"content":{"rendered":"<p><strong>DIEGO NANNI, LA SOLICIT\u00d3 A SU CARGO DE SECRETARIO DE GOBIERNO DE LA COMUNA.<\/strong><!--more--><\/p>\n<p>Abocado a la campa\u00f1a electoral de cara a las tan cercanas elecciones PASO, Diego Nanni hizo p\u00fablico mediante una carta, su licencia al cargo.<\/p>\n<p><em>&#8220;A mis queridos vecinos y vecinas:<\/em><\/p>\n<p><em>Escribo esta carta porque quiero contarles que acabo de solicitar al ejecutivo municipal una licencia en mi cargo como Secretario de Gobierno, y les quiero explicar el porqu\u00e9 de esa decisi\u00f3n.<\/em><br \/>\n<em>Hace m\u00e1s de 4 a\u00f1os que ejerzo este rol, una funci\u00f3n que me llena de orgullo y que siempre asum\u00ed con absoluto compromiso, con el prop\u00f3sito de ser un nexo entre el gobierno municipal y cada uno de ustedes, ayudar a resolver problemas, realizar propuestas para mejorar al distrito y sobre todo escucharlos.<\/em><br \/>\n<em>Por todo eso es que a partir de hoy quiero que nos encontremos a\u00fan m\u00e1s, porque como muchos de ustedes ya deben saber, soy precandidato a Intendente de nuestro pueblo y quiero transparentar mi proceder a la hora de contarles nuestra propuesta, sugerir lo que creemos que podemos mejorar de la gesti\u00f3n y pedirles que nos acompa\u00f1en con su voto. Tampoco quiero que nadie piense que saco provecho de mi rol de funcionario en pos de mejorar nuestro desempe\u00f1o electoral. <\/em><br \/>\n<em>Para esta tarea que quiero asumir les cuento que me est\u00e1n acompa\u00f1ando diferentes referentes de la sociedad, con distintos recorridos previos pero con un solo objetivo en nuestro horizonte: lo mejor para Exaltaci\u00f3n de la Cruz.<\/em><br \/>\n<em>En esta nueva etapa me pongo como siempre a disposici\u00f3n de ustedes.<\/em><br \/>\n<em>Este 2019 queremos profundizar en nuestro municipio un proyecto que nos incluya a todos con ejes en la salud, la educaci\u00f3n, el trabajo, con una gesti\u00f3n eficiente y cercana. Para lograr ese objetivo tambi\u00e9n les pido que se sumen, nos acompa\u00f1en, nos cuenten sus ideas, <\/em><br \/>\n<em>porque para seguir mejorando necesitamos de Todos&#8221;. <\/em><\/p>\n<p>Diego Nanni. Precandidato a intendente Frente de Todos<\/p>\n<div><\/div>\n<div><\/div>\n<div>\n<p>&nbsp;<\/p>\n<div><\/div>\n<\/div>\n","protected":false},"excerpt":{"rendered":"<p>DIEGO NANNI, LA SOLICIT\u00d3 A SU CARGO DE SECRETARIO DE GOBIERNO DE LA COMUNA.<\/p>\n","protected":false},"author":3,"featured_media":2909,"comment_status":"open","ping_status":"open","sticky":false,"template":"","format":"standard","meta":{"footnotes":"","jetpack_publicize_message":"","jetpack_publicize_feature_enabled":true,"jetpack_social_post_already_shared":false,"jetpack_social_options":{"image_generator_settings":{"template":"highway","default_image_id":0,"font":"","enabled":false},"version":2}},"categories":[17],"tags":[416,417],"class_list":["post-2908","post","type-post","status-publish","format-standard","has-post-thumbnail","hentry","category-politica","tag-candidato","tag-licencia"],"jetpack_publicize_connections":[],"jetpack_featured_media_url":"https:\/\/revistaepocadigital.com.ar\/wp-content\/uploads\/2019\/07\/nanni-7-19.jpg","jetpack_likes_enabled":true,"_links":{"self":[{"href":"https:\/\/revistaepocadigital.com.ar\/index.php?rest_route=\/wp\/v2\/posts\/2908","targetHints":{"allow":["GET"]}}],"collection":[{"href":"https:\/\/revistaepocadigital.com.ar\/index.php?rest_route=\/wp\/v2\/posts"}],"about":[{"href":"https:\/\/revistaepocadigital.com.ar\/index.php?rest_route=\/wp\/v2\/types\/post"}],"author":[{"embeddable":true,"href":"https:\/\/revistaepocadigital.com.ar\/index.php?rest_route=\/wp\/v2\/users\/3"}],"replies":[{"embeddable":true,"href":"https:\/\/revistaepocadigital.com.ar\/index.php?rest_route=%2Fwp%2Fv2%2Fcomments&post=2908"}],"version-history":[{"count":0,"href":"https:\/\/revistaepocadigital.com.ar\/index.php?rest_route=\/wp\/v2\/posts\/2908\/revisions"}],"wp:featuredmedia":[{"embeddable":true,"href":"https:\/\/revistaepocadigital.com.ar\/index.php?rest_route=\/wp\/v2\/media\/2909"}],"wp:attachment":[{"href":"https:\/\/revistaepocadigital.com.ar\/index.php?rest_route=%2Fwp%2Fv2%2Fmedia&parent=2908"}],"wp:term":[{"taxonomy":"category","embeddable":true,"href":"https:\/\/revistaepocadigital.com.ar\/index.php?rest_route=%2Fwp%2Fv2%2Fcategories&post=2908"},{"taxonomy":"post_tag","embeddable":true,"href":"https:\/\/revistaepocadigital.com.ar\/index.php?rest_route=%2Fwp%2Fv2%2Ftags&post=2908"}],"curies":[{"name":"wp","href":"https:\/\/api.w.org\/{rel}","templated":true}]}}