{"id":29084,"date":"2025-04-08T21:19:35","date_gmt":"2025-04-09T00:19:35","guid":{"rendered":"https:\/\/revistaepocadigital.com.ar\/?p=29084"},"modified":"2025-04-08T21:19:39","modified_gmt":"2025-04-09T00:19:39","slug":"caminata-por-la-salud-dr-gustavo-scotti","status":"publish","type":"post","link":"https:\/\/revistaepocadigital.com.ar\/?p=29084","title":{"rendered":"Caminata por la Salud &#8220;Dr. Gustavo Scotti&#8221;"},"content":{"rendered":"<div class=\"html-div xdj266r x11i5rnm xat24cr x1mh8g0r xexx8yu x4uap5 x18d9i69 xkhd6sd\">\n<div class=\"html-div xdj266r x11i5rnm x1mh8g0r x18d9i69 x1cy8zhl x78zum5 x1q0g3np xod5an3 xz9dl7a x1ye3gou xn6708d\">\n<div class=\"html-div xdj266r x11i5rnm xat24cr x1mh8g0r xexx8yu x4uap5 x18d9i69 xkhd6sd x1iyjqo2 xeuugli\">\n<div class=\"x78zum5 xdt5ytf xz62fqu x16ldp7u\">\n<div class=\"xu06os2 x1ok221b\">\n<div class=\"html-div xdj266r x11i5rnm xat24cr x1mh8g0r xexx8yu x4uap5 x18d9i69 xkhd6sd\" data-ad-rendering-role=\"profile_name\"><\/div>\n<\/div>\n<div class=\"xu06os2 x1ok221b\">\n<div id=\"\u00abrpf\u00bb\" class=\"html-div xdj266r x11i5rnm xat24cr x1mh8g0r xexx8yu x4uap5 x18d9i69 xkhd6sd x1q0g3np\"><strong>Centro de Educaci\u00f3n F\u00edsica n\u00ba159, Cabo Principal Luis Alberto Niz.<\/strong><\/div>\n<\/div>\n<\/div>\n<\/div>\n<\/div>\n<\/div>\n<p><!--more--><\/p>\n<div class=\"html-div xdj266r x11i5rnm xat24cr x1mh8g0r xexx8yu x4uap5 x18d9i69 xkhd6sd\">\n<div class=\"html-div xdj266r x11i5rnm xat24cr x1mh8g0r xexx8yu x4uap5 x18d9i69 xkhd6sd\" dir=\"auto\">\n<div class=\"html-div xdj266r x11i5rnm xat24cr x1mh8g0r xexx8yu x4uap5 x18d9i69 xkhd6sd\" data-ad-rendering-role=\"story_message\">\n<div id=\"\u00abrpg\u00bb\" class=\"x1l90r2v x1iorvi4 x1ye3gou xn6708d\" data-ad-comet-preview=\"message\" data-ad-preview=\"message\">\n<div class=\"x78zum5 xdt5ytf xz62fqu x16ldp7u\">\n<div class=\"xu06os2 x1ok221b\">\n<div class=\"xdj266r x11i5rnm xat24cr x1mh8g0r x1vvkbs x126k92a\">\n<div dir=\"auto\">Cada 7 de abril, se conmemora el D\u00eda Mundial de la Salud. Fue elegido dicho d\u00eda para la celebraci\u00f3n la entrada en vigor de la Constituci\u00f3n de la Organizaci\u00f3n Mundial de la Salud (OMS); recordando su fundaci\u00f3n.<\/div>\n<div dir=\"auto\"><\/div>\n<div dir=\"auto\">En el marco del D\u00eda Mundial de la Salud, el Centro de Educaci\u00f3n F\u00edsica n\u00ba159, Cabo Principal Luis Alberto Niz, nombre impuesto en honor del marino, vecino del distrito, que perdiera la vida junto a otros camaradas marinos en la tragedia ocurrida a\u00f1os atr\u00e1s, cuando se produjo el tremendo hundimiento del submarino en el mar del sur.<\/div>\n<div dir=\"auto\"><\/div>\n<div dir=\"auto\">As\u00ed entonces, este lunes 14 de abril, el Centro organiza la Caminata por la Salud &#8220;Dr. Gustavo Scotti&#8221;. Comenzar\u00e1 a las 18 horas en el Paseo de Las Tipas de Capilla del Se\u00f1or.<\/div>\n<div dir=\"auto\">Desde el Centro, se invit\u00f3 a la comunidad a participar en la Caminata.<\/div>\n<\/div>\n<\/div>\n<\/div>\n<\/div>\n<\/div>\n<\/div>\n<\/div>\n","protected":false},"excerpt":{"rendered":"<p>Centro de Educaci\u00f3n F\u00edsica n\u00ba159, Cabo Principal Luis Alberto Niz.<\/p>\n","protected":false},"author":3,"featured_media":29088,"comment_status":"open","ping_status":"open","sticky":false,"template":"","format":"standard","meta":{"footnotes":"","jetpack_publicize_message":"","jetpack_publicize_feature_enabled":true,"jetpack_social_post_already_shared":true,"jetpack_social_options":{"image_generator_settings":{"template":"highway","default_image_id":0,"font":"","enabled":false},"version":2}},"categories":[11],"tags":[3119],"class_list":["post-29084","post","type-post","status-publish","format-standard","has-post-thumbnail","hentry","category-entidades","tag-caminata-dr-scotti"],"jetpack_publicize_connections":[],"jetpack_featured_media_url":"https:\/\/revistaepocadigital.com.ar\/wp-content\/uploads\/2025\/04\/CEF-159-CAMINATA-SALUDABLE-Dr.-Gustavo-Scotti-1.jpg","jetpack_likes_enabled":true,"_links":{"self":[{"href":"https:\/\/revistaepocadigital.com.ar\/index.php?rest_route=\/wp\/v2\/posts\/29084","targetHints":{"allow":["GET"]}}],"collection":[{"href":"https:\/\/revistaepocadigital.com.ar\/index.php?rest_route=\/wp\/v2\/posts"}],"about":[{"href":"https:\/\/revistaepocadigital.com.ar\/index.php?rest_route=\/wp\/v2\/types\/post"}],"author":[{"embeddable":true,"href":"https:\/\/revistaepocadigital.com.ar\/index.php?rest_route=\/wp\/v2\/users\/3"}],"replies":[{"embeddable":true,"href":"https:\/\/revistaepocadigital.com.ar\/index.php?rest_route=%2Fwp%2Fv2%2Fcomments&post=29084"}],"version-history":[{"count":0,"href":"https:\/\/revistaepocadigital.com.ar\/index.php?rest_route=\/wp\/v2\/posts\/29084\/revisions"}],"wp:featuredmedia":[{"embeddable":true,"href":"https:\/\/revistaepocadigital.com.ar\/index.php?rest_route=\/wp\/v2\/media\/29088"}],"wp:attachment":[{"href":"https:\/\/revistaepocadigital.com.ar\/index.php?rest_route=%2Fwp%2Fv2%2Fmedia&parent=29084"}],"wp:term":[{"taxonomy":"category","embeddable":true,"href":"https:\/\/revistaepocadigital.com.ar\/index.php?rest_route=%2Fwp%2Fv2%2Fcategories&post=29084"},{"taxonomy":"post_tag","embeddable":true,"href":"https:\/\/revistaepocadigital.com.ar\/index.php?rest_route=%2Fwp%2Fv2%2Ftags&post=29084"}],"curies":[{"name":"wp","href":"https:\/\/api.w.org\/{rel}","templated":true}]}}