{"id":29102,"date":"2025-04-08T23:18:40","date_gmt":"2025-04-09T02:18:40","guid":{"rendered":"https:\/\/revistaepocadigital.com.ar\/?p=29102"},"modified":"2025-04-09T00:55:51","modified_gmt":"2025-04-09T03:55:51","slug":"los-100-anos-otro-festejo-bravo-por-el-bar-di-yorio","status":"publish","type":"post","link":"https:\/\/revistaepocadigital.com.ar\/?p=29102","title":{"rendered":"LOS 100 A\u00d1OS. OTRO FESTEJO, \u00a1BRAVO POR EL BAR DI YORIO!"},"content":{"rendered":"<div class=\"xdj266r x11i5rnm xat24cr x1mh8g0r x1vvkbs x126k92a\">\n<div dir=\"auto\"><strong>EL MUY CONOCIDO FERNANDO BRAVO.<\/strong><\/div>\n<\/div>\n<p><!--more--><\/p>\n<div dir=\"auto\"><\/div>\n<div class=\"xdj266r x11i5rnm xat24cr x1mh8g0r x1vvkbs x126k92a\">\n<div dir=\"auto\">Con su presencia y emtiendo desde el mismo Bar, su programa Bravo por Mitre, las celebraciones por los 100 a\u00f1os del Bar Di Yorio, tuvieron un pasaje especial. El programa diario se emiti\u00f3 desde el emblem\u00e1tico lugar en Los Cardales.<\/div>\n<div dir=\"auto\"><\/div>\n<div dir=\"auto\">Junto a Bravo, estuvieron el intendente Diego Nanni y Alfredo Di Yorio, al frente del negocio junto a su familia. &#8220;<em>Tuve el privilegio de estar en el querido Bar Di Yorio, en el marco de sus 100 a\u00f1os de historia, compartiendo un momento \u00fanico con Fernando Bravo y su programa Bravo por Mitre&#8221;,<\/em> poste\u00f3 Nanni en su cuenta en la red social Facebook. Y reconoci\u00f3, &#8220;l<em>a visita de Fernando me moviliz\u00f3 profundamente. No solo por lo que significa \u00e9l para la radio y para todos nosotros, sino porque nos permiti\u00f3 revivir aquellos tiempos en los que mi viejo atend\u00eda a sus hijos, y su paso por estas tierras, como vecino de nuestra querida Exaltaci\u00f3n de la Cruz. Tambi\u00e9n recordamos juntos aquel d\u00eda del &#8217;91, cuando \u00e9l estuvo presente en el partido inaugural de la cancha de p\u00e1del del centro. Fue muy lindo intercambiar recuerdos, hablar de su paso por ac\u00e1 y ver c\u00f3mo se emocion\u00f3 \u2014al igual que yo\u2014 al contar esas historias que nos siguen uniendo como pueblo&#8221;.\u00a0<\/em><\/div>\n<div dir=\"auto\"><\/div>\n<\/div>\n<div class=\"x11i5rnm xat24cr x1mh8g0r x1vvkbs xtlvy1s x126k92a\">\n<div dir=\"auto\">Nanni agradeci\u00f3 al popular locutor\/periodista por haber regresado a Los Cardales, &#8220;<em>un rinc\u00f3n de su historia y por llevar a todo el pa\u00eds un pedacito de Exaltaci\u00f3n de la Cruz. Y muy especialmente desde ya, gracias a Alfredo Di Yorio y a toda su fami<\/em>lia por la invitaci\u00f3n y por mantener viva la tradici\u00f3n y la identidad del pueblo&#8221;.<\/div>\n<div dir=\"auto\"><\/div>\n<\/div>\n<div class=\"x11i5rnm xat24cr x1mh8g0r x1vvkbs xtlvy1s x126k92a\">\n<div dir=\"auto\"><strong>El Bar Di Yorio sin dudas es parte del patrimonio afectivo de Cardales y de Exaltaci\u00f3n de la Cruz y forma parte de una serie de negocios tambi\u00e9n hist\u00f3ricos y entra\u00f1ables ubicados en Capilla del Se\u00f1or, como la Panader\u00eda Gaggero de Julio Gaggero; Tienda La Mar de Miguel Josef, forjador junto a su padre fallecido Ra\u00fal, de un comercio caracter\u00edstico de la ciudad; Parodi, el Corral\u00f3n de materiales para la construcci\u00f3n desde hace unos a\u00f1os encabezado por hijos de Carlos Parodi y nietos del desaparecido Rodolfo Parodi, todos superadores del centenario de vida comercial, entre otros<\/strong>. &#8220;<em>Entre todos<\/em> -a\u00f1adi\u00f3 Nanni-, <em>constru\u00edmos comunidad, y eso es lo m\u00e1s valioso&#8221;.<\/em><\/div>\n<\/div>\n","protected":false},"excerpt":{"rendered":"<p>EL MUY CONOCIDO FERNANDO BRAVO.<\/p>\n","protected":false},"author":3,"featured_media":29104,"comment_status":"open","ping_status":"open","sticky":false,"template":"","format":"standard","meta":{"footnotes":"","jetpack_publicize_message":"","jetpack_publicize_feature_enabled":true,"jetpack_social_post_already_shared":true,"jetpack_social_options":{"image_generator_settings":{"template":"highway","default_image_id":0,"font":"","enabled":false},"version":2}},"categories":[4],"tags":[322,3124,3122,3123,2760],"class_list":["post-29102","post","type-post","status-publish","format-standard","has-post-thumbnail","hentry","category-aqui-los-cardales","tag-100-anos","tag-alfredo-di-yorio","tag-bar-de-yorio","tag-fernando-bravo","tag-intendente-nanni"],"jetpack_publicize_connections":[],"jetpack_featured_media_url":"https:\/\/revistaepocadigital.com.ar\/wp-content\/uploads\/2025\/04\/BRAVO-DI-YORIO-NANN.jpg","jetpack_likes_enabled":true,"_links":{"self":[{"href":"https:\/\/revistaepocadigital.com.ar\/index.php?rest_route=\/wp\/v2\/posts\/29102","targetHints":{"allow":["GET"]}}],"collection":[{"href":"https:\/\/revistaepocadigital.com.ar\/index.php?rest_route=\/wp\/v2\/posts"}],"about":[{"href":"https:\/\/revistaepocadigital.com.ar\/index.php?rest_route=\/wp\/v2\/types\/post"}],"author":[{"embeddable":true,"href":"https:\/\/revistaepocadigital.com.ar\/index.php?rest_route=\/wp\/v2\/users\/3"}],"replies":[{"embeddable":true,"href":"https:\/\/revistaepocadigital.com.ar\/index.php?rest_route=%2Fwp%2Fv2%2Fcomments&post=29102"}],"version-history":[{"count":0,"href":"https:\/\/revistaepocadigital.com.ar\/index.php?rest_route=\/wp\/v2\/posts\/29102\/revisions"}],"wp:featuredmedia":[{"embeddable":true,"href":"https:\/\/revistaepocadigital.com.ar\/index.php?rest_route=\/wp\/v2\/media\/29104"}],"wp:attachment":[{"href":"https:\/\/revistaepocadigital.com.ar\/index.php?rest_route=%2Fwp%2Fv2%2Fmedia&parent=29102"}],"wp:term":[{"taxonomy":"category","embeddable":true,"href":"https:\/\/revistaepocadigital.com.ar\/index.php?rest_route=%2Fwp%2Fv2%2Fcategories&post=29102"},{"taxonomy":"post_tag","embeddable":true,"href":"https:\/\/revistaepocadigital.com.ar\/index.php?rest_route=%2Fwp%2Fv2%2Ftags&post=29102"}],"curies":[{"name":"wp","href":"https:\/\/api.w.org\/{rel}","templated":true}]}}