{"id":29120,"date":"2025-04-17T21:32:32","date_gmt":"2025-04-18T00:32:32","guid":{"rendered":"https:\/\/revistaepocadigital.com.ar\/?p=29120"},"modified":"2025-04-17T22:05:15","modified_gmt":"2025-04-18T01:05:15","slug":"al-gran-coco-mirandeborde","status":"publish","type":"post","link":"https:\/\/revistaepocadigital.com.ar\/?p=29120","title":{"rendered":"AL GRAN COCO MIRANDEBORDE"},"content":{"rendered":"<p><strong style=\"font-size: 15px; color: #222222;\">UN HOMBRE, UN VECINO, UN APASIONADO POR EL F\u00daTBOL Y POR ENSE\u00d1AR A JUGAR A CHICOS. CRE\u00d3 LA ESCUELA &#8220;PELOTA DE TRAPO&#8221;, LA GENTE LO HOMENAJ\u00c9O A UN A\u00d1O DE SU FALLECIMIENTO.<\/strong><!--more--><\/p>\n<p><strong>Alfredo \u201cCoco\u201d Mirandeborde,<\/strong> fallecido el a\u00f1o pasado, forma parte de lo mejor de la\u00a0 \u00a0 \u00a0 \u00a0historia exaltacrucense. Su impronta la dej\u00f3 a cada paso, respaldado en su capacidad, bonhonomia, intregridad, Coco form\u00f3 vaya a sabere a cuantos chicos a trav\u00e9s de la escuela municipal de f\u00fatbol Pelota de Trapo (PDT), con el paso del tiempo pasaron a compartir su pasi\u00f3n y compromiso sus hijos Majo, Luciano, as\u00ed como empe\u00f1osos colaboradoress todos en pos del crecimiento de PDT.<\/p>\n<p>En el Campo de Deportes Municipal Arnaldo &#8220;Nene&#8221; Sosa, otro ilustre del f\u00fatbol local, fallecido hace unos a\u00f1os, y al, cumplirse el primer a\u00f1o desde su fallecimiento, recibi\u00f3 un c\u00e1lido y emotivo homenaje por parte de autoridades, como la secretaria de Gobierno municipal, Mar\u00eda Luz Bozzani, otras autoridades municipales y referentes del deporte local, junto afamilias, amigos y desde\u00a0 ya los jugadores\/alumnos de PDT.<\/p>\n<p><img loading=\"lazy\" decoding=\"async\" class=\"size-full wp-image-29198\" src=\"https:\/\/revistaepocadigital.com.ar\/wp-content\/uploads\/2025\/04\/MIRAND-CHI.jpg\" alt=\"\" width=\"737\" height=\"648\" srcset=\"https:\/\/revistaepocadigital.com.ar\/wp-content\/uploads\/2025\/04\/MIRAND-CHI.jpg 737w, https:\/\/revistaepocadigital.com.ar\/wp-content\/uploads\/2025\/04\/MIRAND-CHI-300x264.jpg 300w, https:\/\/revistaepocadigital.com.ar\/wp-content\/uploads\/2025\/04\/MIRAND-CHI-696x612.jpg 696w, https:\/\/revistaepocadigital.com.ar\/wp-content\/uploads\/2025\/04\/MIRAND-CHI-478x420.jpg 478w\" sizes=\"auto, (max-width: 737px) 100vw, 737px\" \/><\/p>\n<pre>La foto. Todo un s\u00edmbolo de lo que signific\u00f3 la gran trayectoria de Mirandeborde.\nEnse\u00f1ando, aconsejando, conteniendo a chicos en Pelota de Trapo.<\/pre>\n<p>&nbsp;<\/p>\n<p>Durante el acto, fueron colocadas tres placas recordatorias dedicadas a Coco. Una por parte de la municipalidad, otra por su familia dee \u201cPelota de Trapo\u201d, la escuela que fund\u00f3 y que sigue adelante gracias al esfuerzo conjunto de la familia. La tercera placa correspondi\u00f3 al Club Social y Deportivo Capilla. Adem\u00e1s, el Club Honor y Patria deposit\u00f3 una ofrenda floral, en reconocimiento a Coco.<\/p>\n<p>&nbsp;<\/p>\n<p><img loading=\"lazy\" decoding=\"async\" class=\"alignleft size-full wp-image-29199\" src=\"https:\/\/revistaepocadigital.com.ar\/wp-content\/uploads\/2025\/04\/MIRAND-CHICOS.jpg\" alt=\"\" width=\"466\" height=\"311\" srcset=\"https:\/\/revistaepocadigital.com.ar\/wp-content\/uploads\/2025\/04\/MIRAND-CHICOS.jpg 466w, https:\/\/revistaepocadigital.com.ar\/wp-content\/uploads\/2025\/04\/MIRAND-CHICOS-300x200.jpg 300w\" sizes=\"auto, (max-width: 466px) 100vw, 466px\" \/><\/p>\n<pre><\/pre>\n<p>&nbsp;<\/p>\n<pre>Majo Mirandeborde \u201cagradezco\na todos los que asistieron\nal homenaje al cumplirse un\na\u00f1o del fallecimiento de mi\npap\u00e1. La verdad, se lo\nrecord\u00f3 con una sonrisa, \ncomo debe ser. Gracias a\ntodas las familias, a los\nque estuvieron, a los que\nno pudieron estar, pero \n<em><strong>Coco en lo que le apasionaba. Entrenar, preparar, guiar a<\/strong><\/em>\n<em><strong>chicos no s\u00f3lo para jugar al f\u00fatbol, tambi\u00e9n en su crecimiento<\/strong><\/em>\n\n\na los que estuvieron, a los que no pudieron estar, pero que de alguna u otra\nmanera siempre est\u00e1n y nos acompa\u00f1an, la presencia de las familias, de todos\nsin dudas es muy importante para Pelota de Trapo\".\n\n<\/pre>\n<p>&nbsp;<\/p>\n<p><img loading=\"lazy\" decoding=\"async\" class=\"alignleft size-full wp-image-29200\" src=\"https:\/\/revistaepocadigital.com.ar\/wp-content\/uploads\/2025\/04\/mirand-placasss.jpg\" alt=\"\" width=\"517\" height=\"344\" srcset=\"https:\/\/revistaepocadigital.com.ar\/wp-content\/uploads\/2025\/04\/mirand-placasss.jpg 517w, https:\/\/revistaepocadigital.com.ar\/wp-content\/uploads\/2025\/04\/mirand-placasss-300x200.jpg 300w\" sizes=\"auto, (max-width: 517px) 100vw, 517px\" \/><\/p>\n<p>&nbsp;<\/p>\n<p>&nbsp;<\/p>\n<p>&nbsp;<\/p>\n<p>&nbsp;<\/p>\n<p>&nbsp;<\/p>\n<p>&nbsp;<\/p>\n<p>&nbsp;<\/p>\n<pre>Las placas colocadas en homenaje a Coco Mirandeborde<\/pre>\n<p>&#8220;Tenemos mucho por hacer -agreg\u00f3 la hija- porque mi pap\u00e1 nos dej\u00f3 grande el legado\u201d. Como presidente del Club Social y Deportivo Capilla, Ramiro Arrieta, otra entidad que ha venido creciendo por cierto, expres\u00f3: \u201clo conocemos todos, fue una gran persona, un gran formador del distrito, tanto en lo deportivo como en lo personal. De parte del club, hicimos un peque\u00f1o homenaje desplegando una placa con unas palabras de honor y respeto hacia el&#8221;.<\/p>\n<p>&nbsp;<\/p>\n<pre>El 8 de abril hubiera cumplido a\u00f1os.\n<img loading=\"lazy\" decoding=\"async\" class=\"alignleft size-full wp-image-29202\" src=\"https:\/\/revistaepocadigital.com.ar\/wp-content\/uploads\/2025\/04\/mirande-pdt.jpg\" alt=\"\" width=\"412\" height=\"492\" srcset=\"https:\/\/revistaepocadigital.com.ar\/wp-content\/uploads\/2025\/04\/mirande-pdt.jpg 412w, https:\/\/revistaepocadigital.com.ar\/wp-content\/uploads\/2025\/04\/mirande-pdt-251x300.jpg 251w, https:\/\/revistaepocadigital.com.ar\/wp-content\/uploads\/2025\/04\/mirande-pdt-352x420.jpg 352w\" sizes=\"auto, (max-width: 412px) 100vw, 412px\" \/><\/pre>\n<div class=\"post-content\"><\/div>\n<div class=\"post-meta\">\n<div class=\"post-tags\">\n<p>&nbsp;<\/p>\n<p>&nbsp;<\/p>\n<p>&nbsp;<\/p>\n<p>&nbsp;<\/p>\n<p>&nbsp;<\/p>\n<p>&nbsp;<\/p>\n<p>&nbsp;<\/p>\n<p>&nbsp;<\/p>\n<p>&nbsp;<\/p>\n<p>&nbsp;<\/p>\n<p>La emoci\u00f3n perdur\u00f3, y el acto culmin\u00f3 con el grito de &#8220;Pelota de Trapo!&#8221; de toda la concurrencia. <strong>\u00a1Gracias Coco!<\/strong><\/p>\n<\/div>\n<\/div>\n<p>&nbsp;<\/p>\n","protected":false},"excerpt":{"rendered":"<p>UN HOMBRE, UN VECINO, UN APASIONADO POR EL F\u00daTBOL Y POR ENSE\u00d1AR A JUGAR A CHICOS. CRE\u00d3 LA ESCUELA &#8220;PELOTA DE TRAPO&#8221;, LA GENTE LO HOMENAJ\u00c9O A UN A\u00d1O DE SU FALLECIMIENTO.<\/p>\n","protected":false},"author":4,"featured_media":29197,"comment_status":"open","ping_status":"open","sticky":false,"template":"","format":"standard","meta":{"footnotes":"","jetpack_publicize_message":"","jetpack_publicize_feature_enabled":true,"jetpack_social_post_already_shared":true,"jetpack_social_options":{"image_generator_settings":{"template":"highway","default_image_id":0,"font":"","enabled":false},"version":2}},"categories":[13],"tags":[3137,605],"class_list":["post-29120","post","type-post","status-publish","format-standard","has-post-thumbnail","hentry","category-interes-general","tag-coco-mirandeborde","tag-homenaje"],"jetpack_publicize_connections":[],"jetpack_featured_media_url":"https:\/\/revistaepocadigital.com.ar\/wp-content\/uploads\/2025\/04\/Mirandeborde.jpg","jetpack_likes_enabled":true,"_links":{"self":[{"href":"https:\/\/revistaepocadigital.com.ar\/index.php?rest_route=\/wp\/v2\/posts\/29120","targetHints":{"allow":["GET"]}}],"collection":[{"href":"https:\/\/revistaepocadigital.com.ar\/index.php?rest_route=\/wp\/v2\/posts"}],"about":[{"href":"https:\/\/revistaepocadigital.com.ar\/index.php?rest_route=\/wp\/v2\/types\/post"}],"author":[{"embeddable":true,"href":"https:\/\/revistaepocadigital.com.ar\/index.php?rest_route=\/wp\/v2\/users\/4"}],"replies":[{"embeddable":true,"href":"https:\/\/revistaepocadigital.com.ar\/index.php?rest_route=%2Fwp%2Fv2%2Fcomments&post=29120"}],"version-history":[{"count":0,"href":"https:\/\/revistaepocadigital.com.ar\/index.php?rest_route=\/wp\/v2\/posts\/29120\/revisions"}],"wp:featuredmedia":[{"embeddable":true,"href":"https:\/\/revistaepocadigital.com.ar\/index.php?rest_route=\/wp\/v2\/media\/29197"}],"wp:attachment":[{"href":"https:\/\/revistaepocadigital.com.ar\/index.php?rest_route=%2Fwp%2Fv2%2Fmedia&parent=29120"}],"wp:term":[{"taxonomy":"category","embeddable":true,"href":"https:\/\/revistaepocadigital.com.ar\/index.php?rest_route=%2Fwp%2Fv2%2Fcategories&post=29120"},{"taxonomy":"post_tag","embeddable":true,"href":"https:\/\/revistaepocadigital.com.ar\/index.php?rest_route=%2Fwp%2Fv2%2Ftags&post=29120"}],"curies":[{"name":"wp","href":"https:\/\/api.w.org\/{rel}","templated":true}]}}