{"id":29149,"date":"2025-04-14T01:21:08","date_gmt":"2025-04-14T04:21:08","guid":{"rendered":"https:\/\/revistaepocadigital.com.ar\/?p=29149"},"modified":"2025-04-14T01:22:48","modified_gmt":"2025-04-14T04:22:48","slug":"chau-cepo-que-pasara-con-el-dolar","status":"publish","type":"post","link":"https:\/\/revistaepocadigital.com.ar\/?p=29149","title":{"rendered":"\u00a1CHAU CEPO! \u00bfQUE PASA CON EL D\u00d3LAR AHORA?"},"content":{"rendered":"<header class=\"article-header-wrapper\">\n<div class=\"article-header\">\n<h1 id=\"fin-del-cepo:-que-va-a-pasar-con-el-dolar-ahorro-el-dolar-turista-y-las-compras-con-tarjeta\" class=\"display-block article-headline text_align_left\">Fin. Y el d\u00f3lar ahorro, d\u00f3lar turista y compras con tarjeta. <!--more--><\/h1>\n<h5 class=\"article-subheadline text_align_left\">El Banco Central elimin\u00f3 los l\u00edmites de compra y simplific\u00f3 el acceso al mercado oficial. Para el turismo, sin embargo, se mantiene un recargo impositivo. Nota publicada en Infobae.com<\/h5>\n<div class=\"display_flex align_items_center flex_row byline\">\n<div class=\"display_flex byline-image-ctn\">\n<div class=\"author-image-header\">\n<div class=\"\"><picture><source srcset=\"https:\/\/www.infobae.com\/resizer\/v2\/https%3A%2F%2Fs3.amazonaws.com%2Farc-authors%2Finfobae%2F978f1a1b-270d-41dd-bd07-a041a92e6af5.png?auth=94b811770f87bfe274f96b3f898da0e3db577af1104e69d0f79cf498e7a5d025&amp;smart=true&amp;width=40&amp;height=40&amp;quality=85\" media=\"(min-width: 80px)\" \/><img loading=\"lazy\" decoding=\"async\" class=\"global-image byline-author-image\" src=\"https:\/\/www.infobae.com\/resizer\/v2\/https%3A%2F%2Fs3.amazonaws.com%2Farc-authors%2Finfobae%2F978f1a1b-270d-41dd-bd07-a041a92e6af5.png?auth=94b811770f87bfe274f96b3f898da0e3db577af1104e69d0f79cf498e7a5d025&amp;smart=true&amp;width=40&amp;height=40&amp;quality=85\" alt=\"Mat\u00edas Barber\u00eda\" width=\"1\" height=\"1\" \/><\/picture><\/div>\n<\/div>\n<\/div>\n<\/div>\n<\/div>\n<\/header>\n<article class=\"article\">\n<div class=\"sharebar-container display_flex\">\n<div class=\"sharebar-buttons-container display_flex\">\n<div class=\"sharebar-buttons-separator\"><\/div>\n<\/div>\n<\/div>\n<div class=\"body-article \">\n<div class=\"visual__image\"><picture><source srcset=\"https:\/\/www.infobae.com\/resizer\/v2\/ZBKWSR2HAJH3FJWKJU35IAMESM.jpg?auth=335c4fbebd543091bff38fee52787b0c944a8f547188f630e81f1df5651f59de&amp;smart=true&amp;width=992&amp;height=558&amp;quality=85\" media=\"(min-width: 1000px)\" \/><source srcset=\"https:\/\/www.infobae.com\/resizer\/v2\/ZBKWSR2HAJH3FJWKJU35IAMESM.jpg?auth=335c4fbebd543091bff38fee52787b0c944a8f547188f630e81f1df5651f59de&amp;smart=true&amp;width=768&amp;height=432&amp;quality=85\" media=\"(min-width: 768px)\" \/><source srcset=\"https:\/\/www.infobae.com\/resizer\/v2\/ZBKWSR2HAJH3FJWKJU35IAMESM.jpg?auth=335c4fbebd543091bff38fee52787b0c944a8f547188f630e81f1df5651f59de&amp;smart=true&amp;width=577&amp;height=325&amp;quality=85\" media=\"(min-width: 580px)\" \/><source srcset=\"https:\/\/www.infobae.com\/resizer\/v2\/ZBKWSR2HAJH3FJWKJU35IAMESM.jpg?auth=335c4fbebd543091bff38fee52787b0c944a8f547188f630e81f1df5651f59de&amp;smart=true&amp;width=420&amp;height=236&amp;quality=85\" media=\"(min-width: 350px)\" \/><source srcset=\"https:\/\/www.infobae.com\/resizer\/v2\/ZBKWSR2HAJH3FJWKJU35IAMESM.jpg?auth=335c4fbebd543091bff38fee52787b0c944a8f547188f630e81f1df5651f59de&amp;smart=true&amp;width=350&amp;height=197&amp;quality=85\" media=\"(min-width: 80px)\" \/><img loading=\"lazy\" decoding=\"async\" class=\"global-image\" src=\"https:\/\/www.infobae.com\/resizer\/v2\/ZBKWSR2HAJH3FJWKJU35IAMESM.jpg?auth=335c4fbebd543091bff38fee52787b0c944a8f547188f630e81f1df5651f59de&amp;smart=true&amp;width=350&amp;height=197&amp;quality=85\" alt=\"El d\u00f3lar oficial va a\" width=\"1000\" height=\"562\" \/><\/picture>El d\u00f3lar oficial va a empezar a moverse dentro de una banda de $1.000 a $1.400 desde el lunes, con actualizaciones mensuales del 1% tanto al piso como al techo (Foto: Shutterstock)<\/div>\n<p class=\"paragraph\">El\u00a0<b>Ministerio de Econom\u00eda<\/b>\u00a0y el\u00a0<b>Banco Central de la Rep\u00fablica Argentina (BCRA)<\/b> anunciaron (11-4-2025)<a href=\"https:\/\/www.infobae.com\/economia\/2025\/04\/11\/el-banco-central-anuncio-el-nuevo-plan-economico-levantaron-el-cepo-cambiario-y-el-dolar-flotara-entre-1000-y-1400\/\" target=\"_blank\" rel=\"noopener noreferrer\">\u00a0<span style=\"color: #000000;\">el\u00a0<\/span><b><span style=\"color: #000000;\">fin del cepo cambiario para personas humanas<\/span><\/b><\/a>, en el marco del inicio de la\u00a0<b>Fase 3 del programa econ\u00f3mico<\/b>\u00a0iniciado en diciembre de 2023. La medida supone un\u00a0<b>cambio estructural<\/b>\u00a0en las condiciones de acceso al\u00a0<b>d\u00f3lar oficial<\/b>\u00a0y modifica las reglas vigentes para el ahorro, las compras de divisas, el pago con tarjeta y el uso del mercado libre de cambios (MLC). En los hechos, siguen trabas cambiarias en pie pero operan para los stocks, no para los flujos. Y el cambio es de relevancia para personas humanas.<\/p>\n<div class=\"headline-wrapper\">\n<h2 class=\"header headline-class-h2\">Qu\u00e9 cambia desde este lunes<\/h2>\n<\/div>\n<p class=\"paragraph\">Desde el lunes 14 de abril, las personas f\u00edsicas van a poder\u00a0<b>comprar d\u00f3lares para atesoramiento sin tope mensual<\/b>, sin las restricciones que exist\u00edan hasta ahora y sin las condiciones que vinculaban el acceso al tipo de cambio oficial con otras situaciones personales.<\/p>\n<div class=\"inline ad-wrapper\">\n<div class=\"dfpAd ad-inline\">\n<div id=\"infobae\/economia\/nota\/inline\" class=\"infobae\/economia\/nota\/inline arcad\">Esto significa que:<\/div>\n<\/div>\n<\/div>\n<ul class=\"list\" data-icon=\"\u2b24\">\n<li data-icon=\"\u2b24\"><b>Desaparece el l\u00edmite de 200 d\u00f3lares mensuales<\/b>\u00a0para la compra de d\u00f3lares en bancos o casas de cambio.<\/li>\n<li data-icon=\"\u2b24\"><b>Ya no rige la prohibici\u00f3n para beneficiarios de subsidios<\/b>, asistentes a programas sociales o empleados p\u00fablicos.<\/li>\n<li data-icon=\"\u2b24\"><b>No se aplican m\u00e1s las restricciones cruzadas<\/b>\u00a0que imped\u00edan operar en el MULC (Mercado \u00danico y Libre de Cambios) si se hab\u00eda comprado d\u00f3lar MEP o contado con liquidaci\u00f3n (CCL) en los 90 d\u00edas anteriores.<\/li>\n<li data-icon=\"\u2b24\"><b>Se elimina la percepci\u00f3n impositiva<\/b>\u00a0sobre la compra de moneda extranjera, excepto en dos casos.<\/li>\n<\/ul>\n<div class=\"visual__image\"><span style=\"color: #111111; font-family: Roboto, sans-serif; font-size: 27px;\">Excepciones que van a seguir pagando 30% extra<\/span><\/div>\n<p class=\"paragraph\">Seg\u00fan el comunicado oficial,\u00a0<b>se mantiene la percepci\u00f3n impositiva<\/b>\u00a0vigente para:<\/p>\n<ul class=\"list\" data-icon=\"\u2b24\">\n<li data-icon=\"\u2b24\"><b>Turismo en el exterior<\/b>\u00a0(pasajes, hoteles, servicios tur\u00edsticos).<\/li>\n<li data-icon=\"\u2b24\"><b>Gastos con tarjeta de cr\u00e9dito fuera del pa\u00eds<\/b>.<\/li>\n<\/ul>\n<div class=\"inline_2_DSK ad-wrapper ad-desktop\">\n<div class=\"dfpAd ad-inline\">\n<div id=\"infobae\/economia\/nota\/inline_2_DSK\" class=\"infobae\/economia\/nota\/inline_2_DSK arcad\"><\/div>\n<\/div>\n<\/div>\n<p class=\"paragraph\">El documento establece que\u00a0<b>ARCA va a seguir cobrando esa percepci\u00f3n solamente para estas dos situaciones<\/b>. De este modo, la compra de d\u00f3lares para atesoramiento, inversi\u00f3n o transferencia no tendr\u00e1 impuestos adicionales, pero los consumos relacionados con turismo seguir\u00e1n teniendo un recargo.<\/p>\n<div class=\"headline-wrapper\">\n<h2 class=\"header headline-class-h2\">Cu\u00e1l va a ser el precio del d\u00f3lar<\/h2>\n<\/div>\n<p class=\"paragraph\">El precio del d\u00f3lar oficial va a depender, desde el lunes, de un nuevo esquema:\u00a0<b>el r\u00e9gimen de bandas de flotaci\u00f3n<\/b>\u00a0anunciado por el BCRA.<\/p>\n<p class=\"paragraph\">Este esquema permite que el\u00a0<b>tipo de cambio oficial mayorista fluct\u00fae libremente<\/b>\u00a0dentro de una franja que va de\u00a0<b>$1.000 a $1.400 por d\u00f3lar<\/b>, con una actualizaci\u00f3n mensual del 1% en cada extremo.<\/p>\n<p class=\"paragraph\">Actualmente, el\u00a0<b>D\u00f3lar Banco Naci\u00f3n<\/b>\u00a0cotiza a\u00a0<b>$1.097,50<\/b>. A partir del lunes, va a empezar a moverse siguiendo la din\u00e1mica del\u00a0<b>d\u00f3lar mayorista<\/b>\u00a0dentro del rango establecido.<\/p>\n<p class=\"paragraph\">Entonces:<\/p>\n<ul class=\"list\" data-icon=\"\u2b24\">\n<li data-icon=\"\u2b24\">El d\u00f3lar oficial va a tener\u00a0<b>un precio variable<\/b>\u00a0dentro de las bandas, dependiendo de la oferta y la demanda.<\/li>\n<li data-icon=\"\u2b24\">Si el programa tiene \u00e9xito, en momentos de mayor presi\u00f3n, puede acercarse al techo de la banda.<\/li>\n<li data-icon=\"\u2b24\">En per\u00edodos de mayor calma, puede operar cerca del piso.<\/li>\n<li data-icon=\"\u2b24\"><b>No hay un valor fijo del d\u00f3lar ahorro o turista<\/b>, porque van a depender de cu\u00e1nto valga el d\u00f3lar oficial ese d\u00eda.<\/li>\n<\/ul>\n<p class=\"paragraph\">Voceros del BCRA aclararon a\u00a0<b>Infobae\u00a0<\/b>que<b>\u00a0la percepci\u00f3n se va a poder seguir evitando si se cancelan los vencimientos de tarjeta de cr\u00e9dito con d\u00f3lares en lugar de pesos<\/b>. As\u00ed, el 30% de percepci\u00f3n va a pesar de inmediato sobre compras con d\u00e9bito, mientras que el pago del mismo en el caso de consumos con tarjetas va a ser una decisi\u00f3n del usuario. Aunque, claro, en este segundo caso la volatilidad del d\u00f3lar dentro de las bandas va a pasar a ser un factor.<\/p>\n<div class=\"visual__image\"><picture><source srcset=\"https:\/\/www.infobae.com\/resizer\/v2\/DBNIF3LUFVGYRBO6DEZ63LZF7A.jpg?auth=4a621d978a1f577cd9f930776eda948057c532c859f29c518e801c3b1d0d9a37&amp;smart=true&amp;width=992&amp;height=558&amp;quality=85\" media=\"(min-width: 1000px)\" \/><source srcset=\"https:\/\/www.infobae.com\/resizer\/v2\/DBNIF3LUFVGYRBO6DEZ63LZF7A.jpg?auth=4a621d978a1f577cd9f930776eda948057c532c859f29c518e801c3b1d0d9a37&amp;smart=true&amp;width=768&amp;height=432&amp;quality=85\" media=\"(min-width: 768px)\" \/><source srcset=\"https:\/\/www.infobae.com\/resizer\/v2\/DBNIF3LUFVGYRBO6DEZ63LZF7A.jpg?auth=4a621d978a1f577cd9f930776eda948057c532c859f29c518e801c3b1d0d9a37&amp;smart=true&amp;width=577&amp;height=325&amp;quality=85\" media=\"(min-width: 580px)\" \/><source srcset=\"https:\/\/www.infobae.com\/resizer\/v2\/DBNIF3LUFVGYRBO6DEZ63LZF7A.jpg?auth=4a621d978a1f577cd9f930776eda948057c532c859f29c518e801c3b1d0d9a37&amp;smart=true&amp;width=420&amp;height=236&amp;quality=85\" media=\"(min-width: 350px)\" \/><source srcset=\"https:\/\/www.infobae.com\/resizer\/v2\/DBNIF3LUFVGYRBO6DEZ63LZF7A.jpg?auth=4a621d978a1f577cd9f930776eda948057c532c859f29c518e801c3b1d0d9a37&amp;smart=true&amp;width=350&amp;height=197&amp;quality=85\" media=\"(min-width: 80px)\" \/><img loading=\"lazy\" decoding=\"async\" class=\"global-image\" src=\"https:\/\/www.infobae.com\/resizer\/v2\/DBNIF3LUFVGYRBO6DEZ63LZF7A.jpg?auth=4a621d978a1f577cd9f930776eda948057c532c859f29c518e801c3b1d0d9a37&amp;smart=true&amp;width=350&amp;height=197&amp;quality=85\" alt=\"El ministro de Econom\u00eda, Luis\" width=\"1920\" height=\"1080\" \/><\/picture>El ministro de Econom\u00eda, Luis Caputo, y el presidente del Banco Central, Santiago Bausili<\/div>\n<div class=\"headline-wrapper\">\n<h2 class=\"header headline-class-h2\">C\u00f3mo se calcula el precio para turismo y tarjeta<\/h2>\n<\/div>\n<p class=\"paragraph\">Para el caso de\u00a0<b>compras con tarjeta en el exterior<\/b>\u00a0o\u00a0<b>consumos tur\u00edsticos<\/b>, el tipo de cambio aplicable no ser\u00e1 s\u00f3lo el oficial. A ese valor, habr\u00e1 que\u00a0<b>sumarle la percepci\u00f3n impositiva<\/b>\u00a0mencionada en el documento.<\/p>\n<p class=\"paragraph\">Por lo tanto, el esquema para esos casos ser\u00e1:<\/p>\n<p class=\"paragraph\"><code><i>Precio final en pesos = Precio del d\u00f3lar oficial del d\u00eda + Percepci\u00f3n impositiva (30%)<\/i><\/code><\/p>\n<div class=\"headline-wrapper\">\n<h2 class=\"header headline-class-h2\">Cu\u00e1les eran las restricciones eliminadas<\/h2>\n<\/div>\n<p class=\"paragraph\">El anuncio tambi\u00e9n detall\u00f3 todas las\u00a0<b>limitaciones que dejan de existir<\/b>\u00a0a partir del lunes para las personas humanas:<\/p>\n<ul class=\"list\" data-icon=\"\u2b24\">\n<li data-icon=\"\u2b24\"><b>Eliminaci\u00f3n total del l\u00edmite de USD 200 mensuales.<\/b><\/li>\n<li data-icon=\"\u2b24\"><b>Derogaci\u00f3n de la Comunicaci\u00f3n A 7340<\/b>, que imped\u00eda el acceso al MLC a quienes hubieran operado con t\u00edtulos en d\u00f3lares.<\/li>\n<li data-icon=\"\u2b24\"><b>Fin de la \u201crestricci\u00f3n cruzada\u201d<\/b>, que combinaba m\u00faltiples exclusiones en funci\u00f3n de antecedentes de operaciones.<\/li>\n<li data-icon=\"\u2b24\"><b>Fin de las limitaciones por subsidios o asistencia estatal.<\/b><\/li>\n<li data-icon=\"\u2b24\"><b>Fin del \u201cparking\u201d obligatorio<\/b>\u00a0(plazo m\u00ednimo de tenencia de valores negociables), establecido por la\u00a0<b>CNV (RG 959\/2023)<\/b>.<\/li>\n<\/ul>\n<div class=\"headline-wrapper\">\n<h2 class=\"header headline-class-h2\">El nuevo r\u00e9gimen cambiario<\/h2>\n<\/div>\n<p class=\"paragraph\">La intenci\u00f3n oficial es que sistema de bandas se regule as\u00ed:<\/p>\n<ul class=\"list\" data-icon=\"\u2b24\">\n<li data-icon=\"\u2b24\"><b>Piso de la banda ($1.000):<\/b>\u00a0Si el d\u00f3lar cae a ese nivel, el BCRA comprar\u00e1 d\u00f3lares para sostener el tipo de cambio y acumular reservas.<\/li>\n<li data-icon=\"\u2b24\"><b>Techo de la banda ($1.400):<\/b>\u00a0Si el d\u00f3lar sube hasta ese nivel, el BCRA vender\u00e1 d\u00f3lares para frenar la suba y absorber pesos.<\/li>\n<li data-icon=\"\u2b24\"><b>Dentro de la banda:<\/b>\u00a0El d\u00f3lar se mover\u00e1 libremente. El BCRA podr\u00e1 intervenir, pero siempre sin esterilizaci\u00f3n.<\/li>\n<li data-icon=\"\u2b24\"><b>Crawling del 1% mensual:\u00a0<\/b>el piso y techo de la banda no se mantendr\u00e1n estables en esos valores. Se mover\u00e1n a un ritmo consecuente con una suba del 1% mensual.<\/li>\n<\/ul>\n<div class=\"second-saved-buttons\">\n<div class=\"body-share-note\"><\/div>\n<\/div>\n<div class=\"article-tags-container\">\n<div class=\"display_flex align_items_center article-tags\"><\/div>\n<\/div>\n<\/div>\n<\/article>\n","protected":false},"excerpt":{"rendered":"<p>Fin. Y el d\u00f3lar ahorro, d\u00f3lar turista y compras con tarjeta.<\/p>\n","protected":false},"author":3,"featured_media":29150,"comment_status":"open","ping_status":"open","sticky":false,"template":"","format":"standard","meta":{"footnotes":"","jetpack_publicize_message":"","jetpack_publicize_feature_enabled":true,"jetpack_social_post_already_shared":true,"jetpack_social_options":{"image_generator_settings":{"template":"highway","default_image_id":0,"font":"","enabled":false},"version":2}},"categories":[13],"tags":[911,902],"class_list":["post-29149","post","type-post","status-publish","format-standard","has-post-thumbnail","hentry","category-interes-general","tag-cepo","tag-dolar"],"jetpack_publicize_connections":[],"jetpack_featured_media_url":"https:\/\/revistaepocadigital.com.ar\/wp-content\/uploads\/2025\/04\/dolarr.avif","jetpack_likes_enabled":true,"_links":{"self":[{"href":"https:\/\/revistaepocadigital.com.ar\/index.php?rest_route=\/wp\/v2\/posts\/29149","targetHints":{"allow":["GET"]}}],"collection":[{"href":"https:\/\/revistaepocadigital.com.ar\/index.php?rest_route=\/wp\/v2\/posts"}],"about":[{"href":"https:\/\/revistaepocadigital.com.ar\/index.php?rest_route=\/wp\/v2\/types\/post"}],"author":[{"embeddable":true,"href":"https:\/\/revistaepocadigital.com.ar\/index.php?rest_route=\/wp\/v2\/users\/3"}],"replies":[{"embeddable":true,"href":"https:\/\/revistaepocadigital.com.ar\/index.php?rest_route=%2Fwp%2Fv2%2Fcomments&post=29149"}],"version-history":[{"count":0,"href":"https:\/\/revistaepocadigital.com.ar\/index.php?rest_route=\/wp\/v2\/posts\/29149\/revisions"}],"wp:featuredmedia":[{"embeddable":true,"href":"https:\/\/revistaepocadigital.com.ar\/index.php?rest_route=\/wp\/v2\/media\/29150"}],"wp:attachment":[{"href":"https:\/\/revistaepocadigital.com.ar\/index.php?rest_route=%2Fwp%2Fv2%2Fmedia&parent=29149"}],"wp:term":[{"taxonomy":"category","embeddable":true,"href":"https:\/\/revistaepocadigital.com.ar\/index.php?rest_route=%2Fwp%2Fv2%2Fcategories&post=29149"},{"taxonomy":"post_tag","embeddable":true,"href":"https:\/\/revistaepocadigital.com.ar\/index.php?rest_route=%2Fwp%2Fv2%2Ftags&post=29149"}],"curies":[{"name":"wp","href":"https:\/\/api.w.org\/{rel}","templated":true}]}}