{"id":2915,"date":"2019-07-25T10:56:02","date_gmt":"2019-07-25T13:56:02","guid":{"rendered":"https:\/\/revistaepocadigital.com.ar\/?p=2915"},"modified":"2019-07-25T10:57:14","modified_gmt":"2019-07-25T13:57:14","slug":"a-que-edad-debo-llevar-a-mi-hijo-al-control-visual","status":"publish","type":"post","link":"https:\/\/revistaepocadigital.com.ar\/?p=2915","title":{"rendered":"\u00bfA qu\u00e9 edad debo llevar a mi hijo al control visual?"},"content":{"rendered":"<p><strong>SE TRATA DE CUIDAR SIEMPRE LA SALUD DE NUESTROS CHICOS.<\/strong><br \/>\n<!--more--><\/p>\n<p><em>&#8220;La pregunta inicial la escucho seguido en mi consultorio, y la respuesta es que el<strong> <u>PRIMER CONTROL VISUAL<\/u>\u00a0 DEL NI\u00d1O SE DEBE HACER <u>CUANDO NACE<\/u><\/strong>.<\/em><\/p>\n<p><em>Al nacer, la v\u00eda \u00f3ptica no est\u00e1 completamente madura, por lo que los primeros meses de vida son de fundamental importancia para tener una buena visi\u00f3n y binocularidad<\/em> (capacidad de integrar las im\u00e1genes de cada ojo para\u00a0 formar una sola)<em>. El ojo de un ni\u00f1o que no \u201caprende\u201d a ver desde chico, con seguridad va a tener trastornos visuales irreversibles en la adultez.<\/em><\/p>\n<p><em>El interrogatorio inicial es esencial para sospechar ciertas patolog\u00edas. Antecedentes familiares, antecedentes del embarazo, estado de salud de la madre durante el embarazo, semanas de gestaci\u00f3n, peso al nacer, administraci\u00f3n de ox\u00edgeno o tratamiento para ictericia <\/em>(l\u00e1mpara de fototerapia)<em>. Asimismo evaluar la actitud visual, el reflejo rojo, el reflejo corneal y el fondo de ojos con la pupila dilatada es imprescindible para todo ni\u00f1o. Vale aclarar que la vascularizaci\u00f3n de la retina se completa en el noveno mes de embarazo, por lo que la funci\u00f3n retinal no est\u00e1 madura en el ni\u00f1o que nace prematuro.<\/em><\/p>\n<p><em>A los seis meses los ni\u00f1os ya deben tener una correcta alineaci\u00f3n ocular que se detecta por el reflejo rojo, de los movimientos oculares conservados y una correcta fijaci\u00f3n y seguimiento de la mirada. El fondo de ojos se repite para descartar alteraciones intraoculares del desarrollo visual.<\/em><\/p>\n<p><em>Numerosas patolog\u00edas pueden interferir en un correcto desarrollo de la visi\u00f3n: errores refractivos, estrabismos, nistagmo que son movimientos anormales de los ojos, alteraciones corneales, catarata cong\u00e9nita, retinopat\u00eda del prematuro, alteraciones de la presi\u00f3n ocular, alteraciones del nervio \u00f3ptico, tumores, entre otras. Un control oftalmol\u00f3gico realizado a tiempo, da la oportunidad de revertir gran parte de dichos trastornos&#8221;.<\/em><\/p>\n<p>Por Dra Natalia Carlucci (m\u00e9dica oftalm\u00f3loga. MN 121.261).\u00a0 Whatsapp 11-6376-1721<\/p>\n","protected":false},"excerpt":{"rendered":"<p>SE TRATA DE CUIDAR SIEMPRE LA SALUD DE NUESTROS CHICOS.<\/p>\n","protected":false},"author":3,"featured_media":2917,"comment_status":"open","ping_status":"open","sticky":false,"template":"","format":"standard","meta":{"footnotes":"","jetpack_publicize_message":"","jetpack_publicize_feature_enabled":true,"jetpack_social_post_already_shared":false,"jetpack_social_options":{"image_generator_settings":{"template":"highway","default_image_id":0,"font":"","enabled":false},"version":2}},"categories":[14],"tags":[37,119],"class_list":["post-2915","post","type-post","status-publish","format-standard","has-post-thumbnail","hentry","category-la-gente","tag-destacada","tag-salud"],"jetpack_publicize_connections":[],"jetpack_featured_media_url":"https:\/\/revistaepocadigital.com.ar\/wp-content\/uploads\/2019\/07\/oftal.jpg","jetpack_likes_enabled":true,"_links":{"self":[{"href":"https:\/\/revistaepocadigital.com.ar\/index.php?rest_route=\/wp\/v2\/posts\/2915","targetHints":{"allow":["GET"]}}],"collection":[{"href":"https:\/\/revistaepocadigital.com.ar\/index.php?rest_route=\/wp\/v2\/posts"}],"about":[{"href":"https:\/\/revistaepocadigital.com.ar\/index.php?rest_route=\/wp\/v2\/types\/post"}],"author":[{"embeddable":true,"href":"https:\/\/revistaepocadigital.com.ar\/index.php?rest_route=\/wp\/v2\/users\/3"}],"replies":[{"embeddable":true,"href":"https:\/\/revistaepocadigital.com.ar\/index.php?rest_route=%2Fwp%2Fv2%2Fcomments&post=2915"}],"version-history":[{"count":0,"href":"https:\/\/revistaepocadigital.com.ar\/index.php?rest_route=\/wp\/v2\/posts\/2915\/revisions"}],"wp:featuredmedia":[{"embeddable":true,"href":"https:\/\/revistaepocadigital.com.ar\/index.php?rest_route=\/wp\/v2\/media\/2917"}],"wp:attachment":[{"href":"https:\/\/revistaepocadigital.com.ar\/index.php?rest_route=%2Fwp%2Fv2%2Fmedia&parent=2915"}],"wp:term":[{"taxonomy":"category","embeddable":true,"href":"https:\/\/revistaepocadigital.com.ar\/index.php?rest_route=%2Fwp%2Fv2%2Fcategories&post=2915"},{"taxonomy":"post_tag","embeddable":true,"href":"https:\/\/revistaepocadigital.com.ar\/index.php?rest_route=%2Fwp%2Fv2%2Ftags&post=2915"}],"curies":[{"name":"wp","href":"https:\/\/api.w.org\/{rel}","templated":true}]}}