{"id":29152,"date":"2025-04-12T00:40:19","date_gmt":"2025-04-12T03:40:19","guid":{"rendered":"https:\/\/revistaepocadigital.com.ar\/?p=29152"},"modified":"2025-04-12T00:40:19","modified_gmt":"2025-04-12T03:40:19","slug":"presidente-milei-eliminamos-el-cepo-para-siempre-y-la-argentina-va-a-recibir-32-mil-millones-de-dolares","status":"publish","type":"post","link":"https:\/\/revistaepocadigital.com.ar\/?p=29152","title":{"rendered":"PRESIDENTE MILEI: ELIMINAMOS EL CEPO PARA SIEMPRE Y LA ARGENTINA VA A RECIBIR 32 MIL MILLONES DE D\u00d3LARES"},"content":{"rendered":"<nav>\n<div>\n<div id=\"mastheadnavbar\" class=\"masthead-navbar \">\n<div id=\"siteheader\" class=\"site-header\">\n<div class=\"sectionnav-container\"><\/div>\n<\/div>\n<nav id=\"side-menu\" class=\"content side-menu\">\n<div class=\"dropdown\"><\/div>\n<\/nav>\n<\/div>\n<\/div>\n<\/nav>\n<div class=\"content-body\">\n<div class=\"span-body\">\n<section class=\"article-section page-container\">\n<header class=\"article-header-wrapper\">\n<div class=\"article-header\">\n<h4 id=\"javier-milei-dijo-que-la-argentina-recibira-usd-32-mil-millones-y-afirmo:-&quot;eliminamos-el-cepo-para-siempre&quot;\" class=\"display-block article-headline text_align_left\"><strong>ANUNCIO QUE IMPACT\u00d3.<!--more--><\/strong><\/h4>\n<h5 class=\"article-subheadline text_align_left\">El Presidente habl\u00f3 por cadena nacional tras el acuerdo con el FMI y anticip\u00f3 que tambi\u00e9n habr\u00e1 fondos del Banco Mundial, BID y un REPO del Banco Central. \u201cEs la primera vez en la historia que el FMI aprueba un programa para respaldar un plan que ya ha rendido sus frutos\u201d, sentenci\u00f3.<\/h5>\n<p>&#8220;Esta vez si es diferente&#8221;: Milei defendi\u00f3 la salida del cepo y el acuerdo con el FMI. Luego de los <span style=\"color: #000000;\"><a style=\"color: #000000;\" title=\"https:\/\/www.infobae.com\/economia\/2025\/04\/11\/el-banco-central-anuncio-el-nuevo-plan-economico-levantaron-el-cepo-cambiario-y-el-dolar-flotara-entre-1000-y-1400\/\" href=\"https:\/\/www.infobae.com\/economia\/2025\/04\/11\/el-banco-central-anuncio-el-nuevo-plan-economico-levantaron-el-cepo-cambiario-y-el-dolar-flotara-entre-1000-y-1400\/\" target=\"_blank\" rel=\"noopener noreferrer\">anuncios econ\u00f3micos de\u00a0<b>Luis Caputo<\/b><\/a><\/span>\u00a0y\u00a0<b>Santiago Bausili<\/b>\u00a0de que, entre otras cosas, este lunes se levantar\u00e1 el cepo cambiario,\u00a0<b>Javier Milei<\/b>\u00a0habl\u00f3 por cadena nacional junto a todo su Gabinete para dar un fuerte mensaje pol\u00edtico de celebraci\u00f3n y agradecer al Fondo Monetario Internacional y otros organismos por el respaldo econ\u00f3mico.<\/p>\n<\/div>\n<\/header>\n<article class=\"article\">\n<div class=\"body-article \">\n<p class=\"paragraph\"><b>El Presidente adelant\u00f3 que la Argentina recibir\u00e1, en total, 32 mil millones de d\u00f3lares y que las reservas del Banco Central llegar\u00e1n a los USD 50 mil millones.<\/b><\/p>\n<p class=\"paragraph\">\u201cEste programa, entre FMI, Banco Mundial, BID, y un REPO del Banco Central, asciende a USD 32 mil millones,\u00a0<b>de los cuales USD 19.600 ser\u00e1n desembolsados de modo inmediato.<\/b>\u00a0De esta manera, para mayo\u00a0<b>las reservas brutas del BCRA estar\u00e1n en torno a los USD 50 mil millones<\/b>. Con este nivel de reservas podemos respaldar todos los pesos existentes de nuestra econom\u00eda, brindando m\u00e1s seguridad monetaria a nuestros ciudadanos\u201d, afirm\u00f3.<\/p>\n<div class=\"visual__image\"><picture><source srcset=\"https:\/\/www.infobae.com\/resizer\/v2\/2OKXJ342JVGFZKYAOQK7QSQ3EI.jpg?auth=8ffa31500e697bcba651705a99c333b0ab6822f15b7974f5deed2f2674133a0d&amp;smart=true&amp;width=992&amp;height=661&amp;quality=85\" media=\"(min-width: 1000px)\" \/><source srcset=\"https:\/\/www.infobae.com\/resizer\/v2\/2OKXJ342JVGFZKYAOQK7QSQ3EI.jpg?auth=8ffa31500e697bcba651705a99c333b0ab6822f15b7974f5deed2f2674133a0d&amp;smart=true&amp;width=768&amp;height=512&amp;quality=85\" media=\"(min-width: 768px)\" \/><source srcset=\"https:\/\/www.infobae.com\/resizer\/v2\/2OKXJ342JVGFZKYAOQK7QSQ3EI.jpg?auth=8ffa31500e697bcba651705a99c333b0ab6822f15b7974f5deed2f2674133a0d&amp;smart=true&amp;width=577&amp;height=385&amp;quality=85\" media=\"(min-width: 580px)\" \/><source srcset=\"https:\/\/www.infobae.com\/resizer\/v2\/2OKXJ342JVGFZKYAOQK7QSQ3EI.jpg?auth=8ffa31500e697bcba651705a99c333b0ab6822f15b7974f5deed2f2674133a0d&amp;smart=true&amp;width=420&amp;height=280&amp;quality=85\" media=\"(min-width: 350px)\" \/><source srcset=\"https:\/\/www.infobae.com\/resizer\/v2\/2OKXJ342JVGFZKYAOQK7QSQ3EI.jpg?auth=8ffa31500e697bcba651705a99c333b0ab6822f15b7974f5deed2f2674133a0d&amp;smart=true&amp;width=350&amp;height=233&amp;quality=85\" media=\"(min-width: 80px)\" \/><img loading=\"lazy\" decoding=\"async\" class=\"global-image\" src=\"https:\/\/www.infobae.com\/resizer\/v2\/2OKXJ342JVGFZKYAOQK7QSQ3EI.jpg?auth=8ffa31500e697bcba651705a99c333b0ab6822f15b7974f5deed2f2674133a0d&amp;smart=true&amp;width=350&amp;height=233&amp;quality=85\" alt=\"Javier Milei habl\u00f3 por cadena\" width=\"1920\" height=\"1251\" \/><\/picture>Javier Milei habl\u00f3 por cadena nacional acompa\u00f1ado de su Gabinete (Cr\u00e9dito: X @OPRArgentina)<\/div>\n<p class=\"paragraph\">Y agreg\u00f3: \u201cEs la primera vez en la historia que el FMI aprueba un programa para respaldar un plan que ya ha rendido sus frutos\u201d. Al respecto, el mandatario record\u00f3 que \u201cno solo pusimos las cuentas fiscales en orden en tiempo r\u00e9cord, sino que la totalidad del ajuste recay\u00f3 sobre el estado y no sobre los argentinos de bien\u201d.<\/p>\n<div class=\"inline_2_DSK ad-wrapper ad-desktop\">\n<div class=\"dfpAd ad-inline\">\n<div id=\"infobae\/politica\/nota\/inline_2_DSK\" class=\"infobae\/politica\/nota\/inline_2_DSK arcad\"><\/div>\n<\/div>\n<\/div>\n<p class=\"paragraph\">\u201c<b>El ajuste fiscal llevado a cabo nos aseguraba un piso de crecimiento de un 4,5 porciento\u00a0<\/b>a lo cual deber\u00edamos sumarle las reformas estructurales implementadas en el DNU 70, la Ley Bases y las desregulaciones realizadas por el ministerio, que asciende a mas de 1700 reformas estructurales en el corto plazo\u201d, record\u00f3 Milei.<\/p>\n<p class=\"paragraph\">De ese modo, afirm\u00f3 que a partir del acuerdo logrado \u201cla econom\u00eda seguir\u00e1 creciendo por la recomposici\u00f3n del stock de las empresas, adem\u00e1s la ca\u00edda de la inflaci\u00f3n ha revalorizado el nivel de compra de todos los ciudadanos, a su vez volvi\u00f3 el cr\u00e9dito privado y estamos viendo un boom sostenido de cr\u00e9ditos hipotecarios hace mas de un a\u00f1o\u201d.<\/p>\n<div class=\"visual__image\"><picture><source srcset=\"https:\/\/www.infobae.com\/resizer\/v2\/NWGTCLO52VF6RJR64AWXNIJIXI.png?auth=a3e0fafe6c34e5238171b4432cb55679d5adda42a651587cccb4a296e3e07a2b&amp;smart=true&amp;width=992&amp;height=558&amp;quality=85\" media=\"(min-width: 1000px)\" \/><source srcset=\"https:\/\/www.infobae.com\/resizer\/v2\/NWGTCLO52VF6RJR64AWXNIJIXI.png?auth=a3e0fafe6c34e5238171b4432cb55679d5adda42a651587cccb4a296e3e07a2b&amp;smart=true&amp;width=768&amp;height=432&amp;quality=85\" media=\"(min-width: 768px)\" \/><source srcset=\"https:\/\/www.infobae.com\/resizer\/v2\/NWGTCLO52VF6RJR64AWXNIJIXI.png?auth=a3e0fafe6c34e5238171b4432cb55679d5adda42a651587cccb4a296e3e07a2b&amp;smart=true&amp;width=577&amp;height=325&amp;quality=85\" media=\"(min-width: 580px)\" \/><source srcset=\"https:\/\/www.infobae.com\/resizer\/v2\/NWGTCLO52VF6RJR64AWXNIJIXI.png?auth=a3e0fafe6c34e5238171b4432cb55679d5adda42a651587cccb4a296e3e07a2b&amp;smart=true&amp;width=420&amp;height=236&amp;quality=85\" media=\"(min-width: 350px)\" \/><source srcset=\"https:\/\/www.infobae.com\/resizer\/v2\/NWGTCLO52VF6RJR64AWXNIJIXI.png?auth=a3e0fafe6c34e5238171b4432cb55679d5adda42a651587cccb4a296e3e07a2b&amp;smart=true&amp;width=350&amp;height=197&amp;quality=85\" media=\"(min-width: 80px)\" \/><img loading=\"lazy\" decoding=\"async\" class=\"global-image\" src=\"https:\/\/www.infobae.com\/resizer\/v2\/NWGTCLO52VF6RJR64AWXNIJIXI.png?auth=a3e0fafe6c34e5238171b4432cb55679d5adda42a651587cccb4a296e3e07a2b&amp;smart=true&amp;width=350&amp;height=197&amp;quality=85\" alt=\"Milei adelant\u00f3 que recibir\u00e1, en\" width=\"1920\" height=\"1080\" \/><\/picture><\/div>\n<p class=\"paragraph\">En cuanto a las perspectivas a futuro, Milei remarc\u00f3 que \u201cen el largo plazo crecemos m\u00e1s porque nuestro objetivo es convertirnos en el pa\u00eds mas libre del mundo,\u00a0<b>seguiremos reduciendo la carga impositivo total<\/b>\u00a0ya sea por la eliminaci\u00f3n del impuesto inflacionario o la reducci\u00f3n de impuestos directos que estamos encarando de la mano del super\u00e1vit fiscal\u201d.<\/p>\n<p class=\"paragraph\">As\u00ed, tras el acuerdo con el FMI, el presidente remarc\u00f3 que el pa\u00eds mantendr\u00e1 un crecimiento sostenido en el tiempo debido a que se espera una mayor inversi\u00f3n en distintas \u00e1reas. Durante la conferencia avizor\u00f3 una mayor \u201c<b>inversi\u00f3n extranjera dado que uno s\u00f3lo invierte cuando puede disponer de los frutos de su inversi\u00f3n<\/b>\u00a0como quiera, ser\u00e1 un nuevo motor de crecimiento\u201d, expres\u00f3.<\/p>\n<p class=\"paragraph\">Y record\u00f3 que durante los \u00faltimos 15 a\u00f1os Argentina \u201cle puso un cepo a la inversi\u00f3n y abri\u00f3 la canilla de la emisi\u00f3n moneteria, nosotros hicimos lo contrario. Por todos estos motivos,<b>\u00a0la recuperaci\u00f3n que vimos hace meses acelerara y se transforma en un crecimiento sostenido<\/b>. En estas condiciones Argentina ser\u00e1 el pa\u00eds de mayor crecimiento econ\u00f3mico de los \u00faltimos 3 a\u00f1os, y en vez de hablar de crecimiento a tasas chinas ser\u00e1 a tasas argentinas\u201d.<\/p>\n<div class=\"jwplayer-ctn\">\n<div>\n<div id=\"4LJSKIWXEVFHXKF66H2VSAFXLA-custom_embed12\" class=\"jwplayer jw-reset jw-state-idle jw-stretch-uniform jw-flag-aspect-mode jw-floating-dismissible jw-keep-thumbnail jw-breakpoint-5 jw-flag-user-inactive\" tabindex=\"0\" role=\"application\" aria-label=\"Video Player - Javier Milei asegur\u00f3 que continuar\u00e1 con el ajuste fiscal, tras cerrar el acuerdo con el FMI\" aria-describedby=\"jw-4LJSKIWXEVFHXKF66H2VSAFXLA-custom_embed12-shortcuts-tooltip-explanation\">\n<div class=\"jw-wrapper jw-reset\">\n<div class=\"jw-controls jw-reset\">\n<div class=\"jw-nextup-container jw-reset\">\n<div class=\"jw-nextup jw-background-color jw-reset jw-nextup-thumbnail-visible\">\n<div class=\"jw-nextup-tooltip jw-reset\">\n<div class=\"jw-nextup-thumbnail jw-reset\"><\/div>\n<\/div>\n<\/div>\n<\/div>\n<\/div>\n<\/div>\n<div class=\"afs_ads ad-placement\"><\/div>\n<\/div>\n<\/div>\n<p>El Presidente habl\u00f3 en cadena nacional luego de que el ministro de Econom\u00eda anunciara el fin del cepo y un nuevo acuerdo con el FMI.\u00a0Como parte del crecimiento econ\u00f3mico, Milei tambi\u00e9n garantiz\u00f3 la baja en el \u00edndice de inflaci\u00f3n y consider\u00f3 que todos los cambios suceder\u00e1n en un mediano plazo. \u201cEsto no ocurrir\u00e1 de la noche a la ma\u00f1ana, nada valioso en la vida funciona as\u00ed, pero si poco a poco y con la certeza de que en el frente externo e interno tenemos los deberes hechos para mitigar cualquier tipo de volatilidad,<b>\u00a0en el mediano plazo dado los fundamentos del programa la inflaci\u00f3n no tiene otro destino que colapsar<\/b>\u00a0porque no volver\u00e1 a haber emisi\u00f3n de peso sin respaldo, la inflaci\u00f3n va a colapsar pese a los intentos de generar inestabilidad de quienes quieren detener el cambio&#8221;, asegur\u00f3.<\/div>\n<div class=\"visual__image\"><picture><source srcset=\"https:\/\/www.infobae.com\/resizer\/v2\/TGCP76NQFRHGDGINCMFGNQ7U7U.png?auth=d73482791a21aa8f4b28f81a2a2285607c77ea5140155a1a0cf69cd4b312b240&amp;smart=true&amp;width=992&amp;height=558&amp;quality=85\" media=\"(min-width: 1000px)\" \/><source srcset=\"https:\/\/www.infobae.com\/resizer\/v2\/TGCP76NQFRHGDGINCMFGNQ7U7U.png?auth=d73482791a21aa8f4b28f81a2a2285607c77ea5140155a1a0cf69cd4b312b240&amp;smart=true&amp;width=768&amp;height=432&amp;quality=85\" media=\"(min-width: 768px)\" \/><source srcset=\"https:\/\/www.infobae.com\/resizer\/v2\/TGCP76NQFRHGDGINCMFGNQ7U7U.png?auth=d73482791a21aa8f4b28f81a2a2285607c77ea5140155a1a0cf69cd4b312b240&amp;smart=true&amp;width=577&amp;height=325&amp;quality=85\" media=\"(min-width: 580px)\" \/><source srcset=\"https:\/\/www.infobae.com\/resizer\/v2\/TGCP76NQFRHGDGINCMFGNQ7U7U.png?auth=d73482791a21aa8f4b28f81a2a2285607c77ea5140155a1a0cf69cd4b312b240&amp;smart=true&amp;width=420&amp;height=236&amp;quality=85\" media=\"(min-width: 350px)\" \/><source srcset=\"https:\/\/www.infobae.com\/resizer\/v2\/TGCP76NQFRHGDGINCMFGNQ7U7U.png?auth=d73482791a21aa8f4b28f81a2a2285607c77ea5140155a1a0cf69cd4b312b240&amp;smart=true&amp;width=350&amp;height=197&amp;quality=85\" media=\"(min-width: 80px)\" \/><\/picture><\/div>\n<div><\/div>\n<div class=\"visual__image\">El presidente afirm\u00f3 que &#8220;la inflaci\u00f3n no tiene otro destino que colapsar&#8221;<\/div>\n<p class=\"paragraph\">\u201cLos argentinos aprendimos a sacarle agua a las piedras con todos los factores macroecon\u00f3micos en contra. Por algo somos el pa\u00eds con m\u00e1s unicornios per c\u00e1pita en la regi\u00f3n, imaginen c\u00f3mo nos puede ir con el viento a nuestro favor\u201d, plante\u00f3 de manera optimista ante los cambios esperados a futuro.<\/p>\n<p class=\"paragraph\">Sobre el final de su discurso, Milei remarc\u00f3 que el crecimiento econ\u00f3mico impactar\u00e1 sobre todos los argentinos que se encuentran \u201cen todas las latitudes de la patria, creyentes y laicos, liberales, peronistas, radicales, del pro, no importa el partido o credo al que adhieran, no importa a quien votaron\u201d, expres\u00f3. Y sostuvo que \u201cdurante demasiado tiempo la Argentina fue injustamente castigada por una larga lista de decisiones por parte de una larga lista de pol\u00edticos que hicieron sentir chico a un pa\u00eds grande e hicieron sentir impotente a un pueblo noble, eso tambi\u00e9n se terminar\u00e1\u201d.<\/p>\n<p class=\"paragraph\">\u201cTodos los argentinos nos merecemos mucho m\u00e1s que eso y todos los argentinos tendremos lo que finalmente nos merecemos.\u00a0<b>Tendremos un pa\u00eds en el que salir adelante sea f\u00e1cil<\/b>\u00a0para el que hace las cosas bien, tendremos un pa\u00eds en el que con esfuerzo, trabajo o talento le alcance a cada uno para perseguir su proyecto de vida y comenzar\u00e1 una era dorada para todo aquel que quiera prosperar en suelo argentino, que pondr\u00e1 a la Argentina en la econom\u00eda global como ejemplo de libertad y prosperidad&#8221;.<\/p>\n<\/div>\n<\/article>\n<\/section>\n<\/div>\n<\/div>\n<p><!--more--><\/p>\n","protected":false},"excerpt":{"rendered":"<p>ANUNCIO QUE IMPACT\u00d3.<\/p>\n","protected":false},"author":3,"featured_media":29153,"comment_status":"open","ping_status":"open","sticky":false,"template":"","format":"standard","meta":{"footnotes":"","jetpack_publicize_message":"","jetpack_publicize_feature_enabled":true,"jetpack_social_post_already_shared":true,"jetpack_social_options":{"image_generator_settings":{"template":"highway","default_image_id":0,"font":"","enabled":false},"version":2}},"categories":[17],"tags":[2996,911,2278],"class_list":["post-29152","post","type-post","status-publish","format-standard","has-post-thumbnail","hentry","category-politica","tag-2996","tag-cepo","tag-milei"],"jetpack_publicize_connections":[],"jetpack_featured_media_url":"https:\/\/revistaepocadigital.com.ar\/wp-content\/uploads\/2025\/04\/MILEI-GABINETE.avif","jetpack_likes_enabled":true,"_links":{"self":[{"href":"https:\/\/revistaepocadigital.com.ar\/index.php?rest_route=\/wp\/v2\/posts\/29152","targetHints":{"allow":["GET"]}}],"collection":[{"href":"https:\/\/revistaepocadigital.com.ar\/index.php?rest_route=\/wp\/v2\/posts"}],"about":[{"href":"https:\/\/revistaepocadigital.com.ar\/index.php?rest_route=\/wp\/v2\/types\/post"}],"author":[{"embeddable":true,"href":"https:\/\/revistaepocadigital.com.ar\/index.php?rest_route=\/wp\/v2\/users\/3"}],"replies":[{"embeddable":true,"href":"https:\/\/revistaepocadigital.com.ar\/index.php?rest_route=%2Fwp%2Fv2%2Fcomments&post=29152"}],"version-history":[{"count":0,"href":"https:\/\/revistaepocadigital.com.ar\/index.php?rest_route=\/wp\/v2\/posts\/29152\/revisions"}],"wp:featuredmedia":[{"embeddable":true,"href":"https:\/\/revistaepocadigital.com.ar\/index.php?rest_route=\/wp\/v2\/media\/29153"}],"wp:attachment":[{"href":"https:\/\/revistaepocadigital.com.ar\/index.php?rest_route=%2Fwp%2Fv2%2Fmedia&parent=29152"}],"wp:term":[{"taxonomy":"category","embeddable":true,"href":"https:\/\/revistaepocadigital.com.ar\/index.php?rest_route=%2Fwp%2Fv2%2Fcategories&post=29152"},{"taxonomy":"post_tag","embeddable":true,"href":"https:\/\/revistaepocadigital.com.ar\/index.php?rest_route=%2Fwp%2Fv2%2Ftags&post=29152"}],"curies":[{"name":"wp","href":"https:\/\/api.w.org\/{rel}","templated":true}]}}